{"id":162497,"date":"2025-06-09T05:11:10","date_gmt":"2025-06-09T05:11:10","guid":{"rendered":"https:\/\/www.europesays.com\/fr\/162497\/"},"modified":"2025-06-09T05:11:10","modified_gmt":"2025-06-09T05:11:10","slug":"les-halles-essentielles-ouvrent-ce-mardi","status":"publish","type":"post","link":"https:\/\/www.europesays.com\/fr\/162497\/","title":{"rendered":"les Halles essentielles ouvrent ce mardi"},"content":{"rendered":"<p>\u00ab\u00a0On est plut\u00f4t tr\u00e8s confiants quant au succ\u00e8s du lieu, parce qu\u2019on a fait un \u00e9norme travail sur la d\u00e9coration et surtout parce qu\u2019on propose un concept totalement nouveau sur le secteur\u00a0\u00bb, sourit Pascal Noailly.<\/p>\n<p>D\u00e9j\u00e0 \u00e0 la t\u00eate du complexe automobile Paddock 42 \u00e0 Andr\u00e9zieux-Bouth\u00e9on, cet entrepreneur for\u00e9zien s\u2019est \u00e0 nouveau associ\u00e9 avec ses deux fils, Thibault et Quentin, pour cr\u00e9er les Halles essentielles, dans la zone de la Gouyonni\u00e8re \u00e0 La Fouillouse, juste \u00e0 c\u00f4t\u00e9 de Botanic. Un investissement de \u00ab\u00a0plus de 4\u00a0millions d\u2019euros\u00a0\u00bb, confie Pascal Noailly.<\/p>\n<p>Des halles o\u00f9 on&#8230;                <\/p>\n","protected":false},"excerpt":{"rendered":"\u00ab\u00a0On est plut\u00f4t tr\u00e8s confiants quant au succ\u00e8s du lieu, parce qu\u2019on a fait un \u00e9norme travail sur&hellip;\n","protected":false},"author":2,"featured_media":162498,"comment_status":"","ping_status":"","sticky":false,"template":"","format":"standard","meta":{"footnotes":""},"categories":[9653],"tags":[1111,11,2430,4406,33,7539,1777,674,1011,27,12296,12,25,4001,9664],"class_list":{"0":"post-162497","1":"post","2":"type-post","3":"status-publish","4":"format-standard","5":"has-post-thumbnail","7":"category-saint-etienne","8":"tag-actu","9":"tag-actualites","10":"tag-auvergne-rhone-alpes","11":"tag-commerce-et-services","12":"tag-economie","13":"tag-edition-loire-sud","14":"tag-eu","15":"tag-europe","16":"tag-fr","17":"tag-france","18":"tag-la-fouillouse","19":"tag-news","20":"tag-republique-francaise","21":"tag-saint-etienne","22":"tag-saint-etienne-bassin"},"share_on_mastodon":{"url":"https:\/\/pubeurope.com\/@fr\/114651691913179606","error":""},"_links":{"self":[{"href":"https:\/\/www.europesays.com\/fr\/wp-json\/wp\/v2\/posts\/162497","targetHints":{"allow":["GET"]}}],"collection":[{"href":"https:\/\/www.europesays.com\/fr\/wp-json\/wp\/v2\/posts"}],"about":[{"href":"https:\/\/www.europesays.com\/fr\/wp-json\/wp\/v2\/types\/post"}],"author":[{"embeddable":true,"href":"https:\/\/www.europesays.com\/fr\/wp-json\/wp\/v2\/users\/2"}],"replies":[{"embeddable":true,"href":"https:\/\/www.europesays.com\/fr\/wp-json\/wp\/v2\/comments?post=162497"}],"version-history":[{"count":0,"href":"https:\/\/www.europesays.com\/fr\/wp-json\/wp\/v2\/posts\/162497\/revisions"}],"wp:featuredmedia":[{"embeddable":true,"href":"https:\/\/www.europesays.com\/fr\/wp-json\/wp\/v2\/media\/162498"}],"wp:attachment":[{"href":"https:\/\/www.europesays.com\/fr\/wp-json\/wp\/v2\/media?parent=162497"}],"wp:term":[{"taxonomy":"category","embeddable":true,"href":"https:\/\/www.europesays.com\/fr\/wp-json\/wp\/v2\/categories?post=162497"},{"taxonomy":"post_tag","embeddable":true,"href":"https:\/\/www.europesays.com\/fr\/wp-json\/wp\/v2\/tags?post=162497"}],"curies":[{"name":"wp","href":"https:\/\/api.w.org\/{rel}","templated":true}]}}