{"id":162499,"date":"2025-06-09T05:13:31","date_gmt":"2025-06-09T05:13:31","guid":{"rendered":"https:\/\/www.europesays.com\/fr\/162499\/"},"modified":"2025-06-09T05:13:31","modified_gmt":"2025-06-09T05:13:31","slug":"un-homme-interpelle-apres-une-agression-homophobe-pendant-la-marche-des-fiertes-2","status":"publish","type":"post","link":"https:\/\/www.europesays.com\/fr\/162499\/","title":{"rendered":"un homme interpell\u00e9 apr\u00e8s une agression homophobe pendant la marche des fiert\u00e9s"},"content":{"rendered":"<p><img decoding=\"async\" class=\"caas-img caas-lazy has-preview\" src=\"https:\/\/www.europesays.com\/fr\/wp-content\/uploads\/2025\/06\/37eed9ca7f9edb17b8e7bde31f593c34.jpeg\"\/><\/p>\n<p>Un homme d&rsquo;une trentaine d&rsquo;ann\u00e9es suspect\u00e9 d&rsquo;insultes et de violences homophobes, <a href=\"https:\/\/rmc.bfmtv.com\/actualites\/societe\/marche-des-fiertes-de-paris-l-affiche-de-l-evenement-sous-le-feu-des-critiques-des-contresens-grossiers-selon-l-inter-lgbt_AN-202506050401.html\" rel=\"nofollow noopener\" target=\"_blank\" data-ylk=\"slk:en marge de la marche des fiert\u00e9s;elm:context_link;itc:0;sec:content-canvas\" class=\"link \">en marge de la marche des fiert\u00e9s<\/a> samedi \u00e0 Saint-Etienne, est en garde \u00e0 vue, a-t-on appris dimanche de sources polici\u00e8res.<\/p>\n<p>Alcoolis\u00e9, il s&rsquo;en serait d&rsquo;abord pris \u00e0 des femmes participant \u00e0 la marche en les agressant sexuellement. Il aurait ensuite port\u00e9 des coups et fait usage d&rsquo;une bombe lacrymog\u00e8ne \u00e0 l&rsquo;encontre d&rsquo;un agent de s\u00e9curit\u00e9 et aurait tenu des propos homophobes envers l&rsquo;organisateur de l&rsquo;\u00e9v\u00e9nement. Tous deux ont port\u00e9 plainte.<\/p>\n<p>Pas coop\u00e9ratif<\/p>\n<p>Le suspect ne s&rsquo;est pas arr\u00eat\u00e9 l\u00e0. Une troisi\u00e8me plainte \u00e9mane de policiers municipaux outrag\u00e9s et menac\u00e9s de mort lors de son interpellation, vers 21h, dans le centre-ville de Saint-Etienne, a pr\u00e9cis\u00e9 une autre source polici\u00e8re.<\/p>\n<p>Plac\u00e9 en garde \u00e0 vue dans le cadre d&rsquo;une enqu\u00eate ouverte pour \u00ab\u00a0insultes et violences \u00e0 caract\u00e8re homophobe\u00a0\u00bb, il ne s&rsquo;est \u00ab\u00a0pas montr\u00e9 coop\u00e9ratif avec la police nationale qui l&rsquo;a pris en charge, refusant de d\u00e9cliner son identit\u00e9 ainsi que le contr\u00f4le d&rsquo;alcool\u00e9mie qui lui \u00e9tait propos\u00e9\u00a0\u00bb, indique \u00e0 l&rsquo;AFP cette source polici\u00e8re.<\/p>\n<p>L&rsquo;enqu\u00eate pourra \u00eatre \u00e9largie \u00e0 des faits d&rsquo;agression sexuelle si les jeunes femmes d\u00e9posent plainte \u00e0 leur tour, pr\u00e9cise cette m\u00eame source. La marche des fiert\u00e9s a r\u00e9uni un millier de personnes \u00e0 Saint-Etienne selon la police.<\/p>\n<p>En 2024, <a href=\"https:\/\/www.interieur.gouv.fr\/Interstats\/Actualites\/Info-rapide-n-53-Legere-progression-des-infractions-anti-LGBT-enregistrees-par-les-services-de-securite\" rel=\"nofollow noopener\" target=\"_blank\" data-ylk=\"slk:selon le Service statistique minist\u00e9riel de la s\u00e9curit\u00e9 int\u00e9rieure (SSMSI);elm:context_link;itc:0;sec:content-canvas\" class=\"link \">selon le Service statistique minist\u00e9riel de la s\u00e9curit\u00e9 int\u00e9rieure (SSMSI)<\/a>, 4.824 infractions anti-LGBT+ ont \u00e9t\u00e9 recens\u00e9es sur l&rsquo;ensemble du territoire fran\u00e7ais, soit une hausse de 5% en l&rsquo;espace d&rsquo;un an. Parmi ces infractions, 3.500 sont des crimes ou des d\u00e9lits.<\/p>\n<p><a href=\"https:\/\/www.bfmtv.com\/police-justice\/saint-etienne-un-homme-interpelle-apres-une-agression-homophobe-pendant-la-marche-des-fiertes_AN-202506080215.html#xtor=AL-68\" rel=\"nofollow noopener\" target=\"_blank\" data-ylk=\"slk:Article original publi\u00e9 sur BFMTV.com;elm:context_link;itc:0;sec:content-canvas\" class=\"link \">Article original publi\u00e9 sur BFMTV.com<\/a><\/p>\n","protected":false},"excerpt":{"rendered":"Un homme d&rsquo;une trentaine d&rsquo;ann\u00e9es suspect\u00e9 d&rsquo;insultes et de violences homophobes, en marge de la marche des fiert\u00e9s&hellip;\n","protected":false},"author":2,"featured_media":162500,"comment_status":"","ping_status":"","sticky":false,"template":"","format":"standard","meta":{"footnotes":""},"categories":[9653],"tags":[1111,11,29529,2430,1777,674,1011,27,24310,12,19979,25,4001,29530],"class_list":{"0":"post-162499","1":"post","2":"type-post","3":"status-publish","4":"format-standard","5":"has-post-thumbnail","7":"category-saint-etienne","8":"tag-actu","9":"tag-actualites","10":"tag-agent-de-securite","11":"tag-auvergne-rhone-alpes","12":"tag-eu","13":"tag-europe","14":"tag-fr","15":"tag-france","16":"tag-marche-des-fiertes","17":"tag-news","18":"tag-porte-plainte","19":"tag-republique-francaise","20":"tag-saint-etienne","21":"tag-violences-homophobes"},"share_on_mastodon":{"url":"https:\/\/pubeurope.com\/@fr\/114651700420889687","error":""},"_links":{"self":[{"href":"https:\/\/www.europesays.com\/fr\/wp-json\/wp\/v2\/posts\/162499","targetHints":{"allow":["GET"]}}],"collection":[{"href":"https:\/\/www.europesays.com\/fr\/wp-json\/wp\/v2\/posts"}],"about":[{"href":"https:\/\/www.europesays.com\/fr\/wp-json\/wp\/v2\/types\/post"}],"author":[{"embeddable":true,"href":"https:\/\/www.europesays.com\/fr\/wp-json\/wp\/v2\/users\/2"}],"replies":[{"embeddable":true,"href":"https:\/\/www.europesays.com\/fr\/wp-json\/wp\/v2\/comments?post=162499"}],"version-history":[{"count":0,"href":"https:\/\/www.europesays.com\/fr\/wp-json\/wp\/v2\/posts\/162499\/revisions"}],"wp:featuredmedia":[{"embeddable":true,"href":"https:\/\/www.europesays.com\/fr\/wp-json\/wp\/v2\/media\/162500"}],"wp:attachment":[{"href":"https:\/\/www.europesays.com\/fr\/wp-json\/wp\/v2\/media?parent=162499"}],"wp:term":[{"taxonomy":"category","embeddable":true,"href":"https:\/\/www.europesays.com\/fr\/wp-json\/wp\/v2\/categories?post=162499"},{"taxonomy":"post_tag","embeddable":true,"href":"https:\/\/www.europesays.com\/fr\/wp-json\/wp\/v2\/tags?post=162499"}],"curies":[{"name":"wp","href":"https:\/\/api.w.org\/{rel}","templated":true}]}}