{"id":162505,"date":"2025-06-09T05:16:20","date_gmt":"2025-06-09T05:16:20","guid":{"rendered":"https:\/\/www.europesays.com\/fr\/162505\/"},"modified":"2025-06-09T05:16:20","modified_gmt":"2025-06-09T05:16:20","slug":"six-fours-rend-hommage-au-pilote-de-guerre-varois-jean-robert-mort-pour-la-france-en-1940","status":"publish","type":"post","link":"https:\/\/www.europesays.com\/fr\/162505\/","title":{"rendered":"Six-Fours rend hommage au pilote de guerre varois Jean Robert, \u00ab\u00a0mort pour la France\u00a0\u00bb en 1940"},"content":{"rendered":"<p><strong>Hier matin, une c\u00e9r\u00e9monie patriotique s\u2019est tenue dans le parc Jean-Robert, en hommage au capitaine \u00e9ponyme, pilote de guerre tomb\u00e9 pour la France en juin 1940.<\/strong> Organis\u00e9 par son fils, cet hommage a r\u00e9uni des officiels, une d\u00e9l\u00e9gation de la base a\u00e9rienne 942 de Lyon Mont-Verdun, qui porte son nom depuis 1982, ainsi que les membres de l\u2019Association nationale des officiers de r\u00e9serve de l\u2019arm\u00e9e de l\u2019air et de l\u2019espace (ANORAAE) et une amicale historique de l\u2019aviation fran\u00e7aise, les Vieilles tiges. Une st\u00e8le, \u00e9rig\u00e9e par la municipalit\u00e9 il y a quinze ans, rappelle l\u2019attachement de la ville \u00e0 ce h\u00e9ros local.<\/p>\n<p>Cribl\u00e9 de balles, il sauve son \u00e9quipage au p\u00e9ril de sa vie <\/p>\n<p><strong>Form\u00e9 \u00e0 Saint-Cyr, Jean Robert int\u00e8gre l\u2019arm\u00e9e de l\u2019air et prend en 1940 le commandement d\u2019une escadrille de reconnaissance<\/strong>. Affect\u00e9 au nord de la France lors de l\u2019offensive allemande, il encha\u00eene les missions \u00e0 haut risque. Le 4 juin, son avion est pris en chasse par trois chasseurs ennemis. Malgr\u00e9 les piqu\u00e9s et les vols en rase-mottes, l\u2019appareil est cribl\u00e9 de balles. Son observateur est tu\u00e9, lui-m\u00eame est gri\u00e8vement bless\u00e9.<\/p>\n<p>Malgr\u00e9 tout, Jean Robert r\u00e9ussit \u00e0 ramener l\u2019avion derri\u00e8re les lignes fran\u00e7aises, sauvant ainsi la vie de son mitrailleur, lui aussi bless\u00e9. Jean Robert succombe \u00e0 ses blessures peu apr\u00e8s l\u2019atterrissage, \u00e0 Ormoy, dans l\u2019Oise. Son acte de bravoure valut au capitaine Jean Robert d\u2019\u00eatre fait chevalier de la L\u00e9gion d\u2019honneur \u00e0 titre posthume, et de recevoir plusieurs citations militaires. Depuis, sa m\u00e9moire est entretenue avec fiert\u00e9, tant par l\u2019Arm\u00e9e que par sa famille.<\/p>\n<p>Le parc Jean-Robert, situ\u00e9 au 191 rue Bouillibaye, est librement accessible au public et la st\u00e8le du capitaine peut \u00eatre visit\u00e9e.<\/p>\n<p>              <img ci-src=\"https:\/\/www.varmatin.com\/vie-locale\/a48dd30920486788d2c8ddv_01196794-DvDNy6Z7.jpg?vh=806413&amp;ci_seal=6aaf1bed3e\" alt=\"\"\/><br \/>\n        Jean-Pierre Robert <strong>Photo C. Go..<\/strong> <\/p>\n<p>            \u00ab\u00a0Mon p\u00e8re est mort pour la France\u00a0\u00bb<\/p>\n<p>\u00c0 presque 87 ans, Jean-Pierre Robert a organis\u00e9 hier ce qu\u2019il pense \u00eatre la derni\u00e8re c\u00e9r\u00e9monie qu\u2019il pourra tenir en hommage \u00e0 son p\u00e8re, car, dit-il avec pudeur, \u00ab\u00a0le temps fait son \u0153uvre\u00a0\u00bb. \u00ab\u00a0J\u2019avais dix-huit mois quand mon p\u00e8re est mort, je ne garde aucun souvenir de lui, confie-il. Il est mort pour la France, mais pour moi, c\u2019est surtout un vide immense.\u00a0\u00bb<\/p>\n<p>Depuis, l\u2019absence a pes\u00e9 lourd dans la vie familiale. \u00ab\u00a0C\u2019\u00e9tait un traumatisme. On a tout fait pour m\u2019\u00e9loigner de l\u2019aviation. L\u2019id\u00e9e que je devienne pilote \u00e9tait inenvisageable.\u00a0\u00bb Malgr\u00e9 les d\u00e9cennies, l\u2019\u00e9motion reste intacte. \u00ab\u00a0Cette c\u00e9r\u00e9monie, c\u2019est ma fa\u00e7on de transmettre. Elle rappelle que des hommes sont morts pour la libert\u00e9. Et peut-\u00eatre qu\u2019elle plantera une graine, celle du souvenir ou de l\u2019engagement.\u00a0\u00bb<\/p>\n<p>Les neveux de Jean-Pierre \u00e9taient pr\u00e9sents, venus honorer la m\u00e9moire de leur grand-p\u00e8re. \u00ab\u00a0Peut-\u00eatre que demain, ce sera \u00e0 eux de prendre le relais. Et que, dans dix ou vingt ans, on parlera encore de son histoire.\u00a0\u00bb<\/p>\n","protected":false},"excerpt":{"rendered":"Hier matin, une c\u00e9r\u00e9monie patriotique s\u2019est tenue dans le parc Jean-Robert, en hommage au capitaine \u00e9ponyme, pilote de&hellip;\n","protected":false},"author":2,"featured_media":162506,"comment_status":"","ping_status":"","sticky":false,"template":"","format":"standard","meta":{"footnotes":""},"categories":[9619],"tags":[1111,11,1777,674,1011,27,12,882,25,2310,3366],"class_list":{"0":"post-162505","1":"post","2":"type-post","3":"status-publish","4":"format-standard","5":"has-post-thumbnail","7":"category-toulon","8":"tag-actu","9":"tag-actualites","10":"tag-eu","11":"tag-europe","12":"tag-fr","13":"tag-france","14":"tag-news","15":"tag-provence-alpes-cote-dazur","16":"tag-republique-francaise","17":"tag-toulon","18":"tag-vie-locale"},"share_on_mastodon":{"url":"https:\/\/pubeurope.com\/@fr\/114651711629122937","error":""},"_links":{"self":[{"href":"https:\/\/www.europesays.com\/fr\/wp-json\/wp\/v2\/posts\/162505","targetHints":{"allow":["GET"]}}],"collection":[{"href":"https:\/\/www.europesays.com\/fr\/wp-json\/wp\/v2\/posts"}],"about":[{"href":"https:\/\/www.europesays.com\/fr\/wp-json\/wp\/v2\/types\/post"}],"author":[{"embeddable":true,"href":"https:\/\/www.europesays.com\/fr\/wp-json\/wp\/v2\/users\/2"}],"replies":[{"embeddable":true,"href":"https:\/\/www.europesays.com\/fr\/wp-json\/wp\/v2\/comments?post=162505"}],"version-history":[{"count":0,"href":"https:\/\/www.europesays.com\/fr\/wp-json\/wp\/v2\/posts\/162505\/revisions"}],"wp:featuredmedia":[{"embeddable":true,"href":"https:\/\/www.europesays.com\/fr\/wp-json\/wp\/v2\/media\/162506"}],"wp:attachment":[{"href":"https:\/\/www.europesays.com\/fr\/wp-json\/wp\/v2\/media?parent=162505"}],"wp:term":[{"taxonomy":"category","embeddable":true,"href":"https:\/\/www.europesays.com\/fr\/wp-json\/wp\/v2\/categories?post=162505"},{"taxonomy":"post_tag","embeddable":true,"href":"https:\/\/www.europesays.com\/fr\/wp-json\/wp\/v2\/tags?post=162505"}],"curies":[{"name":"wp","href":"https:\/\/api.w.org\/{rel}","templated":true}]}}