{"id":162523,"date":"2025-06-09T05:29:11","date_gmt":"2025-06-09T05:29:11","guid":{"rendered":"https:\/\/www.europesays.com\/fr\/162523\/"},"modified":"2025-06-09T05:29:11","modified_gmt":"2025-06-09T05:29:11","slug":"strasbourg-david-du-duo-mcfly-carlito-se-livre-en-chansons-a-la-maison-bleue-2","status":"publish","type":"post","link":"https:\/\/www.europesays.com\/fr\/162523\/","title":{"rendered":"Strasbourg. David, du duo \u00ab Mcfly &#038; Carlito \u00bb, se livre en chansons \u00e0 la Maison Bleue"},"content":{"rendered":"<p>Sa renomm\u00e9e s\u2019est construite dans le duo McFly &amp; Carlito, bien connu pour ses vid\u00e9os sur Youtube. David Coscas, alias McFly, a r\u00e9cemment lib\u00e9r\u00e9 sa cr\u00e9ativit\u00e9 musicale \u00e0 travers le projet David qu\u2019il d\u00e9voile \u00e0 la Maison Bleue \u00e0 Strasbourg, vendredi 13\u00a0juin.<\/p>\n<p>L\u2019embl\u00e9matique youtubeur a sorti d\u00e9but mars un album  Le But du je, avec des chansons rock tr\u00e8s personnelles comme Main dans la main ou Travers\u00e9e.<\/p>\n<p>Des morceaux intimes qu\u2019il revisite dans le cadre d\u2019une tourn\u00e9e un peu partout en France. L\u2019escale strasbourgeoise sera pour lui l\u2019occasion de partager son univers musical avec le public. Une musique qui, dixit l\u2019artiste, lui ressemble \u00e0 100\u00a0%.<\/p>\n<p class=\"note\"><a href=\"https:\/\/www.lamaisonbleue-stbg.com\/\" target=\"_blank\" rel=\"nofollow noopener\">La Maison Bleue<\/a>, 3 rue de Guebwiller \u00e0 Strasbourg, vendredi 13\u00a0juin, \u00e0 20\u00a0h. Tarif\u00a0: 22\u00a0\u20ac.<\/p>\n","protected":false},"excerpt":{"rendered":"Sa renomm\u00e9e s\u2019est construite dans le duo McFly &amp; Carlito, bien connu pour ses vid\u00e9os sur Youtube. David&hellip;\n","protected":false},"author":2,"featured_media":162522,"comment_status":"","ping_status":"","sticky":false,"template":"","format":"standard","meta":{"footnotes":""},"categories":[2820],"tags":[1111,11,2389,1687,2880,1777,674,1011,27,775,873,12,25,640,2879],"class_list":{"0":"post-162523","1":"post","2":"type-post","3":"status-publish","4":"format-standard","5":"has-post-thumbnail","7":"category-strasbourg","8":"tag-actu","9":"tag-actualites","10":"tag-alsace","11":"tag-culture-loisirs","12":"tag-edition-strasbourg","13":"tag-eu","14":"tag-europe","15":"tag-fr","16":"tag-france","17":"tag-grand-est","18":"tag-musique","19":"tag-news","20":"tag-republique-francaise","21":"tag-strasbourg","22":"tag-strasbourg-ville"},"share_on_mastodon":{"url":"https:\/\/pubeurope.com\/@fr\/114651762783226840","error":""},"_links":{"self":[{"href":"https:\/\/www.europesays.com\/fr\/wp-json\/wp\/v2\/posts\/162523","targetHints":{"allow":["GET"]}}],"collection":[{"href":"https:\/\/www.europesays.com\/fr\/wp-json\/wp\/v2\/posts"}],"about":[{"href":"https:\/\/www.europesays.com\/fr\/wp-json\/wp\/v2\/types\/post"}],"author":[{"embeddable":true,"href":"https:\/\/www.europesays.com\/fr\/wp-json\/wp\/v2\/users\/2"}],"replies":[{"embeddable":true,"href":"https:\/\/www.europesays.com\/fr\/wp-json\/wp\/v2\/comments?post=162523"}],"version-history":[{"count":0,"href":"https:\/\/www.europesays.com\/fr\/wp-json\/wp\/v2\/posts\/162523\/revisions"}],"wp:featuredmedia":[{"embeddable":true,"href":"https:\/\/www.europesays.com\/fr\/wp-json\/wp\/v2\/media\/162522"}],"wp:attachment":[{"href":"https:\/\/www.europesays.com\/fr\/wp-json\/wp\/v2\/media?parent=162523"}],"wp:term":[{"taxonomy":"category","embeddable":true,"href":"https:\/\/www.europesays.com\/fr\/wp-json\/wp\/v2\/categories?post=162523"},{"taxonomy":"post_tag","embeddable":true,"href":"https:\/\/www.europesays.com\/fr\/wp-json\/wp\/v2\/tags?post=162523"}],"curies":[{"name":"wp","href":"https:\/\/api.w.org\/{rel}","templated":true}]}}