{"id":162524,"date":"2025-06-09T05:30:12","date_gmt":"2025-06-09T05:30:12","guid":{"rendered":"https:\/\/www.europesays.com\/fr\/162524\/"},"modified":"2025-06-09T05:30:12","modified_gmt":"2025-06-09T05:30:12","slug":"mon-choix-de-mots-a-evolue-star-de-la-meteo-sur-tf1-de-passage-a-nice-comment-evelyne-dheliat-sensibilise-a-lurgence-climatique","status":"publish","type":"post","link":"https:\/\/www.europesays.com\/fr\/162524\/","title":{"rendered":"\u00ab\u00a0Mon choix de mots a \u00e9volu\u00e9\u00a0\u00bb: star de la m\u00e9t\u00e9o sur TF1 de passage \u00e0 Nice, comment Evelyne Dh\u00e9liat sensibilise \u00e0 l&rsquo;urgence climatique"},"content":{"rendered":"<p>Un visage embl\u00e9matique du petit \u00e9cran.<\/p>\n<p>\u00c0 77 ans, dont pr\u00e8s de 30 pass\u00e9s \u00e0 pr\u00e9senter la m\u00e9t\u00e9o sur TF1, \u00c9velyne Dh\u00e9liat ferait presque partie de la famille pour les millions de t\u00e9l\u00e9spectateurs qui la suivent. Passionn\u00e9e par son m\u00e9tier, celle qui n\u2019a \u00ab\u00a0pas du tout\u00a0\u00bb pr\u00e9vu de raccrocher a su adapter sa pratique \u00e0 l\u2019urgence climatique.<\/p>\n<p>\u00c0 Nice, ce vendredi 6 juin, on la retrouve, studieuse, dans le public d\u2019une conf\u00e9rence du 22e Forum de la m\u00e9t\u00e9o et du climat, en marge de la Conf\u00e9rence des Nations Unies sur l\u2019Oc\u00e9an (Unoc). Rencontre.<\/p>\n<p><strong>Avec le changement climatique, le pr\u00e9sentateur m\u00e9t\u00e9o doit-il \u00eatre un \u00e9veilleur de conscience?<\/strong><\/p>\n<p>Oui, il faut engager les gens. Souvent, on me dit: \u00ab\u00a0Dans mon petit coin, qu\u2019est-ce que je peux bien y faire?\u00a0\u00bb. Je r\u00e9ponds que ce sont les petits ruisseaux qui font les grandes rivi\u00e8res. J\u2019ai connu les ann\u00e9es 1980, les Trente Glorieuses o\u00f9 on consommait sans se poser de questions. Aujourd\u2019hui, on prend conscience de la violence des \u00e9l\u00e9ments. Ce qu\u2019il faut, c\u2019est informer sans affoler, en donnant envie d\u2019agir.<\/p>\n<p><strong>Pr\u00e9senter la m\u00e9t\u00e9o en 1990 et en 2025 n\u2019a plus rien \u00e0 voir?<\/strong><\/p>\n<p>Je parle d\u2019\u00e9volution et pas de r\u00e9volution. Les t\u00e9l\u00e9spectateurs ont des rep\u00e8res, pas question de changer toutes les cartes du jour au lendemain. En revanche, diff\u00e9rents crit\u00e8res ont \u00e9volu\u00e9. D\u2019abord, parce que nous travaillons avec M\u00e9t\u00e9o France. Quand j\u2019ai d\u00e9marr\u00e9, on faisait des pr\u00e9visions du jour pour le lendemain ou le surlendemain, gu\u00e8re plus loin. Maintenant, on a aussi des tendances pour les six jours \u00e0 venir. D\u2019ann\u00e9e en ann\u00e9e, leur v\u00e9racit\u00e9 \u00e9volue. Cela reste des tendances, c\u2019est pour cela qu\u2019il y a un indice de confiance. Pr\u00e9voir le d\u00e9placement exact d\u2019une perturbation \u00e0 cinq ou six jours reste compliqu\u00e9. En revanche, quand on annonce un coup de chaleur dans trois ou quatre jours, on l\u2019a vraiment. La qualit\u00e9 des pr\u00e9visions est extraordinaire, les logiciels sont de plus en plus performants.<\/p>\n<p><strong>Il y a souvent dans l\u2019opinion une confusion entre m\u00e9t\u00e9o et climat. Expliquez-nous.<\/strong><\/p>\n<p><a href=\"https:\/\/www.nicematin.com\/climat\/pourquoi-il-ne-faut-absolument-pas-confondre-meteo-et-climat-888398\" target=\"_blank\" rel=\"noopener\">La m\u00e9t\u00e9o, c\u2019est du court terme, la climatologie du long terme. <\/a>On en parle de plus en plus. Mon r\u00f4le, et j\u2019ai \u00e9t\u00e9 l\u2019une des premi\u00e8res \u00e0 le faire il y a 20 ans, c\u2019est d\u2019informer sur le pourquoi et le comment des \u00e9v\u00e8nements m\u00e9t\u00e9o. Parfois, on n\u2019a pas le recul n\u00e9cessaire pour le faire. Les scientifiques sont des personnes tr\u00e8s prudentes, qui n\u2019affirment rien sans que ce soit confirm\u00e9. J\u2019ai vu leur langage \u00e9voluer. Quand j\u2019ai commenc\u00e9 \u00e0 aller vers eux, lors de forums de la m\u00e9t\u00e9o d\u00e8s 2004-2005, ils m\u2019ont expliqu\u00e9 s\u2019\u00eatre aper\u00e7us de la remont\u00e9e exponentielle et parall\u00e8le de deux courbes: celle des temp\u00e9ratures et celle des \u00e9missions de CO2, notamment depuis l\u2019industrialisation. Je les ai sentis d\u00e9sempar\u00e9s: ils ne savaient pas comment faire prendre la mesure du probl\u00e8me au grand public. Un matin, \u00e0 la fin d\u2019un expos\u00e9, je suis all\u00e9e trouver des experts pour leur dire: \u00ab\u00a0j\u2019ai un bulletin m\u00e9t\u00e9o suivi par des millions de t\u00e9l\u00e9spectateurs, j\u2019ai envie de porter ces messages, d\u2019apporter ma touche\u00a0\u00bb. Mon id\u00e9e n\u2019\u00e9tait pas d\u2019\u00eatre anxiog\u00e8ne mais d\u2019axer sur comment nous pouvons agir. C\u2019est comme \u00e7a que sont n\u00e9es les pastilles \u00ab\u00a0C\u2019est bon pour la plan\u00e8te\u00a0\u00bb dans chaque bulletin.<\/p>\n<p><strong>Avez-vous vu les mentalit\u00e9s \u00e9voluer?<\/strong><\/p>\n<p>\u00c0 l\u2019\u00e9poque, tout le monde me disait: \u00ab\u00a0Mais de quoi vous nous parlez?\u00a0\u00bb C\u2019\u00e9tait avant la COP 21. Les scientifiques tablaient sur une hausse de la moyenne des temp\u00e9ratures \u00e0 1,5\u00b0C sur un si\u00e8cle. Ma difficult\u00e9, c\u2019\u00e9tait \u00e0 la fois de dire aux gens: \u00ab\u00a0Demain, vous allez avoir 5\u00b0C de plus qu\u2019aujourd\u2019hui\u00a0\u00bb. Et: \u00ab\u00a0Il est tout \u00e0 fait probable qu\u2019en une centaine d\u2019ann\u00e9es, les temp\u00e9ratures augmentent de 1,5\u00b0C.\u00a0\u00bb Ce n\u2019\u00e9tait pas parlant. Certains me disaient: \u00ab\u00a0Mais, c\u2019est rien 1,5\u00b0C!\u00a0\u00bb, \u00ab\u00a0Tant mieux, moi j\u2019aime bien la chaleur\u00a0\u00bb. J\u2019en ai parl\u00e9 \u00e0 des scientifiques. Pour moi, il fallait du concret. Expliquer qu\u2019en baissant sa vitesse de 10km\/h sur la route, c\u2019est 10% d\u2019\u00e9conomie d\u2019\u00e9nergie, autant de CO2 donc moins de r\u00e9chauffement climatique. L\u2019\u00e9volution des mentalit\u00e9s a commenc\u00e9 timidement. Mais ces derni\u00e8res ann\u00e9es, il y a eu un emballement qui fait comprendre qu\u2019on est au pied du mur.<\/p>\n<p><strong>Canicule de 2003, temp\u00eates Xynthia en 2010, Alex en 2020\u2026 Les \u00e9pisodes m\u00e9t\u00e9orologiques extr\u00eames ont aussi marqu\u00e9 les consciences\u2026<\/strong><\/p>\n<p>Il n\u2019y en a pas forc\u00e9ment davantage mais ils sont plus violents. Cela s\u2019explique notamment par l\u2019oc\u00e9an qui se r\u00e9chauffe. Prenez la M\u00e9diterran\u00e9e: la temp\u00e9rature de l\u2019eau en \u00e9t\u00e9 peut grimper \u00e0 28\u00b0C! Si cette mer n\u2019est pas assez profonde pour g\u00e9n\u00e9rer un risque de cyclone (ph\u00e9nom\u00e8ne qui se forme d\u00e8s 26\u00b0C en surface), on commence \u00e0 y parler de Medicane [contraction de \u00ab\u00a0m\u00e9diterran\u00e9en\u00a0\u00bb et \u00ab\u00a0hurricane\u00a0\u00bb, ouragan en anglais N.D.L.R.]. Les \u00ab\u00a0\u00e9pisodes c\u00e9venols\u00a0\u00bb sont aussi dus \u00e0 la hausse de la temp\u00e9rature de l\u2019air et de l\u2019eau. Globalement, on voit bien que la machine s\u2019emballe: 2024 a \u00e9t\u00e9 l\u2019ann\u00e9e la plus chaude jamais enregistr\u00e9e sur la Plan\u00e8te. Devant 2023\u2026 et 2016. En 2014, l\u2019Organisation m\u00e9t\u00e9orologique mondiale avait demand\u00e9 \u00e0 un pr\u00e9sentateur m\u00e9t\u00e9o de chaque pays de faire un bulletin anticipant une canicule en ao\u00fbt 2050. J\u2019ai eu l\u2019honneur de le r\u00e9aliser pour la France, avec des projections de M\u00e9t\u00e9o France. Il y avait 40\u00b0C \u00e0 Paris. En 2019, le record absolu dans la capitale \u00e9tait de\u2026 42,6\u00b0C. L\u2019exceptionnel va malheureusement devenir la norme.<\/p>\n<p><strong>Parlez-vous d\u2019oc\u00e9an dans vos bulletins?<\/strong><\/p>\n<p>Oui. On sait que le r\u00e9chauffement a un impact sur la fonte des glaciers donc sur la hausse du niveau de l\u2019eau. Les gens le voient: les c\u00f4tes r\u00e9gressent. Quand j\u2019\u00e9tais gamine, j\u2019allais en vacances dans le Sud Ouest. Certains sentiers du littoral qu\u2019on empruntait n\u2019existent plus.<\/p>\n<p><strong>Votre ton, vos mots ont-ils chang\u00e9?<\/strong><\/p>\n<p>Mon ton reste le m\u00eame, celui d\u2019un dialogue direct. Mon choix de mots a \u00e9volu\u00e9. Je ne dis plus: \u00ab\u00a0Il va faire beau\u00a0\u00bb. Parce que le beau temps pour certains, c\u2019est du mauvais temps pour d\u2019autres. Pour quelqu\u2019un qui veut profiter de son week-end, c\u2019est magnifique. Mais l\u2019agriculteur qui souffre de la s\u00e9cheresse attend la pluie. Jeudi dernier, j\u2019ai annonc\u00e9 l\u2019arriv\u00e9e de la pluie pour le week-end sur les Hauts-de-France en ces termes: \u00ab\u00a0Oui, cela arrive le week-end. Mais prenons \u00e7a comme une bonne nouvelle\u00a0\u00bb. Puis, j\u2019ai pr\u00e9sent\u00e9 la carte de l\u2019humidit\u00e9 des sols qui montrait qu\u2019ils \u00e9taient tr\u00e8s secs. Il y a aussi une notion qu\u2019on n\u2019employait jamais il y a quelques ann\u00e9es, celle de \u00ab\u00a0record absolu\u00a0\u00bb. On parlait de records mensuels, journaliers. \u00ab\u00a0Absolu\u00a0\u00bb, cela veut dire qu\u2019il n\u2019a jamais fait aussi chaud&#8230;<\/p>\n","protected":false},"excerpt":{"rendered":"Un visage embl\u00e9matique du petit \u00e9cran. \u00c0 77 ans, dont pr\u00e8s de 30 pass\u00e9s \u00e0 pr\u00e9senter la m\u00e9t\u00e9o&hellip;\n","protected":false},"author":2,"featured_media":162525,"comment_status":"","ping_status":"","sticky":false,"template":"","format":"standard","meta":{"footnotes":""},"categories":[2819],"tags":[1111,11,1129,1777,674,1011,27,12,2401,882,25,252],"class_list":{"0":"post-162524","1":"post","2":"type-post","3":"status-publish","4":"format-standard","5":"has-post-thumbnail","7":"category-nice","8":"tag-actu","9":"tag-actualites","10":"tag-climat","11":"tag-eu","12":"tag-europe","13":"tag-fr","14":"tag-france","15":"tag-news","16":"tag-nice","17":"tag-provence-alpes-cote-dazur","18":"tag-republique-francaise","19":"tag-television"},"share_on_mastodon":{"url":"https:\/\/pubeurope.com\/@fr\/114651767008890310","error":""},"_links":{"self":[{"href":"https:\/\/www.europesays.com\/fr\/wp-json\/wp\/v2\/posts\/162524","targetHints":{"allow":["GET"]}}],"collection":[{"href":"https:\/\/www.europesays.com\/fr\/wp-json\/wp\/v2\/posts"}],"about":[{"href":"https:\/\/www.europesays.com\/fr\/wp-json\/wp\/v2\/types\/post"}],"author":[{"embeddable":true,"href":"https:\/\/www.europesays.com\/fr\/wp-json\/wp\/v2\/users\/2"}],"replies":[{"embeddable":true,"href":"https:\/\/www.europesays.com\/fr\/wp-json\/wp\/v2\/comments?post=162524"}],"version-history":[{"count":0,"href":"https:\/\/www.europesays.com\/fr\/wp-json\/wp\/v2\/posts\/162524\/revisions"}],"wp:featuredmedia":[{"embeddable":true,"href":"https:\/\/www.europesays.com\/fr\/wp-json\/wp\/v2\/media\/162525"}],"wp:attachment":[{"href":"https:\/\/www.europesays.com\/fr\/wp-json\/wp\/v2\/media?parent=162524"}],"wp:term":[{"taxonomy":"category","embeddable":true,"href":"https:\/\/www.europesays.com\/fr\/wp-json\/wp\/v2\/categories?post=162524"},{"taxonomy":"post_tag","embeddable":true,"href":"https:\/\/www.europesays.com\/fr\/wp-json\/wp\/v2\/tags?post=162524"}],"curies":[{"name":"wp","href":"https:\/\/api.w.org\/{rel}","templated":true}]}}