{"id":162526,"date":"2025-06-09T05:31:11","date_gmt":"2025-06-09T05:31:11","guid":{"rendered":"https:\/\/www.europesays.com\/fr\/162526\/"},"modified":"2025-06-09T05:31:11","modified_gmt":"2025-06-09T05:31:11","slug":"les-infos-de-6h-sommet-sur-locean-a-nice-quelles-sont-les-mesures-qui-seront-annoncees","status":"publish","type":"post","link":"https:\/\/www.europesays.com\/fr\/162526\/","title":{"rendered":"Les infos de 6h &#8211; Sommet sur l&rsquo;oc\u00e9an \u00e0 Nice : quelles sont les mesures qui seront annonc\u00e9es ?"},"content":{"rendered":"<p class=\"article-p mdl\">Nice est la capitale des oc\u00e9ans \u00e0 partir de ce lundi 9 juin. C&rsquo;est le coup d&rsquo;envoi du <strong>sommet international des oc\u00e9ans<\/strong> en pr\u00e9sence d&rsquo;une <strong>soixantaine de chefs d&rsquo;<\/strong><strong>\u00c9tats et de gouvernements<\/strong> autour d&rsquo;<strong>Emmanuel Macron<\/strong>.\u00a0<\/p>\n<p class=\"article-p mdl\">Ils doivent annoncer une\u00a0<a class=\"link\" href=\"https:\/\/www.rtl.fr\/actu\/debats-societe\/sommet-sur-l-ocean-a-nice-sauver-le-plancton-un-enjeu-majeur-pour-la-biodiversite-marine-7900513375\" rel=\"nofollow noopener\" target=\"_blank\">s\u00e9rie de mesures<\/a>, notamment l&rsquo;interdiction prochaine du chalutage de fond, trop efficace puisqu&rsquo;il ne s\u00e9lectionne pas les poissons. R\u00e9sultat : les associations d\u00e9noncent un\u00a0<a class=\"link\" href=\"https:\/\/www.rtl.fr\/actu\/international\/conference-des-nations-unies-sur-l-ocean-quel-est-son-but-la-reponse-de-jean-marc-jancovici-7900513204\" rel=\"nofollow noopener\" target=\"_blank\">pillage des fonds marins<\/a>\u00a0et elles ne sont pas les seules, les chefs cuisiniers sont en accord avec cette mesure.<\/p>\n<p class=\"article-p mdl\">Les grosses soles meuni\u00e8res, <strong>Yoric Ti\u00e8che<\/strong> y pense avec nostalgie, tout comme les beaux turbots.\u00a0\u00c0\u00a048 ans, le <strong>chef du Grand-H\u00f4tel du Cap-Ferrat<\/strong> ne trouve d\u00e9j\u00e0 plus les poissons de son d\u00e9but de carri\u00e8re. \u00ab\u00a0Il y a 20 ans, je recevais quotidiennement des <strong>turbots de 12-13kg<\/strong>. Aujourd&rsquo;hui, c&rsquo;est impossible d&rsquo;<strong>en avoir un de 10kg<\/strong>\u00ab\u00a0, a expliqu\u00e9 le chef cuisinier au micro de RTL.<\/p>\n<p>            Moins polluer et mieux choisir ses poissons<\/p>\n<p class=\"article-p mdl\">Amateur de p\u00eache au large de <strong>l&rsquo;\u00eele de R\u00e9<\/strong>,\u00a0<a class=\"link\" href=\"https:\/\/www.rtl.fr\/actu\/food\/comment-christopher-coutanceau-le-cuisinier-pecheur-magnifie-les-produits-de-la-mer-7900282904\" rel=\"nofollow noopener\" target=\"_blank\"><strong>Christopher Coutanceau<\/strong><\/a>, trois \u00e9toiles Michelin, fait exactement le m\u00eame constat. En montrant le bar qu&rsquo;il vient d&rsquo;attraper, il cible <strong>le lobby de la p\u00eache<\/strong>. \u00ab\u00a0\u00c7a, c&rsquo;est un bar qui fait <strong>environ 43cm<\/strong>, la taille de capture <strong>pour les amateurs est de 42cm<\/strong>, et c&rsquo;est l\u00e0 l&rsquo;aberration : pour les professionnels, <strong>c&rsquo;est 36cm<\/strong>\u00ab\u00a0, a-t-il d\u00e9plor\u00e9.<\/p>\n<p class=\"article-p mdl\">Pour <strong>Olivier Roellinger<\/strong>, \u00e0 <strong>Cancale<\/strong> (Ille-et-Vilaine), sur la c\u00f4te bretonne, autre chef r\u00e9compens\u00e9 par trois \u00e9toiles en 2025, on a <strong>tous une part de responsabilit\u00e9<\/strong>. \u00ab\u00a0La d\u00e9gradation des oc\u00e9ans, <strong>c&rsquo;est la pollution avant tout<\/strong>. Il y a aussi le <strong>r\u00e9chauffement climatique<\/strong>, qui influe sur le d\u00e9veloppement des larves, donc le poisson \u00e0 sa naissance. Il n&rsquo;y a <strong>pas que la p\u00eache en fait<\/strong>\u00ab\u00a0, a-t-il d\u00e9taill\u00e9.<\/p>\n<p class=\"article-p mdl\"><strong>Polluer moins donc et mieux choisir\u00a0<\/strong><a class=\"link\" href=\"https:\/\/www.rtl.fr\/actu\/food\/le-secret-de-cuisson-du-poisson-de-cesar-troisgros-7900362368\" rel=\"nofollow noopener\" target=\"_blank\"><strong>ses poissons<\/strong><\/a>, en rempla\u00e7ant par exemple le cabillaud, consid\u00e9r\u00e9 comme effondr\u00e9 par l&rsquo;Ifremer, par des esp\u00e8ces moins connues comme <strong>le chinchard ou le tacaud<\/strong> que travaillent les grands chefs.<\/p>\n<p>            \u00c0 \u00e9couter \u00e9galement dans ce journal<\/p>\n<p class=\"article-p mdl\"><strong>Is\u00e8re &#8211; <\/strong>Trois <strong>sp\u00e9l\u00e9ologues<\/strong>, dont un bless\u00e9 au bras, sont bloqu\u00e9s depuis dimanche par <strong>des blocs de pierre<\/strong> \u00e0 Saint-Pierre-de-Chartreuse. Les <strong>op\u00e9rations de secours<\/strong> se sont poursuivies une bonne partie de la nuit.<\/p>\n<p class=\"article-p mdl\">\u00a0<\/p>\n<p class=\"article-p mdl\"><strong>C\u00f4te-d\u2019Or &#8211;<\/strong>\u00a0Un mois apr\u00e8s\u00a0<a class=\"link\" href=\"https:\/\/www.rtl.fr\/actu\/justice-faits-divers\/attaque-au-couteau-a-nantes-ce-que-contient-le-texte-de-treize-pages-envoye-par-le-suspect-a-ses-camarades-7900498094\" rel=\"nofollow noopener\" target=\"_blank\">le meurtre d&rsquo;une \u00e9l\u00e8ve de 15 ans<\/a>, frapp\u00e9e de <strong>57 coups de couteau<\/strong> \u00e0 Nantes (Loire-Atlantique), un lyc\u00e9en est en garde \u00e0 vue puis mis en examen \u00e0 Dijon pour <strong>tentative d&rsquo;assassinat<\/strong>. Il avait annonc\u00e9 sur les r\u00e9seaux sociaux <strong>son intention de tuer une camarade<\/strong>.<\/p>\n<p class=\"article-p mdl\">Roland-Garros &#8211;\u00a0Au bout du suspense, <strong>Carlos Alcaraz<\/strong>\u00a0a remport\u00e9, dimanche 8 juin,\u00a0<a class=\"link\" href=\"https:\/\/www.rtl.fr\/sport\/autres-sports\/roland-garros-carlos-alcaraz-renverse-jannik-sinner-et-conserve-son-titre-a-paris-apres-une-finale-epique-7900513452\" rel=\"nofollow noopener\" target=\"_blank\">son deuxi\u00e8me Roland-Garros<\/a>\u00a0apr\u00e8s avoir battu le num\u00e9ro 1 mondial, <strong>Jannik\u00a0Sinner<\/strong>\u00a0en cinq manches. La rencontre a dur\u00e9 <strong>pr\u00e8s de 5h30<\/strong>, un <strong>record pour une finale dans le tournoi<\/strong>.<\/p>\n<p>    La r\u00e9daction vous recommande<\/p>\n<p class=\"s-newsletter__title\">\n                L\u2019actualit\u00e9 par la r\u00e9daction de RTL dans votre bo\u00eete mail.\n            <\/p>\n<p class=\"s-newsletter__subtitle\">\n                Gr\u00e2ce \u00e0 votre compte RTL abonnez-vous \u00e0 la newsletter RTL info pour suivre toute l&rsquo;actualit\u00e9 au quotidien\n            <\/p>\n<p>\n                                    Lire la suite\n                                <\/p>\n","protected":false},"excerpt":{"rendered":"Nice est la capitale des oc\u00e9ans \u00e0 partir de ce lundi 9 juin. C&rsquo;est le coup d&rsquo;envoi du&hellip;\n","protected":false},"author":2,"featured_media":162527,"comment_status":"","ping_status":"","sticky":false,"template":"","format":"standard","meta":{"footnotes":""},"categories":[2819],"tags":[1111,11,51,1073,1777,674,107,1011,27,12,2401,12687,3521,882,362,360,25],"class_list":{"0":"post-162526","1":"post","2":"type-post","3":"status-publish","4":"format-standard","5":"has-post-thumbnail","7":"category-nice","8":"tag-actu","9":"tag-actualites","10":"tag-ecologie","11":"tag-emmanuel-macron","12":"tag-eu","13":"tag-europe","14":"tag-fil-info","15":"tag-fr","16":"tag-france","17":"tag-news","18":"tag-nice","19":"tag-oceans","20":"tag-onu","21":"tag-provence-alpes-cote-dazur","22":"tag-replay","23":"tag-replay-integral","24":"tag-republique-francaise"},"share_on_mastodon":{"url":"https:\/\/pubeurope.com\/@fr\/114651770610360851","error":""},"_links":{"self":[{"href":"https:\/\/www.europesays.com\/fr\/wp-json\/wp\/v2\/posts\/162526","targetHints":{"allow":["GET"]}}],"collection":[{"href":"https:\/\/www.europesays.com\/fr\/wp-json\/wp\/v2\/posts"}],"about":[{"href":"https:\/\/www.europesays.com\/fr\/wp-json\/wp\/v2\/types\/post"}],"author":[{"embeddable":true,"href":"https:\/\/www.europesays.com\/fr\/wp-json\/wp\/v2\/users\/2"}],"replies":[{"embeddable":true,"href":"https:\/\/www.europesays.com\/fr\/wp-json\/wp\/v2\/comments?post=162526"}],"version-history":[{"count":0,"href":"https:\/\/www.europesays.com\/fr\/wp-json\/wp\/v2\/posts\/162526\/revisions"}],"wp:featuredmedia":[{"embeddable":true,"href":"https:\/\/www.europesays.com\/fr\/wp-json\/wp\/v2\/media\/162527"}],"wp:attachment":[{"href":"https:\/\/www.europesays.com\/fr\/wp-json\/wp\/v2\/media?parent=162526"}],"wp:term":[{"taxonomy":"category","embeddable":true,"href":"https:\/\/www.europesays.com\/fr\/wp-json\/wp\/v2\/categories?post=162526"},{"taxonomy":"post_tag","embeddable":true,"href":"https:\/\/www.europesays.com\/fr\/wp-json\/wp\/v2\/tags?post=162526"}],"curies":[{"name":"wp","href":"https:\/\/api.w.org\/{rel}","templated":true}]}}