{"id":162528,"date":"2025-06-09T05:33:09","date_gmt":"2025-06-09T05:33:09","guid":{"rendered":"https:\/\/www.europesays.com\/fr\/162528\/"},"modified":"2025-06-09T05:33:09","modified_gmt":"2025-06-09T05:33:09","slug":"theatre-de-rue-gastronomie-debats-ouste-on-sort-cette-semaine-du-9-au-15-juin-a-nantes","status":"publish","type":"post","link":"https:\/\/www.europesays.com\/fr\/162528\/","title":{"rendered":"Th\u00e9\u00e2tre de rue, gastronomie, d\u00e9bats\u2026 Ouste\u00a0! On sort cette semaine du 9 au 15\u00a0juin \u00e0 Nantes"},"content":{"rendered":"<p><a href=\"https:\/\/nantes.maville.com\/info\/info-locale\/ouste-on-sort-b7d0ece0-f502-415e-95ba-bd51cf500694\" rel=\"nofollow noopener\" target=\"_blank\">Ouste\u00a0!, le magazine culturel nantais d\u2019Ouest-France <\/a>, a s\u00e9lectionn\u00e9 quatre rendez-vous dans la m\u00e9tropole de Nantes (Loire-Atlantique), cette semaine du lundi\u00a09 au dimanche 15\u00a0juin 2025.<\/p>\n<p>Le \u00ab\u00a0campement Stroh\u00a0\u00bb avant les beaux jours<\/p>\n<p>C\u2019est notre festival chouchou. Le festival on ne peut plus champ\u00eatre et familial se d\u00e9cline en &#8230;<\/p>\n<p>\u00a0<\/p>\n","protected":false},"excerpt":{"rendered":"Ouste\u00a0!, le magazine culturel nantais d\u2019Ouest-France , a s\u00e9lectionn\u00e9 quatre rendez-vous dans la m\u00e9tropole de Nantes (Loire-Atlantique), cette&hellip;\n","protected":false},"author":2,"featured_media":162529,"comment_status":"","ping_status":"","sticky":false,"template":"","format":"standard","meta":{"footnotes":""},"categories":[2818],"tags":[9284,5658,1111,11,13946,1777,674,1011,27,1661,3687,766,12,2636,25,3640,3272,5572,4102,1347],"class_list":{"0":"post-162528","1":"post","2":"type-post","3":"status-publish","4":"format-standard","5":"has-post-thumbnail","7":"category-nantes","8":"tag-9284","9":"tag-5658","10":"tag-actu","11":"tag-actualites","12":"tag-debats","13":"tag-eu","14":"tag-europe","15":"tag-fr","16":"tag-france","17":"tag-gastronomie","18":"tag-juin","19":"tag-nantes","20":"tag-news","21":"tag-pays-de-la-loire","22":"tag-republique-francaise","23":"tag-rue","24":"tag-saint-nazaire","25":"tag-semaine","26":"tag-sort","27":"tag-theatre"},"share_on_mastodon":{"url":"https:\/\/pubeurope.com\/@fr\/114651778498718388","error":""},"_links":{"self":[{"href":"https:\/\/www.europesays.com\/fr\/wp-json\/wp\/v2\/posts\/162528","targetHints":{"allow":["GET"]}}],"collection":[{"href":"https:\/\/www.europesays.com\/fr\/wp-json\/wp\/v2\/posts"}],"about":[{"href":"https:\/\/www.europesays.com\/fr\/wp-json\/wp\/v2\/types\/post"}],"author":[{"embeddable":true,"href":"https:\/\/www.europesays.com\/fr\/wp-json\/wp\/v2\/users\/2"}],"replies":[{"embeddable":true,"href":"https:\/\/www.europesays.com\/fr\/wp-json\/wp\/v2\/comments?post=162528"}],"version-history":[{"count":0,"href":"https:\/\/www.europesays.com\/fr\/wp-json\/wp\/v2\/posts\/162528\/revisions"}],"wp:featuredmedia":[{"embeddable":true,"href":"https:\/\/www.europesays.com\/fr\/wp-json\/wp\/v2\/media\/162529"}],"wp:attachment":[{"href":"https:\/\/www.europesays.com\/fr\/wp-json\/wp\/v2\/media?parent=162528"}],"wp:term":[{"taxonomy":"category","embeddable":true,"href":"https:\/\/www.europesays.com\/fr\/wp-json\/wp\/v2\/categories?post=162528"},{"taxonomy":"post_tag","embeddable":true,"href":"https:\/\/www.europesays.com\/fr\/wp-json\/wp\/v2\/tags?post=162528"}],"curies":[{"name":"wp","href":"https:\/\/api.w.org\/{rel}","templated":true}]}}