{"id":162548,"date":"2025-06-09T05:44:35","date_gmt":"2025-06-09T05:44:35","guid":{"rendered":"https:\/\/www.europesays.com\/fr\/162548\/"},"modified":"2025-06-09T05:44:35","modified_gmt":"2025-06-09T05:44:35","slug":"la-subvention-de-valerie-pecresse-a-une-salle-de-boxe-ultraluxueuse-en-plein-paris-cree-la-controverse","status":"publish","type":"post","link":"https:\/\/www.europesays.com\/fr\/162548\/","title":{"rendered":"La subvention de Val\u00e9rie P\u00e9cresse \u00e0 une salle de boxe \u00ab\u00a0ultraluxueuse\u00a0\u00bb en plein Paris cr\u00e9e la controverse"},"content":{"rendered":"<p>            Par<br \/>\n        <strong><br \/>\n            <a href=\"https:\/\/actu.fr\/auteur\/antoine-grotteria02\" title=\"Consulter tous les articles de Antoine Grotteria\" target=\"_blank\" rel=\"noopener\">Antoine Grotteria<\/a><br \/>\n        <\/strong><\/p>\n<p>        Publi\u00e9 le<\/p>\n<p>            20 nov. 2024 \u00e0 19h06        <\/p>\n<p>\u00ab\u2009Une mauvaise pratique de <strong>d\u00e9penses de l\u2019argent public<\/strong>\u2009\u00bb ou \u00ab\u2009un investissement n\u00e9cessaire pour cr\u00e9er <strong>une \u00e9cole de champions\u2009\u00bb<\/strong>\u2009? \u00c0 <a href=\"https:\/\/actu.fr\/paris\/\" target=\"_blank\" rel=\"noopener\">Paris<\/a>, une nouvelle infrastructure sportive a mis le feu aux poudres du Conseil r\u00e9gional d\u2019<a href=\"https:\/\/actu.fr\/ile-de-france\/\" target=\"_blank\" rel=\"noopener\">\u00cele-de-France<\/a>. En cause, l\u2019allocation de <strong>200\u2009000\u00a0euros<\/strong> \u00e0 une <strong>salle de boxe<\/strong> vot\u00e9e le vendredi 15\u00a0novembre 2024 au si\u00e8ge de l\u2019institution, \u00e0 <a href=\"https:\/\/actu.fr\/ile-de-france\/saint-ouen-sur-seine_93070\" target=\"_blank\" rel=\"noopener\">Saint-Ouen<\/a> (<a href=\"https:\/\/actu.fr\/ile-de-france\/seine-saint-denis_93\" target=\"_blank\" rel=\"noopener\">Seine-Saint-Denis<\/a>).<\/p>\n<p>Un contexte budg\u00e9taire incertain<\/p>\n<p class=\" wall-content\">Oppos\u00e9 \u00e0 cette subvention, le groupe de <strong>la gauche communiste, \u00e9cologiste et citoyenn<\/strong>e s\u2019est fendu d\u2019un communiqu\u00e9\u00a0pour d\u00e9noncer une aide vers\u00e9e \u00e0 une \u00ab\u2009salle de boxe <strong>ultra-luxueuse<\/strong>, aux <strong>tarifs inaccessibles<\/strong> pour la quasi-totalit\u00e9 des Francilien. nes\u2009\u00bb. Un \u00e9quipement \u00e9loign\u00e9, selon l\u2019opposition, de \u00ab\u2009l\u2019int\u00e9r\u00eat r\u00e9gional\u2009\u00bb avanc\u00e9 par l\u2019ex\u00e9cutif.<\/p>\n<p class=\" wall-content\">Nomm\u00e9e <strong>Blackroc<\/strong>, cette structure se situe sur l\u2019<a href=\"https:\/\/actu.fr\/ile-de-france\/paris_75056\/le-saviez-vous-avenue-foch-a-paris-un-magnifique-palais-existait-a-la-place-de-ce-bunker_56790095.html\" target=\"_blank\" rel=\"noopener\">avenue Foch<\/a>, dans le <a href=\"https:\/\/actu.fr\/ile-de-france\/paris_75056\/paris-une-femme-retrouvee-morte-asphyxiee-dans-le-16e-arrondissement_61848611.html\" target=\"_blank\" rel=\"noopener\">16e arrondissement<\/a> de Paris. Ouverte en septembre\u00a02024, elle a repr\u00e9sent\u00e9 un co\u00fbt de <strong>675\u2009492\u00a0\u20ac<\/strong>. La R\u00e9gion a d\u00e9cid\u00e9 de financer \u00e0 pr\u00e8s d\u2019un tiers cette infrastructure. Des subventions accord\u00e9es trois mois apr\u00e8s les <a href=\"https:\/\/actu.fr\/jeux-olympiques-2024\/\" target=\"_blank\" rel=\"noopener\">Jeux olympiques<\/a>, sold\u00e9s par trois m\u00e9dailles olympiques fran\u00e7aises en boxe, soit l\u2019un des plus faibles totaux au cours des derni\u00e8res Olympiades.<\/p>\n<p class=\" wall-content\">Dans les rangs de l\u2019opposition, ce choix ne passe pas. \u00ab\u2009On a d\u00e9pos\u00e9 un <strong>amendement<\/strong> en commission permanente pour dire que c\u2019est une mauvaise pratique de d\u00e9penses de l\u2019argent public\u2009\u00bb, explique la pr\u00e9sidente du groupe, <a href=\"https:\/\/actu.fr\/ile-de-france\/paris_75056\/legislatives-2024-a-paris-les-resultats-du-premier-tour-circonscription-par-circonscription_61249886.html\" target=\"_blank\" rel=\"noopener\"><strong>C\u00e9line Malais\u00e9<\/strong><\/a>. \u00ab\u2009Les r\u00e9ponses de l\u2019ex\u00e9cutif et du vice-pr\u00e9sident \u00e0 nos questions \u00e9taient hasardeuses\u2009\u00bb, poursuit-elle.<\/p>\n<p class=\" wall-content\">Outre les accusations de d\u00e9passement du \u00ab<strong>\u2009plafond maximum<\/strong> autoris\u00e9 pour ce type de projet\u2009\u00bb, la gauche regrette une aide s\u2019inscrivant dans un contexte de resserrement budg\u00e9taire. D\u00e9but novembre, la pr\u00e9sidente de la R\u00e9gion, <a href=\"https:\/\/actu.fr\/tag\/valerie-pecresse\" target=\"_blank\" rel=\"noopener\">Val\u00e9rie P\u00e9cresse<\/a>, n\u2019a pas fait myst\u00e8re de sa volont\u00e9 de r\u00e9aliser des \u00e9conomies en 2025. Une situation qui r\u00e9sulte de la baisse attendue des recettes, cons\u00e9quence du <a href=\"https:\/\/actu.fr\/politique\/budget-2025-pourquoi-toutes-les-mesures-votees-pourraient-etre-balayees-d-un-revers-de-main-ce-mardi_61852676.html\" target=\"_blank\" rel=\"noopener\">projet de loi de finances<\/a> (PLF) d\u00e9battu \u00e0 l\u2019Assembl\u00e9e nationale.<\/p>\n<p>Vid\u00e9os : en ce moment sur ActuLa R\u00e9gion \u00e9voque un \u00ab\u2009centre unique\u2009\u00bb<\/p>\n<p class=\" wall-content\">\u00ab\u2009Certains secteurs semblent <strong>\u00e9pargn\u00e9s<\/strong> par les <strong>coupes budg\u00e9taires<\/strong>\u2009\u00bb, persifle l\u2019opposition dans son communiqu\u00e9. Dans son viseur, le vice-pr\u00e9sident de la R\u00e9gion charg\u00e9 des Sports, des Jeux olympiques et paralympiques (JOP), des Loisirs, de la Jeunesse, de la Citoyennet\u00e9, de la politique de la Ville et de la Vie associative, <a href=\"https:\/\/actu.fr\/politique\/un-vice-president-la-region-ile-france-demissionne-attaque-lars-lap-hp_32762306.html\" target=\"_blank\" rel=\"noopener\">Patrice Karam<\/a>.<\/p>\n<p class=\" wall-content\">Contact\u00e9 par actu Paris, l\u2019un des bras droits de Val\u00e9rie P\u00e9cresse se d\u00e9fend. \u00ab\u2009Je regrette que la gauche ait cette r\u00e9action quand on parle de sport. Elle me <strong>harc\u00e8le<\/strong> lorsqu\u2019on \u00e9voque les sports de combat\u2009\u00bb, clame-t-il.<\/p>\n<p class=\" wall-content\">Pour le conseiller r\u00e9gional LR, la subvention en question doit permettre la cr\u00e9ation d\u2019un \u00ab<strong>\u2009centre unique<\/strong> pour les futurs champions et les jeunes boxeurs franciliens en qu\u00eate de professionnalisme\u2009\u00bb. L\u2019\u00e9lu assume une politique du <strong>ruissellement<\/strong>, se traduisant par un investissement cons\u00e9quent dans le sport de haut niveau cens\u00e9 profiter au monde amateur.<\/p>\n<p class=\" wall-content\">La boxe s\u2019ins\u00e8re dans ce paradigme, comme l\u2019explique le pr\u00e9sident de Blackroc et promoteur de combats professionnels, <strong>J\u00e9r\u00f4me Abiteboul<\/strong>. \u00ab\u2009Le mod\u00e8le public et associatif montre ces limites. Il faut des structures priv\u00e9es pour augmenter le nombre de boxeurs fran\u00e7ais dans les plus grands rendez-vous. Cela se fait d\u00e9j\u00e0 dans plusieurs pays, comme aux \u00c9tats-Unis\u2009\u00bb, expose-t-il.<\/p>\n<p>Pour une client\u00e8le ais\u00e9e\u2009?<\/p>\n<p class=\" wall-content\">\u00ab\u2009On veut cr\u00e9er une \u00e9cole de champions. Les boxeurs seront accompagn\u00e9s par des entra\u00eeneurs et des pr\u00e9parateurs physiques. On va mettre en place une d\u00e9tection \u00e0 l\u2019\u00e9chelle francilienne pour attirer les <strong>meilleurs talents<\/strong>\u2009\u00bb, ajoute-t-il.<\/p>\n<p class=\" wall-content\">Pourtant, cette fonction appara\u00eet difficilement perceptible sur le <a href=\"https:\/\/blackrocparis.com\/presentation\/\" target=\"_blank\" rel=\"noopener\">site<\/a> de la salle. Y sont mentionn\u00e9s des programmes de \u00ab\u2009personal training\u2009\u00bb, de \u00ab\u2009small group training\u2009\u00bb ou encore de \u00ab\u2009team building\u2009\u00bb, avec une offre de spa, de sauna, hammam et jacuzzi \u00ab\u2009haut de gamme\u2009\u00bb. Les tarifs ne sont pas pr\u00e9cis\u00e9s. \u00ab\u2009On a aussi l\u2019intention d\u2019attirer des personnes r\u00e9sidant dans le quartier\u2009\u00bb, reconna\u00eet J\u00e9r\u00f4me Abiteboul. Le 16e arrondissement concentre une population de m\u00e9nages dot\u00e9s de <a href=\"https:\/\/actu.fr\/ile-de-france\/paris_75056\/carte-richesse-et-pauvrete-a-paris-et-en-ile-de-france-ou-sont-les-plus-grandes-ecarts_42004321.html\" target=\"_blank\" rel=\"noopener\">hauts revenus<\/a>.<\/p>\n<p class=\" wall-content\">Suivez toute l\u2019actualit\u00e9 de vos villes et m\u00e9dias favoris en vous inscrivant \u00e0 <a href=\"https:\/\/moncompte.actu.fr\" title=\"D\u00e9couvez Mon Actu\" rel=\"nofollow noopener\" data-trk=\"{&quot;cta&quot;:{&quot;action&quot;:&quot;https:\\\/\\\/moncompte.actu.fr&quot;,&quot;category&quot;:&quot;mon compte&quot;,&quot;from&quot;:&quot;article footer&quot;,&quot;name&quot;:&quot;Mon actu&quot;,&quot;type&quot;:&quot;cta&quot;}}\" target=\"_blank\">Mon Actu<\/a>.<\/p>\n<ul class=\"ac-article-tag wall-content\">\n<li><a href=\"https:\/\/actu.fr\/tag\/budget\" data-trk=\"{&quot;cta&quot;:{&quot;action&quot;:&quot;Budget&quot;,&quot;category&quot;:&quot;tag&quot;,&quot;from&quot;:&quot;article footer&quot;,&quot;name&quot;:&quot;Budget&quot;,&quot;type&quot;:&quot;cta&quot;}}\" target=\"_blank\" rel=\"noopener\">#Budget<\/a><\/li>\n<li><a href=\"https:\/\/actu.fr\/tag\/valerie-pecresse\" data-trk=\"{&quot;cta&quot;:{&quot;action&quot;:&quot;Val\\u00e9rie P\\u00e9cresse&quot;,&quot;category&quot;:&quot;tag&quot;,&quot;from&quot;:&quot;article footer&quot;,&quot;name&quot;:&quot;Val\\u00e9rie P\\u00e9cresse&quot;,&quot;type&quot;:&quot;cta&quot;}}\" target=\"_blank\" rel=\"noopener\">#Val\u00e9rie P\u00e9cresse<\/a><\/li>\n<\/ul>\n","protected":false},"excerpt":{"rendered":"Par Antoine Grotteria Publi\u00e9 le 20 nov. 2024 \u00e0 19h06 \u00ab\u2009Une mauvaise pratique de d\u00e9penses de l\u2019argent public\u2009\u00bb&hellip;\n","protected":false},"author":2,"featured_media":162549,"comment_status":"","ping_status":"","sticky":false,"template":"","format":"standard","meta":{"footnotes":""},"categories":[1592],"tags":[1111,11,1003,1777,674,1011,27,662,12,626,25,104,2328],"class_list":{"0":"post-162548","1":"post","2":"type-post","3":"status-publish","4":"format-standard","5":"has-post-thumbnail","7":"category-ile-de-france","8":"tag-actu","9":"tag-actualites","10":"tag-budget","11":"tag-eu","12":"tag-europe","13":"tag-fr","14":"tag-france","15":"tag-ile-de-france","16":"tag-news","17":"tag-paris","18":"tag-republique-francaise","19":"tag-societe","20":"tag-valerie-pecresse"},"share_on_mastodon":{"url":"https:\/\/pubeurope.com\/@fr\/114651821851137521","error":""},"_links":{"self":[{"href":"https:\/\/www.europesays.com\/fr\/wp-json\/wp\/v2\/posts\/162548","targetHints":{"allow":["GET"]}}],"collection":[{"href":"https:\/\/www.europesays.com\/fr\/wp-json\/wp\/v2\/posts"}],"about":[{"href":"https:\/\/www.europesays.com\/fr\/wp-json\/wp\/v2\/types\/post"}],"author":[{"embeddable":true,"href":"https:\/\/www.europesays.com\/fr\/wp-json\/wp\/v2\/users\/2"}],"replies":[{"embeddable":true,"href":"https:\/\/www.europesays.com\/fr\/wp-json\/wp\/v2\/comments?post=162548"}],"version-history":[{"count":0,"href":"https:\/\/www.europesays.com\/fr\/wp-json\/wp\/v2\/posts\/162548\/revisions"}],"wp:featuredmedia":[{"embeddable":true,"href":"https:\/\/www.europesays.com\/fr\/wp-json\/wp\/v2\/media\/162549"}],"wp:attachment":[{"href":"https:\/\/www.europesays.com\/fr\/wp-json\/wp\/v2\/media?parent=162548"}],"wp:term":[{"taxonomy":"category","embeddable":true,"href":"https:\/\/www.europesays.com\/fr\/wp-json\/wp\/v2\/categories?post=162548"},{"taxonomy":"post_tag","embeddable":true,"href":"https:\/\/www.europesays.com\/fr\/wp-json\/wp\/v2\/tags?post=162548"}],"curies":[{"name":"wp","href":"https:\/\/api.w.org\/{rel}","templated":true}]}}