{"id":162550,"date":"2025-06-09T05:45:11","date_gmt":"2025-06-09T05:45:11","guid":{"rendered":"https:\/\/www.europesays.com\/fr\/162550\/"},"modified":"2025-06-09T05:45:11","modified_gmt":"2025-06-09T05:45:11","slug":"cergy-argenteuil-la-courneuve-lfi-vise-les-villes-populaires-dile-de-france-aux-municipales","status":"publish","type":"post","link":"https:\/\/www.europesays.com\/fr\/162550\/","title":{"rendered":"Cergy, Argenteuil, La\u00a0Courneuve\u2026 LFI vise les villes populaires d\u2019\u00cele-de-France aux municipales"},"content":{"rendered":"<p class=\"paragraph text_align_left\">\u00ab En 2026, on refera une r\u00e9union publique ici, et peut-\u00eatre que la premi\u00e8re personne \u00e0 parler, ce sera une maire Insoumise ! \u00bb Les applaudissements r\u00e9sonnent dans la maison de quartier des Linandes de <a href=\"https:\/\/www.leparisien.fr\/val-d-oise-95\/cergy-95800\/\" target=\"_blank\" rel=\"noreferrer noopener\">Cergy<\/a> (Val-d\u2019Oise) lorsque Manuel Bompard, coordinateur national de la France insoumise, ach\u00e8ve son intervention.<\/p>\n<p class=\"paragraph text_align_left\">Au premier rang, dans la salle bien remplie ce soir du 26 mai, entre deux d\u00e9put\u00e9s LFI du secteur et une Prix Nobel de litt\u00e9rature venue en voisine et en soutien \u2014 Annie Ernaux \u2014, <a href=\"https:\/\/www.leparisien.fr\/val-d-oise-95\/a-cergy-la-majorite-explose-en-vue-des-prochaines-municipales-en-2026-21-09-2024-LZVBCXLCSNDVFK75TPWPCVIIJU.php\" target=\"_self\" rel=\"noopener\">Daisy Ya\u00efch<\/a> a le sourire. C\u2019est elle la future candidate aux <a href=\"https:\/\/www.leparisien.fr\/elections\/municipales\/\" target=\"_blank\" rel=\"noreferrer noopener\">municipales<\/a> qui, dans neuf mois, pourrait d\u00e9fier le maire de Cergy Jean-Paul Jeandon (PS), pas encore officiellement candidat.<\/p>\n","protected":false},"excerpt":{"rendered":"\u00ab En 2026, on refera une r\u00e9union publique ici, et peut-\u00eatre que la premi\u00e8re personne \u00e0 parler, ce&hellip;\n","protected":false},"author":2,"featured_media":162551,"comment_status":"","ping_status":"","sticky":false,"template":"","format":"standard","meta":{"footnotes":""},"categories":[1592],"tags":[1111,11,5949,1777,674,1011,27,662,3554,12,626,316,25],"class_list":{"0":"post-162550","1":"post","2":"type-post","3":"status-publish","4":"format-standard","5":"has-post-thumbnail","7":"category-ile-de-france","8":"tag-actu","9":"tag-actualites","10":"tag-elections","11":"tag-eu","12":"tag-europe","13":"tag-fr","14":"tag-france","15":"tag-ile-de-france","16":"tag-municipales","17":"tag-news","18":"tag-paris","19":"tag-politique","20":"tag-republique-francaise"},"share_on_mastodon":{"url":"https:\/\/pubeurope.com\/@fr\/114651825792175540","error":""},"_links":{"self":[{"href":"https:\/\/www.europesays.com\/fr\/wp-json\/wp\/v2\/posts\/162550","targetHints":{"allow":["GET"]}}],"collection":[{"href":"https:\/\/www.europesays.com\/fr\/wp-json\/wp\/v2\/posts"}],"about":[{"href":"https:\/\/www.europesays.com\/fr\/wp-json\/wp\/v2\/types\/post"}],"author":[{"embeddable":true,"href":"https:\/\/www.europesays.com\/fr\/wp-json\/wp\/v2\/users\/2"}],"replies":[{"embeddable":true,"href":"https:\/\/www.europesays.com\/fr\/wp-json\/wp\/v2\/comments?post=162550"}],"version-history":[{"count":0,"href":"https:\/\/www.europesays.com\/fr\/wp-json\/wp\/v2\/posts\/162550\/revisions"}],"wp:featuredmedia":[{"embeddable":true,"href":"https:\/\/www.europesays.com\/fr\/wp-json\/wp\/v2\/media\/162551"}],"wp:attachment":[{"href":"https:\/\/www.europesays.com\/fr\/wp-json\/wp\/v2\/media?parent=162550"}],"wp:term":[{"taxonomy":"category","embeddable":true,"href":"https:\/\/www.europesays.com\/fr\/wp-json\/wp\/v2\/categories?post=162550"},{"taxonomy":"post_tag","embeddable":true,"href":"https:\/\/www.europesays.com\/fr\/wp-json\/wp\/v2\/tags?post=162550"}],"curies":[{"name":"wp","href":"https:\/\/api.w.org\/{rel}","templated":true}]}}