{"id":162562,"date":"2025-06-09T05:52:15","date_gmt":"2025-06-09T05:52:15","guid":{"rendered":"https:\/\/www.europesays.com\/fr\/162562\/"},"modified":"2025-06-09T05:52:15","modified_gmt":"2025-06-09T05:52:15","slug":"en-direct-guerre-en-ukraine-volodymyr-zelensky-accuse-moscou-de-jouer-un-sale-jeu-politique-autour-de-lechange-de-prisonniers","status":"publish","type":"post","link":"https:\/\/www.europesays.com\/fr\/162562\/","title":{"rendered":"En direct, guerre en Ukraine \u2013 Volodymyr Zelensky accuse Moscou de jouer un \u00absale jeu politique\u00bb autour de l&rsquo;\u00e9change de prisonniers"},"content":{"rendered":"<p>        06:48<\/p>\n<p>      La Pologne fait d\u00e9coller des avions apr\u00e8s une attaque russe \u00abintense\u00bb dans l&rsquo;ouest de l&rsquo;Ukraine<\/p>\n<p>              <a tabindex=\"-1\" title=\"Le Temps avec l\u2019AFP\" href=\"https:\/\/www.letemps.ch\/profil\/le-temps-avec-l-afp\" rel=\"nofollow noopener\" target=\"_blank\"><\/p>\n<p>                    <img decoding=\"async\" src=\"https:\/\/www.europesays.com\/fr\/wp-content\/uploads\/2025\/04\/1744691829_537_small.jpeg\" class=\"lazy\" alt=\"\"\/><\/p>\n<p><\/a>        <\/p>\n<p>\u00abEn raison de l&rsquo;attaque a\u00e9rienne intense de la F\u00e9d\u00e9ration de Russie sur le territoire de l&rsquo;Ukraine, des avions polonais et alli\u00e9s ont commenc\u00e9 \u00e0 op\u00e9rer dans l&rsquo;espace a\u00e9rien polonais dans la matin\u00e9e\u00bb, a annonc\u00e9 sur X l&rsquo;\u00e9tat-major polonais. \u00abLes chasseurs de service ont \u00e9t\u00e9 d\u00e9ploy\u00e9s par paires, et les syst\u00e8mes de d\u00e9fense a\u00e9rienne et de reconnaissance radar bas\u00e9s au sol ont atteint le niveau d&rsquo;alerte le plus \u00e9lev\u00e9\u00bb, a-t-il ajout\u00e9, pr\u00e9cisant qu&rsquo;il s&rsquo;agissait d&rsquo;actions \u00abde nature pr\u00e9ventive\u00bb.<\/p>\n<p>\u00abDes dizaines\u00bb de drones et de missiles russes se sont abattus dans la nuit de dimanche \u00e0 lundi sur la r\u00e9gion de Rivne, dans l&rsquo;ouest de l&rsquo;Ukraine, a indiqu\u00e9 sur Telegram le maire de la ville, Oleksandr Tretyak. Selon le gouverneur r\u00e9gional, Oleksandr Koval, Rivne a pass\u00e9 \u00abune nuit tr\u00e8s difficile\u00bb en raison d&rsquo;une \u00abfrappe a\u00e9rienne ennemie massive\u00bb qui a bless\u00e9 au moins un civil.<\/p>\n<p>La ville de Kiev a \u00e9galement \u00e9t\u00e9 vis\u00e9e par une attaque qui a endommag\u00e9 un immeuble, a indiqu\u00e9 le chef de l&rsquo;administration de la ville, Tymour Tkatchenko.<\/p>\n<p>        05:33<\/p>\n<p>      Volodymyr Zelensky d\u00e9nonce le \u00abjeu sale\u00bb de la Russie autour de l&rsquo;\u00e9change de prisonniers<\/p>\n<p>              <a tabindex=\"-1\" title=\"Le Temps avec l\u2019AFP\" href=\"https:\/\/www.letemps.ch\/profil\/le-temps-avec-l-afp\" rel=\"nofollow noopener\" target=\"_blank\"><\/p>\n<p>                    <img decoding=\"async\" src=\"https:\/\/www.europesays.com\/fr\/wp-content\/uploads\/2025\/04\/1744691829_537_small.jpeg\" class=\"lazy\" alt=\"\"\/><\/p>\n<p><\/a>        <\/p>\n<p>Le pr\u00e9sident ukrainien a accus\u00e9 la Russie de jouer un jeu \u00absale et politique\u00bb autour du prochain \u00e9change des prisonniers, que Moscou et Kiev s&rsquo;accusent mutuellement de perturber.<\/p>\n<p>\u00abLa partie russe, comme d&rsquo;habitude, essaie de jouer un jeu sale et politique\u00bb, a d\u00e9clar\u00e9 Volodymyr Zelensky dans son discours du soir, ajoutant que si la Russie ne respectait pas l&rsquo;accord, cela \u00abjetterait un grand doute\u00bb sur les efforts diplomatiques visant \u00e0 mettre un terme \u00e0 une guerre qui dure depuis plus de trois ans.<\/p>\n<p>        05:33<\/p>\n<p>      L&rsquo;arm\u00e9e russe attaque la r\u00e9gion de Dnipropetrovsk<\/p>\n<p>              <a tabindex=\"-1\" title=\"Le Temps avec l\u2019AFP\" href=\"https:\/\/www.letemps.ch\/profil\/le-temps-avec-l-afp\" rel=\"nofollow noopener\" target=\"_blank\"><\/p>\n<p>                    <img decoding=\"async\" src=\"https:\/\/www.europesays.com\/fr\/wp-content\/uploads\/2025\/04\/1744691829_537_small.jpeg\" class=\"lazy\" alt=\"\"\/><\/p>\n<p><\/a>        <\/p>\n<p>L&rsquo;arm\u00e9e russe a annonc\u00e9 dimanche mener une offensive dans la r\u00e9gion ukrainienne de Dnipropetrovsk, bordant celle de Donetsk, une premi\u00e8re en plus de trois ans de conflit.<\/p>\n<p>Pour l&rsquo;heure, c\u00f4t\u00e9 ukrainien, seul le commandement des forces de d\u00e9fense du Sud a r\u00e9agi, disant que \u00abl&rsquo;ennemi n&rsquo;abandonnait pas ses intentions d&rsquo;entrer dans la r\u00e9gion de Dnipropetrovsk\u00bb, dans le centre est, et que les soldats ukrainiens \u00abtenaient leur secteur du front\u00bb. Mais ni le haut commandement militaire ni le pr\u00e9sident Volodymyr Zelensky n&rsquo;ont pour l&rsquo;instant fait de commentaires face \u00e0 ce qui pourrait, si cela \u00e9tait confirm\u00e9, marquer un revers pour des forces ukrainiennes en difficult\u00e9 sur le front faute d&rsquo;hommes et d&rsquo;armements.<\/p>\n<p>\u00abLes unit\u00e9s de la 90e division blind\u00e9e (&#8230;) ont atteint la fronti\u00e8re ouest de la R\u00e9publique populaire de Donetsk (la r\u00e9gion de Donetsk annex\u00e9e, ndlr) et continuent de mener l&rsquo;offensive sur le territoire de la r\u00e9gion de Dnipropetrovsk\u00bb, a \u00e9crit l&rsquo;arm\u00e9e russe sur Telegram.<\/p>\n","protected":false},"excerpt":{"rendered":"06:48 La Pologne fait d\u00e9coller des avions apr\u00e8s une attaque russe \u00abintense\u00bb dans l&rsquo;ouest de l&rsquo;Ukraine \u00abEn raison&hellip;\n","protected":false},"author":2,"featured_media":162563,"comment_status":"","ping_status":"","sticky":false,"template":"","format":"standard","meta":{"footnotes":""},"categories":[1590],"tags":[11,1777,674,4438,12,132,220],"class_list":{"0":"post-162562","1":"post","2":"type-post","3":"status-publish","4":"format-standard","5":"has-post-thumbnail","7":"category-ukraine","8":"tag-actualites","9":"tag-eu","10":"tag-europe","11":"tag-free","12":"tag-news","13":"tag-russie","14":"tag-ukraine"},"share_on_mastodon":{"url":"https:\/\/pubeurope.com\/@fr\/114651853853228449","error":""},"_links":{"self":[{"href":"https:\/\/www.europesays.com\/fr\/wp-json\/wp\/v2\/posts\/162562","targetHints":{"allow":["GET"]}}],"collection":[{"href":"https:\/\/www.europesays.com\/fr\/wp-json\/wp\/v2\/posts"}],"about":[{"href":"https:\/\/www.europesays.com\/fr\/wp-json\/wp\/v2\/types\/post"}],"author":[{"embeddable":true,"href":"https:\/\/www.europesays.com\/fr\/wp-json\/wp\/v2\/users\/2"}],"replies":[{"embeddable":true,"href":"https:\/\/www.europesays.com\/fr\/wp-json\/wp\/v2\/comments?post=162562"}],"version-history":[{"count":0,"href":"https:\/\/www.europesays.com\/fr\/wp-json\/wp\/v2\/posts\/162562\/revisions"}],"wp:featuredmedia":[{"embeddable":true,"href":"https:\/\/www.europesays.com\/fr\/wp-json\/wp\/v2\/media\/162563"}],"wp:attachment":[{"href":"https:\/\/www.europesays.com\/fr\/wp-json\/wp\/v2\/media?parent=162562"}],"wp:term":[{"taxonomy":"category","embeddable":true,"href":"https:\/\/www.europesays.com\/fr\/wp-json\/wp\/v2\/categories?post=162562"},{"taxonomy":"post_tag","embeddable":true,"href":"https:\/\/www.europesays.com\/fr\/wp-json\/wp\/v2\/tags?post=162562"}],"curies":[{"name":"wp","href":"https:\/\/api.w.org\/{rel}","templated":true}]}}