{"id":162568,"date":"2025-06-09T05:55:13","date_gmt":"2025-06-09T05:55:13","guid":{"rendered":"https:\/\/www.europesays.com\/fr\/162568\/"},"modified":"2025-06-09T05:55:13","modified_gmt":"2025-06-09T05:55:13","slug":"une-femme-de-85-ans-a-deja-fait-3-333-tours-de-grand-huit-pour-soulager-son-dos","status":"publish","type":"post","link":"https:\/\/www.europesays.com\/fr\/162568\/","title":{"rendered":"une femme de 85 ans a d\u00e9j\u00e0 fait 3.333 tours de grand huit pour soulager son dos"},"content":{"rendered":"<p class=\"article-p mdl\">L&rsquo;histoire pourrait s&rsquo;intituler \u00ab\u00a0La vieille dame et le grand huit\u00a0\u00bb. En tout cas, c&rsquo;est celle d&rsquo;<strong>Ursel Dees, 85 ans<\/strong>, qui souffre s\u00e9v\u00e8rement du dos. Plut\u00f4t que de payer des s\u00e9ances de kin\u00e9sith\u00e9rapie ou des infiltrations, elle s&rsquo;offre <strong>depuis 12 ans des tours de man\u00e8ge<\/strong>.<\/p>\n<p class=\"article-p mdl\">Et pas n&rsquo;importe lequel, puisque c&rsquo;est sur le \u00ab\u00a0grand huit\u00a0\u00bb d&rsquo;un parc d&rsquo;attraction proche d&rsquo;Heilbronn (Allemagne), \u00e0 une centaine de kilom\u00e8tres de Strasbourg, qu&rsquo;elle va se soigne. Frissons assur\u00e9s, douleurs envol\u00e9es, alors pas raison de se priver&#8230;<\/p>\n<p class=\"article-p mdl\">Ursula passe le plus clair de son temps dans\u00a0<a class=\"link\" href=\"https:\/\/www.rtl.fr\/culture\/cine-series\/universal-un-gigantesque-parc-d-attractions-va-ouvrir-ses-portes-en-europe-7900492711\" target=\"_blank\" rel=\"noopener\">un parc d&rsquo;attractions<\/a>\u00a0sur son man\u00e8ge pr\u00e9f\u00e9r\u00e9, le Carraro, qui vous envoie de 0 \u00e0 100 km\/h en 1,6 seconde pour encha\u00eener les loopings et les vrilles. Un rem\u00e8de miracle, para\u00eet-il, comme elle l&rsquo;explique \u00e0 la t\u00e9l\u00e9vision allemande. Elle le fait \u00ab\u00a0jusqu&rsquo;\u00e0 50 fois d&rsquo;affil\u00e9e\u00a0\u00bb, m\u00eame ses petits-fils n&rsquo;arrivent plus \u00e0 la suivre.<\/p>\n<p class=\"article-p mdl\">Le parc a fait le calcul : Ursel en est \u00e0 3.333 tours en 12 ans, ce qui rend\u00a0<a class=\"link\" href=\"https:\/\/www.rtl.fr\/actu\/sante\/sante-a-l-heure-des-deserts-medicaux-forme-t-on-trop-de-medecins-en-france-7900496883\" target=\"_blank\" rel=\"noopener\">certains m\u00e9decins<\/a>\u00a0allemands circonspects. Normalement, quand on a mal au dos, les man\u00e8ges sont plut\u00f4t \u00e0 \u00e9viter. Mais ils reconnaissent que \u00ab\u00a0s&rsquo;envoyer en l&rsquo;air sur un grand huit\u00a0\u00bb, cela \u00ab\u00a0fait du bien au moral et peut soulager la douleur\u00a0\u00bb.<\/p>\n<p class=\"article-p mdl\">En tout cas, le parc d&rsquo;attraction n&rsquo;a pas attendu la r\u00e9solution de cette \u00e9nigme m\u00e9dical. Il vient d&rsquo;offrir \u00e0 Ursel <strong>un abonnement gratuit \u00e0 vie<\/strong> pour venir profiter du parc. Elle qui payait scrupuleusement sa place depuis 12 ans.<\/p>\n<p>    La r\u00e9daction vous recommande<\/p>\n<p class=\"s-newsletter__title\">\n                L\u2019actualit\u00e9 par la r\u00e9daction de RTL dans votre bo\u00eete mail.\n            <\/p>\n<p class=\"s-newsletter__subtitle\">\n                Gr\u00e2ce \u00e0 votre compte RTL abonnez-vous \u00e0 la newsletter RTL info pour suivre toute l&rsquo;actualit\u00e9 au quotidien\n            <\/p>\n<p>\n                                    Lire la suite\n                                <\/p>\n","protected":false},"excerpt":{"rendered":"L&rsquo;histoire pourrait s&rsquo;intituler \u00ab\u00a0La vieille dame et le grand huit\u00a0\u00bb. En tout cas, c&rsquo;est celle d&rsquo;Ursel Dees, 85&hellip;\n","protected":false},"author":2,"featured_media":162569,"comment_status":"","ping_status":"","sticky":false,"template":"","format":"standard","meta":{"footnotes":""},"categories":[1587],"tags":[11,672,1804,1805,1803,1777,674,107,1801,1757,224,12,7795,1802],"class_list":{"0":"post-162568","1":"post","2":"type-post","3":"status-publish","4":"format-standard","5":"has-post-thumbnail","7":"category-allemagne","8":"tag-actualites","9":"tag-allemagne","10":"tag-bundesrepublik-deutschland","11":"tag-de","12":"tag-deutschland","13":"tag-eu","14":"tag-europe","15":"tag-fil-info","16":"tag-germany","17":"tag-insolite","18":"tag-medecine","19":"tag-news","20":"tag-parc-dattractions","21":"tag-republique-federale-dallemagne"},"share_on_mastodon":{"url":"https:\/\/pubeurope.com\/@fr\/114651865054929213","error":""},"_links":{"self":[{"href":"https:\/\/www.europesays.com\/fr\/wp-json\/wp\/v2\/posts\/162568","targetHints":{"allow":["GET"]}}],"collection":[{"href":"https:\/\/www.europesays.com\/fr\/wp-json\/wp\/v2\/posts"}],"about":[{"href":"https:\/\/www.europesays.com\/fr\/wp-json\/wp\/v2\/types\/post"}],"author":[{"embeddable":true,"href":"https:\/\/www.europesays.com\/fr\/wp-json\/wp\/v2\/users\/2"}],"replies":[{"embeddable":true,"href":"https:\/\/www.europesays.com\/fr\/wp-json\/wp\/v2\/comments?post=162568"}],"version-history":[{"count":0,"href":"https:\/\/www.europesays.com\/fr\/wp-json\/wp\/v2\/posts\/162568\/revisions"}],"wp:featuredmedia":[{"embeddable":true,"href":"https:\/\/www.europesays.com\/fr\/wp-json\/wp\/v2\/media\/162569"}],"wp:attachment":[{"href":"https:\/\/www.europesays.com\/fr\/wp-json\/wp\/v2\/media?parent=162568"}],"wp:term":[{"taxonomy":"category","embeddable":true,"href":"https:\/\/www.europesays.com\/fr\/wp-json\/wp\/v2\/categories?post=162568"},{"taxonomy":"post_tag","embeddable":true,"href":"https:\/\/www.europesays.com\/fr\/wp-json\/wp\/v2\/tags?post=162568"}],"curies":[{"name":"wp","href":"https:\/\/api.w.org\/{rel}","templated":true}]}}