{"id":162570,"date":"2025-06-09T05:56:22","date_gmt":"2025-06-09T05:56:22","guid":{"rendered":"https:\/\/www.europesays.com\/fr\/162570\/"},"modified":"2025-06-09T05:56:22","modified_gmt":"2025-06-09T05:56:22","slug":"les-valeurs-a-suivre-a-paris-et-en-europe-09-06-2025-a-0600","status":"publish","type":"post","link":"https:\/\/www.europesays.com\/fr\/162570\/","title":{"rendered":"Les valeurs \u00e0 suivre \u00e0 Paris et en Europe &#8211; 09\/06\/2025 \u00e0 06:00"},"content":{"rendered":"<p>\n *\n<\/p>\n<p>\n Variation des futures sur indice CAC 40  0#FCE:\n<\/p>\n<p>\n *\n<\/p>\n<p>\n Variation des futures sur indice Stoxx 600  0#FXXP:\n<\/p>\n<p>\n *\n<\/p>\n<p>\n Valeurs qui se traitent ex-dividende  .EX.PA\n<\/p>\n<p>\n *\n<\/p>\n<p>\n Le point sur les march\u00e9s europ\u00e9ens  .EUFR\n<\/p>\n<p>\n Les valeurs \u00e0 suivre lundi \u00e0<br \/>\nla Bourse de Paris et en Europe :\n<\/p>\n<p>\n * RENAULT<br \/>\n <a href=\"https:\/\/www.boursorama.com\/cours\/1rPRNO\/\" rel=\"nofollow noopener\" target=\"_blank\"><br \/>\n  RENA.PA<br \/>\n <\/a><br \/>\n &#8211; Le constructeur automobile a confirm\u00e9<br \/>\ndimanche avoir \u00e9t\u00e9 contact\u00e9 par le minist\u00e8re des Arm\u00e9es pour une<br \/>\nproduction de drones, apr\u00e8s une information de presse selon<br \/>\nlaquelle le groupe pourrait s&rsquo;installer en Ukraine pour cette<br \/>\nraison.\n<\/p>\n<p>\n * TOTALENERGIES<br \/>\n <a href=\"https:\/\/www.boursorama.com\/cours\/1rPTTE\/\" rel=\"nofollow noopener\" target=\"_blank\"><br \/>\n  TTEF.PA<br \/>\n <\/a><br \/>\n cherche \u00e0 vendre une participation<br \/>\nde 50% dans un vaste portefeuille d&rsquo;actifs renouvelables aux<br \/>\n\u00c9tats-Unis et envisage une vente similaire pour un groupe plus<br \/>\nrestreint de fermes solaires en Espagne, a rapport\u00e9 vendredi<br \/>\nl&rsquo;agence Bloomberg, citant des sources au fait du dossier.\n<\/p>\n<p>\n * PORSCHE<br \/>\n <a href=\"https:\/\/www.boursorama.com\/cours\/1zPAH3\/\" rel=\"nofollow noopener\" target=\"_blank\"><br \/>\n  PSHG_p.DE<br \/>\n <\/a><br \/>\n envisage de d\u00e9placer certaines parties<br \/>\nde l&rsquo;assemblage de ses mod\u00e8les aux \u00c9tats-Unis pour att\u00e9nuer<br \/>\nl&rsquo;impact des droits de douane impos\u00e9s par le pr\u00e9sident Donald<br \/>\nTrump sur les v\u00e9hicules import\u00e9s, a rapport\u00e9 Bloomberg<br \/>\nvendredi, citant des sources.\n<\/p>\n<p>\n * PERNOD RICARD<br \/>\n <a href=\"https:\/\/www.boursorama.com\/cours\/1rPRI\/\" rel=\"nofollow noopener\" target=\"_blank\"><br \/>\n  PERP.PA<br \/>\n <\/a><br \/>\n , R\u00c9MY COINTREAU<br \/>\n <a href=\"https:\/\/www.boursorama.com\/cours\/1rPRCO\/\" rel=\"nofollow noopener\" target=\"_blank\"><br \/>\n  RCOP.PA<br \/>\n <\/a><br \/>\n , LVMH\n<\/p>\n<p>\n <a href=\"https:\/\/www.boursorama.com\/cours\/1rPMC\/\" rel=\"nofollow noopener\" target=\"_blank\"><br \/>\n  LVMH.PA<br \/>\n <\/a><br \/>\n &#8211; Le minist\u00e8re chinois du Commerce a d\u00e9clar\u00e9 samedi<br \/>\nque les entreprises et associations fran\u00e7aises du secteur des<br \/>\nspiritueux ont soumis de mani\u00e8re proactive des demandes<br \/>\nd&rsquo;engagements de prix pour les eaux-de-vie de vin \u00e0 la Chine ,<br \/>\nparvenant \u00e0 un accord sur les conditions essentielles. P\u00e9kin<br \/>\ndoit rendre les conclusions de son enqu\u00eate sur les importations<br \/>\neurop\u00e9ennes de cognac avant le 5 juillet.\n<\/p>\n<p>\n L&rsquo;AGENDA FRANCE &amp; INTERNATIONAL \u00c0 7 JOURS:<\/p>\n<p> nL5N3S90JP\n<\/p>\n<p>\n (R\u00e9dig\u00e9 par Diana Mandia)<\/p>\n","protected":false},"excerpt":{"rendered":"* Variation des futures sur indice CAC 40 0#FCE: * Variation des futures sur indice Stoxx 600 0#FXXP:&hellip;\n","protected":false},"author":2,"featured_media":64038,"comment_status":"","ping_status":"","sticky":false,"template":"","format":"standard","meta":{"footnotes":""},"categories":[1586],"tags":[400,11,398,408,405,1777,674,1011,27,403,402,399,404,12,25,401,406,407],"class_list":{"0":"post-162570","1":"post","2":"type-post","3":"status-publish","4":"format-standard","5":"has-post-thumbnail","7":"category-europe","8":"tag-action-cac-40","9":"tag-actualites","10":"tag-bourse-de-paris","11":"tag-boursorama","12":"tag-cotations","13":"tag-eu","14":"tag-europe","15":"tag-fr","16":"tag-france","17":"tag-indices-devises","18":"tag-investir","19":"tag-investissement","20":"tag-marche-boursier","21":"tag-news","22":"tag-republique-francaise","23":"tag-sicav","24":"tag-trackers","25":"tag-warrants"},"share_on_mastodon":{"url":"https:\/\/pubeurope.com\/@fr\/114651868901942518","error":""},"_links":{"self":[{"href":"https:\/\/www.europesays.com\/fr\/wp-json\/wp\/v2\/posts\/162570","targetHints":{"allow":["GET"]}}],"collection":[{"href":"https:\/\/www.europesays.com\/fr\/wp-json\/wp\/v2\/posts"}],"about":[{"href":"https:\/\/www.europesays.com\/fr\/wp-json\/wp\/v2\/types\/post"}],"author":[{"embeddable":true,"href":"https:\/\/www.europesays.com\/fr\/wp-json\/wp\/v2\/users\/2"}],"replies":[{"embeddable":true,"href":"https:\/\/www.europesays.com\/fr\/wp-json\/wp\/v2\/comments?post=162570"}],"version-history":[{"count":0,"href":"https:\/\/www.europesays.com\/fr\/wp-json\/wp\/v2\/posts\/162570\/revisions"}],"wp:featuredmedia":[{"embeddable":true,"href":"https:\/\/www.europesays.com\/fr\/wp-json\/wp\/v2\/media\/64038"}],"wp:attachment":[{"href":"https:\/\/www.europesays.com\/fr\/wp-json\/wp\/v2\/media?parent=162570"}],"wp:term":[{"taxonomy":"category","embeddable":true,"href":"https:\/\/www.europesays.com\/fr\/wp-json\/wp\/v2\/categories?post=162570"},{"taxonomy":"post_tag","embeddable":true,"href":"https:\/\/www.europesays.com\/fr\/wp-json\/wp\/v2\/tags?post=162570"}],"curies":[{"name":"wp","href":"https:\/\/api.w.org\/{rel}","templated":true}]}}