{"id":162571,"date":"2025-06-09T05:57:10","date_gmt":"2025-06-09T05:57:10","guid":{"rendered":"https:\/\/www.europesays.com\/fr\/162571\/"},"modified":"2025-06-09T05:57:10","modified_gmt":"2025-06-09T05:57:10","slug":"leurovision-sous-pression-des-legislateurs-de-lue-concernant-le-televote-truque","status":"publish","type":"post","link":"https:\/\/www.europesays.com\/fr\/162571\/","title":{"rendered":"L&rsquo;Eurovision sous pression des l\u00e9gislateurs de l&rsquo;UE concernant le t\u00e9l\u00e9vote \u00ab\u00a0truqu\u00e9\u00a0\u00bb"},"content":{"rendered":"<p><img decoding=\"async\" class=\"c-ad__placeholder__logo\" src=\"https:\/\/www.europesays.com\/fr\/wp-content\/uploads\/2025\/03\/logo-euronews-grey-6-180x22.svg.svg+xml\" width=\"180\" height=\"22\" alt=\"\" loading=\"lazy\"\/>PUBLICIT\u00c9<\/p>\n<p>Un peu plus de deux semaines apr\u00e8s la fin du Concours Eurovision de la chanson 2025, la controverse sur l&rsquo;int\u00e9grit\u00e9 du t\u00e9l\u00e9vote continue de monter.<\/p>\n<p>Un groupe de 12 eurod\u00e9put\u00e9s issus des groupes socialistes, de gauche, verts et lib\u00e9raux a \u00e9crit aux dirigeants de l&rsquo;Union europ\u00e9enne de radio-t\u00e9l\u00e9vision (UER), qui organise le concours, pour exprimer \u00ab\u00a0une nouvelle appr\u00e9hension concernant les pr\u00e9occupations croissantes d&rsquo;irr\u00e9gularit\u00e9s li\u00e9es au concours 2025\u00a0\u00bb, dans une lettre vue par <strong>Euronews<\/strong>.<\/p>\n<p>Cet appel fait suite \u00e0 une vague d&rsquo;inqui\u00e9tudes de la part des radiodiffuseurs nationaux, dont AVROTROS\/NPO (Pays-Bas), NRK (Norv\u00e8ge), RTVE (Espagne), RTVSLO (Slov\u00e9nie), R\u00daV (Islande), VRT (Belgique) et Yle (Finlande).<\/p>\n<p>Les radiodiffuseurs ont fait \u00e9tat de soup\u00e7ons de manipulation des votes et ont mis en doute le r\u00f4le de la promotion soutenue par l&rsquo;\u00c9tat, en particulier en ce qui concerne la deuxi\u00e8me place du concours de cette ann\u00e9e, <a href=\"https:\/\/fr.euronews.com\/culture\/2025\/05\/22\/le-gagnant-autrichien-de-leurovision-jj-demande-quisrael-soit-exclu-du-concours\" target=\"_blank\" rel=\"noopener\"><strong>la candidature d&rsquo;Isra\u00ebl, qui aurait b\u00e9n\u00e9fici\u00e9 de campagnes<\/strong><\/a> men\u00e9es par l&rsquo;agence de publicit\u00e9 du gouvernement isra\u00e9lien (Lapam).<\/p>\n<p>Le radiodiffuseur irlandais RT\u00c9 a officiellement demand\u00e9 l&rsquo;acc\u00e8s aux donn\u00e9es de vote, tandis que la VRT s&rsquo;est publiquement demand\u00e9 si elle continuerait \u00e0 participer au concours si la transparence totale n&rsquo;\u00e9tait pas assur\u00e9e.<\/p>\n<p>\u00ab\u00a0Alors que le concours Eurovision de la chanson est cens\u00e9 unir l&rsquo;Europe \u00e0 travers la musique et la culture, les r\u00e9cents d\u00e9veloppements ont jet\u00e9 une ombre sur sa cr\u00e9dibilit\u00e9 et sa neutralit\u00e9 \u00ab\u00a0, a d\u00e9clar\u00e9 \u00e0 <strong>Euronews<\/strong> l&rsquo;eurod\u00e9put\u00e9 slov\u00e8ne Matja\u017e Nemec, qui est \u00e0 l&rsquo;origine de la lettre.<\/p>\n<p>M. Nemec a critiqu\u00e9 l&rsquo;implication des gouvernements nationaux dans la promotion de leurs \u0153uvres, estimant qu&rsquo;il s&rsquo;agit d&rsquo;une violation des principes d&rsquo;\u00e9quit\u00e9, d&rsquo;impartialit\u00e9 et d&rsquo;ind\u00e9pendance de l&rsquo;UER.<\/p>\n<p>La lettre cite des donn\u00e9es de la VRT qui r\u00e9v\u00e8lent des \u00e9carts significatifs et inexpliqu\u00e9s entre le nombre de t\u00e9l\u00e9spectateurs et la participation au vote t\u00e9l\u00e9vis\u00e9 pendant les concours de 2023-2025.<\/p>\n<p>\u00ab\u00a0Ces tendances ne s&rsquo;expliquent pas facilement par des fluctuations organiques de l&rsquo;enthousiasme des t\u00e9l\u00e9spectateurs et justifient un examen plus approfondi\u00a0\u00bb, peut-on lire dans la lettre, qui avertit que le nombre croissant de radiodiffuseurs qui remettent en question leurs propres donn\u00e9es indique un probl\u00e8me plus profond et syst\u00e9mique.<\/p>\n<p>\u00ab\u00a0Il ne s&rsquo;agit pas d&rsquo;une pr\u00e9occupation isol\u00e9e : elle signale un probl\u00e8me plus large qui doit \u00eatre abord\u00e9\u00a0\u00bb, a d\u00e9clar\u00e9 M. Nemec.<\/p>\n<p>Les d\u00e9put\u00e9s ont demand\u00e9 \u00e0 l&rsquo;UER de prendre des mesures sp\u00e9cifiques, notamment en publiant les donn\u00e9es compl\u00e8tes des votes, en autorisant un audit ind\u00e9pendant et en appliquant des garanties pour emp\u00eacher toute ing\u00e9rence politique dans le concours.<\/p>\n<p>\u00ab\u00a0Sans r\u00e9ponses et sans responsabilit\u00e9, l&rsquo;Eurovision risque de perdre la confiance de son public et de devenir une sc\u00e8ne non pas d&rsquo;unit\u00e9, mais de manipulation\u00a0\u00bb, a averti M. Nemec, ajoutant que le public europ\u00e9en m\u00e9rite une transparence totale sur le processus de vote de cette ann\u00e9e.<\/p>\n<p>Le directeur du Concours Eurovision de la chanson, Martin Green, a publi\u00e9 une lettre ouverte pour r\u00e9pondre aux inqui\u00e9tudes concernant la transparence et l&rsquo;int\u00e9grit\u00e9 du processus de vote.<\/p>\n<p>M. Green reconna\u00eet les probl\u00e8mes soulev\u00e9s par les radiodiffuseurs et confirme qu&rsquo;ils seront discut\u00e9s lors de la prochaine r\u00e9union du groupe de r\u00e9f\u00e9rence de l&rsquo;UER.<\/p>\n<p>Il a fait remarquer que si les efforts promotionnels des pays participants sont autoris\u00e9s et courants dans l&rsquo;industrie de la musique, l&rsquo;UER examine si de telles campagnes pourraient influencer ind\u00fbment le vote du public.<\/p>\n<p>Il a \u00e9galement soulign\u00e9 que le syst\u00e8me de vote de l&rsquo;Eurovision comprend \u00ab\u00a0de multiples couches de s\u00e9curit\u00e9\u00a0\u00bb et est supervis\u00e9 par plus de 60 professionnels \u00e0 Cologne, Vienne et Amsterdam, tandis que le vote est g\u00e9r\u00e9 par Once Germany GmbH et v\u00e9rifi\u00e9 de mani\u00e8re ind\u00e9pendante par EY (Ernst &amp; Young).<\/p>\n<p>En ce qui concerne la r\u00e8gle actuelle limitant le nombre de votes \u00e0 20 par m\u00e9thode de paiement et par personne, M. Green a d\u00e9clar\u00e9 qu&rsquo;il n&rsquo;y avait aucune preuve que cela affectait les r\u00e9sultats. N\u00e9anmoins, la question sera r\u00e9examin\u00e9e dans le cadre du processus d&rsquo;\u00e9valuation post-concours.<\/p>\n<p>Sources additionnelles<strong> \u2022 adaptation : Serge Duch\u00eane<\/strong><\/p>\n","protected":false},"excerpt":{"rendered":"PUBLICIT\u00c9 Un peu plus de deux semaines apr\u00e8s la fin du Concours Eurovision de la chanson 2025, la&hellip;\n","protected":false},"author":2,"featured_media":162572,"comment_status":"","ping_status":"","sticky":false,"template":"","format":"standard","meta":{"footnotes":""},"categories":[1586],"tags":[11,8753,1777,674,1779,1011,27,664,12,3886,25,1778,364],"class_list":{"0":"post-162571","1":"post","2":"type-post","3":"status-publish","4":"format-standard","5":"has-post-thumbnail","7":"category-europe","8":"tag-actualites","9":"tag-concours-eurovision-de-la-chanson","10":"tag-eu","11":"tag-europe","12":"tag-european-union","13":"tag-fr","14":"tag-france","15":"tag-israel","16":"tag-news","17":"tag-politique-de-lue","18":"tag-republique-francaise","19":"tag-ue","20":"tag-union-europeenne"},"share_on_mastodon":{"url":"https:\/\/pubeurope.com\/@fr\/114651872911937225","error":""},"_links":{"self":[{"href":"https:\/\/www.europesays.com\/fr\/wp-json\/wp\/v2\/posts\/162571","targetHints":{"allow":["GET"]}}],"collection":[{"href":"https:\/\/www.europesays.com\/fr\/wp-json\/wp\/v2\/posts"}],"about":[{"href":"https:\/\/www.europesays.com\/fr\/wp-json\/wp\/v2\/types\/post"}],"author":[{"embeddable":true,"href":"https:\/\/www.europesays.com\/fr\/wp-json\/wp\/v2\/users\/2"}],"replies":[{"embeddable":true,"href":"https:\/\/www.europesays.com\/fr\/wp-json\/wp\/v2\/comments?post=162571"}],"version-history":[{"count":0,"href":"https:\/\/www.europesays.com\/fr\/wp-json\/wp\/v2\/posts\/162571\/revisions"}],"wp:featuredmedia":[{"embeddable":true,"href":"https:\/\/www.europesays.com\/fr\/wp-json\/wp\/v2\/media\/162572"}],"wp:attachment":[{"href":"https:\/\/www.europesays.com\/fr\/wp-json\/wp\/v2\/media?parent=162571"}],"wp:term":[{"taxonomy":"category","embeddable":true,"href":"https:\/\/www.europesays.com\/fr\/wp-json\/wp\/v2\/categories?post=162571"},{"taxonomy":"post_tag","embeddable":true,"href":"https:\/\/www.europesays.com\/fr\/wp-json\/wp\/v2\/tags?post=162571"}],"curies":[{"name":"wp","href":"https:\/\/api.w.org\/{rel}","templated":true}]}}