{"id":162607,"date":"2025-06-09T06:19:09","date_gmt":"2025-06-09T06:19:09","guid":{"rendered":"https:\/\/www.europesays.com\/fr\/162607\/"},"modified":"2025-06-09T06:19:09","modified_gmt":"2025-06-09T06:19:09","slug":"lespace-transforme-votre-corps-en-cocotte-minute-une-mort-atroce-par-ebullition-interne-confirmee-par-les-tests-de-la-nasa","status":"publish","type":"post","link":"https:\/\/www.europesays.com\/fr\/162607\/","title":{"rendered":"L\u2019espace transforme votre corps en cocotte-minute : une mort atroce par \u00e9bullition interne confirm\u00e9e par les tests de la NASA"},"content":{"rendered":"<tr>\n<td><strong>EN BREF<\/strong><\/td>\n<\/tr>\n<tr>\n<td>\n<ul>\n<li>\ud83c\udf0c <strong>Exposition au vide spatial<\/strong> : Contrairement aux id\u00e9es re\u00e7ues, le corps humain ne se d\u00e9sint\u00e8gre pas mais subit des effets internes d\u00e9vastateurs.<\/li>\n<li>\u23f1\ufe0f La rapidit\u00e9 de l\u2019<strong>asphyxie<\/strong> et de l\u2019\u00e9bullition interne rend la survie au-del\u00e0 de deux minutes improbable sans \u00e9quipement adapt\u00e9.<\/li>\n<li>\ud83e\uddca <strong>Mythe du gel<\/strong> : L\u2019espace ne provoque pas un gel instantan\u00e9 ; la perte de chaleur se fait principalement par radiation.<\/li>\n<li>\u26a0\ufe0f Les <strong>radiations spatiales<\/strong> posent des risques \u00e0 long terme, mais la menace imm\u00e9diate reste la d\u00e9faillance physiologique due \u00e0 la d\u00e9compression.<\/li>\n<\/ul>\n<\/td>\n<\/tr>\n<p>L\u2019espace, souvent pr\u00e9sent\u00e9 dans les films comme un lieu de mort brutale et spectaculaire, cache en r\u00e9alit\u00e9 des dangers bien plus insidieux mais tout aussi fatals. Les drames cin\u00e9matographiques, o\u00f9 les corps explosent \u00e0 la moindre d\u00e9pressurisation, sont loin de la v\u00e9rit\u00e9 scientifique. La menace r\u00e9elle r\u00e9side dans des ph\u00e9nom\u00e8nes tels que l\u2019\u00e9bullition interne et l\u2019asphyxie rapide. Ce contexte fascinant et effrayant r\u00e9v\u00e8le les v\u00e9ritables p\u00e9rils que rencontrent les astronautes lors d\u2019une exposition soudaine au vide spatial.<\/p>\n<p>La pression sans explosion et l\u2019arriv\u00e9e silencieuse de la catastrophe<\/p>\n<p>Lorsque l\u2019on passe de l\u2019atmosph\u00e8re terrestre, qui exerce une pression d\u2019environ 1 bar, au vide spatial, les fluides corporels tentent imm\u00e9diatement de se dilater. Cependant, gr\u00e2ce \u00e0 la r\u00e9sistance des tissus conjonctifs et des vaisseaux sanguins, la peau ne se d\u00e9chire pas. Le v\u00e9ritable danger est l\u2019\u00e9bullition : l\u2019eau des tissus se transforme en vapeur car le point d\u2019\u00e9bullition chute lorsque la pression externe dispara\u00eet. <strong>Richard Harding<\/strong> souligne dans son ouvrage Survival in Space que les tissus corporels contenant de l\u2019eau commencent \u00e0 se dilater, un peu comme un plongeur victime d\u2019accident de d\u00e9compression, mais de mani\u00e8re g\u00e9n\u00e9rale et instantan\u00e9e.<\/p>\n<p>La premi\u00e8re victime de cette situation est l\u2019air contenu dans les poumons. En l\u2019absence de pression externe, l\u2019oxyg\u00e8ne restant s\u2019\u00e9chappe rapidement, privant ainsi le corps de sa source d\u2019oxyg\u00e8ne essentielle. Les pertes de conscience surviennent en quelques secondes, laissant peu de temps pour r\u00e9agir. La combinaison mortelle de l\u2019asphyxie et de l\u2019\u00e9bullition des tissus entra\u00eene une cascade de d\u00e9faillances internes que m\u00eame une r\u00e9pressurisation rapide ne peut toujours pas inverser.<\/p>\n<blockquote class=\"wp-embedded-content\" data-secret=\"Cn1hCnGoXC\">\n<p><a href=\"https:\/\/www.innovant.fr\/2025\/05\/27\/un-mastodonte-orbital-en-preparation-les-etats-unis-devoilent-leur-projet-darme-spatiale-capable-declipser-la-domination-chinoise\/\" rel=\"nofollow noopener\" target=\"_blank\">Un mastodonte orbital en pr\u00e9paration : les \u00c9tats-Unis d\u00e9voilent leur projet d\u2019arme spatiale capable d\u2019\u00e9clipser la domination chinoise<\/a><\/p>\n<\/blockquote>\n<p>Dix secondes avant l\u2019\u00e9vanouissement et le mythe du refroidissement<\/p>\n<p>Une fois inconscient, l\u2019asphyxie s\u2019acc\u00e9l\u00e8re. M\u00eame si une r\u00e9pressurisation rapide est possible, le corps ne r\u00e9cup\u00e8re pas ais\u00e9ment. Selon le Dr. Kris Lehnhardt, la survie au-del\u00e0 de deux minutes sans combinaison spatiale est improbable. <strong>Chris Hadfield<\/strong>, astronaute retrait\u00e9, note que la survie sans combinaison ne d\u00e9passe probablement pas 90 secondes. Les id\u00e9es fausses sur le gel instantan\u00e9 sont largement exag\u00e9r\u00e9es. En r\u00e9alit\u00e9, l\u2019espace est \u00ab\u00a0froid\u00a0\u00bb en raison de son vide. La perte de chaleur se fait principalement par radiation, et non par conduction ou convection.<\/p>\n<p>La d\u00e9compression entra\u00eene la vaporisation des fluides corporels, provoquant un gonflement des tissus. Les cons\u00e9quences sont internes et bien plus terrifiantes que les repr\u00e9sentations cin\u00e9matographiques. Le manque d\u2019oxyg\u00e8ne, l\u2019\u00e9bullition des tissus et les d\u00e9faillances circulatoires font que chaque seconde compte pour une \u00e9ventuelle survie.<\/p>\n<blockquote class=\"wp-embedded-content\" data-secret=\"NPdVo2y9Ps\">\n<p><a href=\"https:\/\/www.innovant.fr\/2025\/05\/18\/un-flux-solaire-amplifie-venu-de-lespace-cette-avancee-britannique-pourrait-bouleverser-lapprovisionnement-mondial-en-energie\/\" rel=\"nofollow noopener\" target=\"_blank\">Un flux solaire amplifi\u00e9 venu de l\u2019espace : cette avanc\u00e9e britannique pourrait bouleverser l\u2019approvisionnement mondial en \u00e9nergie<\/a><\/p>\n<\/blockquote>\n<p>Radiations : la menace invisible mais non imm\u00e9diate<\/p>\n<p>Une autre id\u00e9e fausse est que l\u2019exposition aux radiations spatiales entra\u00eene une mort instantan\u00e9e. Bien que les radiations spatiales soient dangereuses, leurs effets sont plut\u00f4t \u00e0 long terme. Dans le vide spatial, l\u2019absence d\u2019atmosph\u00e8re protectrice expose les astronautes \u00e0 des niveaux accrus de radiations ionisantes, augmentant le risque de cancer et de dommages neurologiques au fil du temps. Toutefois, dans les cas de d\u00e9compression soudaine, les menaces principales demeurent l\u2019asphyxie et l\u2019\u00e9bullition. Ces conditions provoquent une perte de conscience en quelques secondes, suivie de la mort en quelques minutes.<\/p>\n<p>Les radiations ultraviolettes peuvent causer des br\u00fblures, et une exposition prolong\u00e9e aux radiations ionisantes augmente les risques pour la sant\u00e9, mais ces effets ne sont pas imm\u00e9diats lors d\u2019une exposition au vide. <strong>La survie d\u00e9pend donc plus de la gestion rapide de la d\u00e9compression<\/strong> que de la protection contre les radiations.<\/p>\n<blockquote class=\"wp-embedded-content\" data-secret=\"1DZadb1akR\">\n<p><a href=\"https:\/\/www.innovant.fr\/2024\/08\/18\/enquete-choc-ces-influenceurs-tres-connus-qui-achetent-des-followers-pour-gagner-de-largent\/\" rel=\"nofollow noopener\" target=\"_blank\">Enqu\u00eate choc : ces influenceurs tr\u00e8s connus qui ach\u00e8tent des followers pour gagner de l\u2019argent<\/a><\/p>\n<\/blockquote>\n<p>Disasters en conditions r\u00e9elles<\/p>\n<p>Des accidents r\u00e9els ont d\u00e9montr\u00e9 les dangers des changements de pression. En 1983, l\u2019accident du Byford Dolphin a \u00e9t\u00e9 l\u2019un des exemples les plus extr\u00eames de d\u00e9compression explosive. Quatre plongeurs ont \u00e9t\u00e9 expos\u00e9s \u00e0 une chute de pression rapide, entra\u00eenant des blessures graves et mortelles. Cet incident souligne la brutalit\u00e9 des diff\u00e9rences de pression soudaines, m\u00eame si le vide spatial repr\u00e9sente une chute de pression plus mod\u00e9r\u00e9e par rapport aux profondeurs marines.<\/p>\n<p>Les exp\u00e9riences de Joe Kittinger lors de son saut en ballon \u00e0 plus de 30 000 m\u00e8tres ont montr\u00e9 que le corps peut parfois r\u00e9sister \u00e0 des conditions extr\u00eames, bien que la r\u00e9cup\u00e9ration d\u00e9pende de facteurs complexes. Les incidents de d\u00e9compression dans des chambres \u00e0 vide, comme celui v\u00e9cu par Jim LeBlanc, illustrent la rapidit\u00e9 avec laquelle les secours doivent intervenir pour pr\u00e9venir les dommages permanents.<\/p>\n<p>La r\u00e9alit\u00e9 scientifique de l\u2019exposition au vide spatial est loin des exag\u00e9rations hollywoodiennes. Elle met en lumi\u00e8re la fragilit\u00e9 humaine face \u00e0 des conditions extr\u00eames. La v\u00e9ritable question est alors : comment la technologie et la formation des astronautes peuvent-elles encore \u00e9voluer pour minimiser ces risques inh\u00e9rents \u00e0 l\u2019exploration spatiale ?<\/p>\n<p>L\u2019auteur s\u2019est appuy\u00e9 sur l\u2019intelligence artificielle pour enrichir cet article.<\/p>\n<p id=\"rating\">\u00c7a vous a plu ?\u00a04.7\/5 (25)<\/p>\n","protected":false},"excerpt":{"rendered":"EN BREF \ud83c\udf0c Exposition au vide spatial : Contrairement aux id\u00e9es re\u00e7ues, le corps humain ne se d\u00e9sint\u00e8gre&hellip;\n","protected":false},"author":2,"featured_media":162608,"comment_status":"","ping_status":"","sticky":false,"template":"","format":"standard","meta":{"footnotes":""},"categories":[7],"tags":[1011,27,43,40,41,39,42,44],"class_list":{"0":"post-162607","1":"post","2":"type-post","3":"status-publish","4":"format-standard","5":"has-post-thumbnail","7":"category-sciences-et-technologies","8":"tag-fr","9":"tag-france","10":"tag-science","11":"tag-science-and-technology","12":"tag-sciences","13":"tag-sciences-et-technologies","14":"tag-technologies","15":"tag-technology"},"share_on_mastodon":{"url":"https:\/\/pubeurope.com\/@fr\/114651959549568810","error":""},"_links":{"self":[{"href":"https:\/\/www.europesays.com\/fr\/wp-json\/wp\/v2\/posts\/162607","targetHints":{"allow":["GET"]}}],"collection":[{"href":"https:\/\/www.europesays.com\/fr\/wp-json\/wp\/v2\/posts"}],"about":[{"href":"https:\/\/www.europesays.com\/fr\/wp-json\/wp\/v2\/types\/post"}],"author":[{"embeddable":true,"href":"https:\/\/www.europesays.com\/fr\/wp-json\/wp\/v2\/users\/2"}],"replies":[{"embeddable":true,"href":"https:\/\/www.europesays.com\/fr\/wp-json\/wp\/v2\/comments?post=162607"}],"version-history":[{"count":0,"href":"https:\/\/www.europesays.com\/fr\/wp-json\/wp\/v2\/posts\/162607\/revisions"}],"wp:featuredmedia":[{"embeddable":true,"href":"https:\/\/www.europesays.com\/fr\/wp-json\/wp\/v2\/media\/162608"}],"wp:attachment":[{"href":"https:\/\/www.europesays.com\/fr\/wp-json\/wp\/v2\/media?parent=162607"}],"wp:term":[{"taxonomy":"category","embeddable":true,"href":"https:\/\/www.europesays.com\/fr\/wp-json\/wp\/v2\/categories?post=162607"},{"taxonomy":"post_tag","embeddable":true,"href":"https:\/\/www.europesays.com\/fr\/wp-json\/wp\/v2\/tags?post=162607"}],"curies":[{"name":"wp","href":"https:\/\/api.w.org\/{rel}","templated":true}]}}