{"id":162613,"date":"2025-06-09T06:22:09","date_gmt":"2025-06-09T06:22:09","guid":{"rendered":"https:\/\/www.europesays.com\/fr\/162613\/"},"modified":"2025-06-09T06:22:09","modified_gmt":"2025-06-09T06:22:09","slug":"dans-le-loiret-le-rn-soffre-une-grande-sauterie-internationale-pour-oublier-les-galeres-internes","status":"publish","type":"post","link":"https:\/\/www.europesays.com\/fr\/162613\/","title":{"rendered":"Dans le Loiret, le RN s\u2019offre une grande sauterie internationale pour oublier les gal\u00e8res internes"},"content":{"rendered":"<p>        <img decoding=\"async\" loading=\"lazy\" src=\"https:\/\/www.europesays.com\/fr\/wp-content\/uploads\/2025\/06\/f7c0203_sirius-fs-upload-1-uua2ezhzfppy-1749222145901-000-36jc2zu.jpg\"  width=\"728\" height=\"409\" alt=\"Marine Le Pen et Jordan Bardella, ici photographi\u00e9s \u00e0 Nice au mois d\u2019octobre. (photo illustration)\"\/>  <\/p>\n<p>VALERY HACHE \/ AFP<\/p>\n<p>Marine Le Pen et Jordan Bardella, ici photographi\u00e9s \u00e0 Nice au mois d\u2019octobre. (photo illustration)<\/p>\n<p class=\"asset asset-text\">POLITIQUE &#8211; Mormant-sur-Vernisson. C\u2019est dans ce village du Loiret h\u00e9bergeant moins de 150\u00a0\u00e2mes que le gratin de l\u2019extr\u00eame droite europ\u00e9enne va tenir meeting ce lundi 9\u00a0juin, \u00e0 l\u2019initiative du <a href=\"https:\/\/www.huffingtonpost.fr\/politique\/article\/dans-ambition-intime-sur-m6-jordan-bardella-balaye-les-rumeurs-sur-son-orientation-sexuelle_250792.html\" target=\"_blank\" rel=\"noopener\">Rassemblement national<\/a>. \u00c0 l\u2019affiche, le Premier ministre Hongrois <a href=\"https:\/\/www.huffingtonpost.fr\/politique\/article\/viktor-orban-de-principal-allie-de-marine-le-pen-a-boulet-pour-le-rassemblement-national_247718.html\" target=\"_blank\" rel=\"noopener\">Viktor Orb\u00e1n<\/a>, le Vice-pr\u00e9sident du Conseil des ministres d\u2019Italie Matteo Salvini, le chef de file de l\u2019extr\u00eame droite espagnole (Vox) Santiago Abascal ou encore les locaux, Marine Le\u00a0Pen et Jordan Bardella.<\/p>\n<p class=\"asset asset-text\">Objectif des festivit\u00e9s selon le RN\u00a0: c\u00e9l\u00e9brer \u00ab\u00a0la victoire historique du 9\u00a0juin\u00a02024\u00a0\u00bb, lors des \u00e9lections europ\u00e9ennes. Ce scrutin qui a marqu\u00e9 une pouss\u00e9e de l\u2019extr\u00eame droite \u00e0 l\u2019\u00e9chelle du Vieux Continent et qui, en France, a conduit Emmanuel Macron \u00e0 dissoudre l\u2019Assembl\u00e9e nationale. En r\u00e9alit\u00e9, toutes les forces nationalistes n\u2019ont pas marqu\u00e9 une progression comme celle de la liste conduite par Jordan Bardella. Si le RN a progress\u00e9 de huit points entre 2019 et 2024, le parti de la guest-star du jour, Viktor Orb\u00e1n, \u00e9tait lui en recul sur ce vote.<\/p>\n<p class=\"asset asset-text\">Son parti, le Fidesz, a fondu de pr\u00e8s de 9\u00a0points entre les deux \u00e9lections. En outre, le Premier ministre hongrois compte d\u00e9sormais 10\u00a0eurod\u00e9put\u00e9s (contre 13\u00a0durant la pr\u00e9c\u00e9dente l\u00e9gislature). Mais qu\u2019importent ces chiffres qui nuancent un discours triomphaliste, l\u2019ambiance est \u00e0 la f\u00eate, alors que l\u2019extr\u00eame droite ne cesse de gagner du terrain \u00e0 l\u2019\u00e9chelle europ\u00e9enne. Sans pour autant, encore, tout emporter sur son passage. Ainsi, si la Pologne se retrouve depuis quelques jours avec <a href=\"https:\/\/www.huffingtonpost.fr\/international\/article\/karol-nawrocki-gagne-la-presidentielle-en-pologne-une-mauvaise-nouvelle-pour-l-ukraine_250785.html\" target=\"_blank\" rel=\"noopener\">un pr\u00e9sident nationaliste<\/a>, la Roumanie a r\u00e9sist\u00e9 \u00e0 la vague brune (<a href=\"https:\/\/www.huffingtonpost.fr\/politique\/article\/apres-la-presidentielle-en-roumanie-ces-allegations-reprises-par-le-rn-dementies-par-la-france_250215.html\" target=\"_blank\" rel=\"noopener\">au grand dam des relais de la propagande russe au RN<\/a>).<\/p>\n<p>    \u00ab\u00a0D\u00e9monstration de force\u00a0\u00bb    <\/p>\n<p class=\"asset asset-text\">\u00ab\u00a0La f\u00eate des Patriotes est bien plus qu\u2019une simple c\u00e9l\u00e9bration \u2014 c\u2019est une d\u00e9monstration de force, de solidarit\u00e9 et de but commun pour une nouvelle Europe fond\u00e9e sur la souverainet\u00e9, l\u2019identit\u00e9 et la libert\u00e9\u00a0\u00bb, vante le parti lep\u00e9niste qui, en r\u00e9alit\u00e9, a bien besoin d\u2019une parenth\u00e8se festive pour noyer ses soucis. Car depuis la condamnation de Marine Le\u00a0Pen pour d\u00e9tournement de fonds publics \u00e0 une peine d\u2019in\u00e9ligibilit\u00e9 avec ex\u00e9cution imm\u00e9diate, compromettant consid\u00e9rablement sa capacit\u00e9 \u00e0 se porter candidate en 2027, c\u2019est tout l\u2019\u00e9difice frontiste qui vacille.<\/p>\n<p class=\"asset asset-text\">Et avec tout ce que \u00e7a implique <a href=\"https:\/\/www.huffingtonpost.fr\/politique\/article\/une-ambition-intime-avec-jordan-bardella-pourquoi-ses-confessions-tombent-si-mal-pour-le-rn_250760.html\" target=\"_blank\" rel=\"noopener\">de tensions internes<\/a> dans l\u2019optique de la prochaine pr\u00e9sidentielle. Le RN est-il irresponsable en maintenant co\u00fbte que co\u00fbte la candidature de la patronne, dont la viabilit\u00e9 est conditionn\u00e9e \u00e0 la cl\u00e9mence (loin d\u2019\u00eatre acquise) d\u2019une d\u00e9cision en appel qui interviendra \u00e0 l\u2019\u00e9t\u00e9 2026\u00a0? Plusieurs le pensent au RN et chez ses satellites, et poussent ainsi pour faire d\u00e9coller la fus\u00e9e Jordan Bardella. Ce qui irrite consid\u00e9rablement les fid\u00e8les de Marine Le\u00a0Pen. \u00ab\u00a0\u00c0 l\u2019Assembl\u00e9e, dans les couloirs, on voit que les marinistes revendiqu\u00e9s ne sont pas bien et qu\u2019ils sont inquiets. Ils se disent que si c\u2019est Bardella, c\u2019est fini pour eux, ils n\u2019en veulent pas\u00a0\u00bb, s\u2019amuse aupr\u00e8s du HuffPost un d\u00e9put\u00e9 LR, croyant percevoir une \u00ab\u00a0f\u00e9brilit\u00e9\u00a0\u00bb chez ses coll\u00e8gues lep\u00e9nistes.<\/p>\n<p>    Vieux d\u00e9mons    <\/p>\n<p class=\"asset asset-text\">En outre, le RN s\u2019est retrouv\u00e9 ces derniers jours rattrap\u00e9s par ses vieux d\u00e9mons. Mardi 3\u00a0juin, le m\u00e9dia <a href=\"https:\/\/www.huffingtonpost.fr\/politique\/article\/plusieurs-deputes-rn-reperes-dans-un-groupe-facebook-aux-propos-racistes-et-homophobes-revele-les-jours_250873.html\" target=\"_blank\" rel=\"noopener\" title=\"Nouvelle fen\u00eatre\">Les Jours<\/a> a r\u00e9v\u00e9l\u00e9 que neuf d\u00e9put\u00e9s RN \u00e9taient membres d\u2019un groupe Facebook dans lequel des propos racistes, antis\u00e9mites et homophobes \u00e9taient r\u00e9guli\u00e8rement publi\u00e9s. Des r\u00e9v\u00e9lations qui tombent mal dans le contexte du crime raciste commis \u00e0 Puget-sur-Argens le 31\u00a0mai. Selon les premiers \u00e9l\u00e9ments de l\u2019enqu\u00eate, l\u2019auteur de l\u2019attaque avait une activit\u00e9 num\u00e9rique assez <a href=\"https:\/\/www.lemonde.fr\/societe\/article\/2025\/06\/03\/christophe-b-une-haine-raciale-alimentee-par-la-fachosphere_6610405_3224.html\" target=\"_blank\" rel=\"noopener\" title=\"Nouvelle fen\u00eatre\">proche des contenus que l\u2019on trouve dans ce genre de groupe Facebook<\/a>.<\/p>\n<p class=\"asset asset-text\">Plus pr\u00e9cis\u00e9ment, Christophe Belgembe appelait sur les r\u00e9seaux sociaux \u00e0 \u00ab\u00a0voter\u00a0\u00bb pour le RN, consid\u00e9rant que seuls Jordan Bardella et Marine Le\u00a0Pen pouvaient sortir la France \u00ab\u00a0de la merde\u00a0\u00bb. Une proximit\u00e9 avec les id\u00e9es d\u00e9fendues par le parti lep\u00e9niste qui a provoqu\u00e9 une certaine g\u00eane en interne, o\u00f9 peu d\u2019\u00e9lus ont exprim\u00e9 leur indignation apr\u00e8s l\u2019attaque commise par celui qui est pourtant d\u00e9sormais mis en examen pour \u00ab\u00a0assassinat terroriste\u00a0\u00bb. Un comble pour une famille politique qui se pr\u00e9sente \u00e0 la pointe dans la lutte contre l\u2019ins\u00e9curit\u00e9 et qui a \u00e9rig\u00e9 la r\u00e9cup\u00e9ration politique des faits divers en discipline olympique.<\/p>\n<p class=\"asset asset-text\">Cette respiration internationale est donc la bienvenue pour Marine Le\u00a0Pen et Jordan Bardella. M\u00eame si, sur place, des contre-rassemblements sont organis\u00e9s dans des communes voisines. Ceux-ci rassembleront plusieurs personnalit\u00e9s, comme les \u00e9lus PS Philippe Brun ou Chlo\u00e9 Ridel, en passant par l\u2019insoumis Louis Boyard ou le s\u00e9nateur communiste Ian Brossat. Des figures de la soci\u00e9t\u00e9 civile, comme Sophie Binet ou le fondateur de Mediapart Edwy Plenel sont \u00e9galement annonc\u00e9es. M\u00eame lorsqu\u2019elle s\u2019\u00e9vade dans le Loiret pour c\u00e9l\u00e9brer une victoire, l\u2019extr\u00eame droite trouve des adversaires pour lui g\u00e2cher la f\u00eate.<\/p>\n","protected":false},"excerpt":{"rendered":"VALERY HACHE \/ AFP Marine Le Pen et Jordan Bardella, ici photographi\u00e9s \u00e0 Nice au mois d\u2019octobre. (photo&hellip;\n","protected":false},"author":2,"featured_media":162614,"comment_status":"","ping_status":"","sticky":false,"template":"","format":"standard","meta":{"footnotes":""},"categories":[4],"tags":[11,674,1011,27,14,1077,430,3999,12,316,1078,25,7247],"class_list":{"0":"post-162613","1":"post","2":"type-post","3":"status-publish","4":"format-standard","5":"has-post-thumbnail","7":"category-france","8":"tag-actualites","9":"tag-europe","10":"tag-fr","11":"tag-france","12":"tag-international","13":"tag-jordan-bardella","14":"tag-marine-le-pen","15":"tag-matteo-salvini","16":"tag-news","17":"tag-politique","18":"tag-rassemblement-national","19":"tag-republique-francaise","20":"tag-viktor-orban"},"share_on_mastodon":{"url":"https:\/\/pubeurope.com\/@fr\/114651971261293698","error":""},"_links":{"self":[{"href":"https:\/\/www.europesays.com\/fr\/wp-json\/wp\/v2\/posts\/162613","targetHints":{"allow":["GET"]}}],"collection":[{"href":"https:\/\/www.europesays.com\/fr\/wp-json\/wp\/v2\/posts"}],"about":[{"href":"https:\/\/www.europesays.com\/fr\/wp-json\/wp\/v2\/types\/post"}],"author":[{"embeddable":true,"href":"https:\/\/www.europesays.com\/fr\/wp-json\/wp\/v2\/users\/2"}],"replies":[{"embeddable":true,"href":"https:\/\/www.europesays.com\/fr\/wp-json\/wp\/v2\/comments?post=162613"}],"version-history":[{"count":0,"href":"https:\/\/www.europesays.com\/fr\/wp-json\/wp\/v2\/posts\/162613\/revisions"}],"wp:featuredmedia":[{"embeddable":true,"href":"https:\/\/www.europesays.com\/fr\/wp-json\/wp\/v2\/media\/162614"}],"wp:attachment":[{"href":"https:\/\/www.europesays.com\/fr\/wp-json\/wp\/v2\/media?parent=162613"}],"wp:term":[{"taxonomy":"category","embeddable":true,"href":"https:\/\/www.europesays.com\/fr\/wp-json\/wp\/v2\/categories?post=162613"},{"taxonomy":"post_tag","embeddable":true,"href":"https:\/\/www.europesays.com\/fr\/wp-json\/wp\/v2\/tags?post=162613"}],"curies":[{"name":"wp","href":"https:\/\/api.w.org\/{rel}","templated":true}]}}