{"id":162620,"date":"2025-06-09T06:26:15","date_gmt":"2025-06-09T06:26:15","guid":{"rendered":"https:\/\/www.europesays.com\/fr\/162620\/"},"modified":"2025-06-09T06:26:15","modified_gmt":"2025-06-09T06:26:15","slug":"a-labandon-depuis-30-ans-ce-batiment-emblematique-va-connaitre-une-seconde-vie","status":"publish","type":"post","link":"https:\/\/www.europesays.com\/fr\/162620\/","title":{"rendered":"\u00e0 l&rsquo;abandon depuis 30 ans, ce b\u00e2timent embl\u00e9matique va conna\u00eetre une seconde vie"},"content":{"rendered":"<p>            Par<br \/>\n        <strong><br \/>\n            <a href=\"https:\/\/actu.fr\/auteur\/pierre-emile-bouchy-actu-fr\" title=\"Consulter tous les articles de Paul-Emile Bouchy\" target=\"_blank\" rel=\"noopener\">Paul-Emile Bouchy<\/a><br \/>\n        <\/strong><\/p>\n<p>        Publi\u00e9 le<\/p>\n<p>            9 juin 2025 \u00e0 8h02        <\/p>\n<p>Situ\u00e9 le long de la Meurthe, \u00e0 c\u00f4t\u00e9 du pont reliant <a href=\"https:\/\/actu.fr\/grand-est\/nancy_54395\" target=\"_blank\" rel=\"noopener\">Nancy<\/a> \u00e0 Saint-Max, <strong>l\u2019ancien centre nautique de Nancy<\/strong> voit de nombreux marcheurs et coureurs passer chaque jour.<\/p>\n<p class=\" wall-content\">Pourtant, cet imposant b\u00e2timent datant de la fin du 19e si\u00e8cle n\u2019est <strong>plus exploit\u00e9 depuis 1996<\/strong>. Cela ne sera plus le cas dans quelques mois.<\/p>\n<p>Une brasserie rappelant l\u2019histoire du b\u00e2timent<\/p>\n<p class=\" wall-content\">Ce b\u00e2timent embl\u00e9matique et bien connu des Nanc\u00e9iens va conna\u00eetre une nouvelle vie gr\u00e2ce \u00e0 trois amis associ\u00e9s\u2009: Basile, Alex et Jordan. \u00ab<strong>\u2009On va y cr\u00e9er une brasserie, un lieu populaire qui sera aussi une guinguette durant l\u2019\u00e9t\u00e9<\/strong>\u2009\u00bb, expliquent-ils.<\/p>\n<p class=\" wall-content\">Leur projet est de <strong>redonner au b\u00e2timent son prestige<\/strong>. \u00ab\u2009On va le refaire \u00e0 l\u2019identique, mais en neuf\u2009\u00bb, pr\u00e9cise Basile.<\/p>\n<p class=\" wall-content\">L\u2019\u00e9tablissement, qui se nommera <strong>\u00ab\u2009L\u2019Aviron\u2009\u00bb<\/strong>, fera r\u00e9f\u00e9rence \u00e0 l\u2019histoire du lieu\u2009: \u00ab\u2009On aura <strong>une d\u00e9coration autour de l\u2019esprit du centre nautique<\/strong>, avec des anciens avirons par exemple.\u2009\u00bb<\/p>\n<p>Une ouverture attendue pour le printemps 2026<\/p>\n<p class=\" wall-content\">Les travaux doivent d\u00e9buter \u00e0 la fin de l\u2019ann\u00e9e. \u00ab\u2009On esp\u00e8re pouvoir <strong>ouvrir pour le printemps 2026<\/strong>. On y proposera une restauration traditionnelle avec des produits locaux et qui privil\u00e9gient les circuits courts\u2009\u00bb, ajoutent les trois associ\u00e9s.<\/p>\n<p class=\" wall-content\">La brasserie aura une capacit\u00e9 de 200 places assises. Si un parking se trouve \u00e0 proximit\u00e9 pour stationner, elle sera facilement accessible en <a href=\"https:\/\/actu.fr\/tag\/trolleybus\" target=\"_blank\" rel=\"noopener\">trolleybus<\/a> puisqu\u2019elle sera situ\u00e9e \u00e0 proximit\u00e9 de l\u2019arr\u00eat Cristalleries-Stade Marcel Picot.<\/p>\n<p class=\" wall-content\">Suivez toute l\u2019actualit\u00e9 de vos villes et m\u00e9dias favoris en vous inscrivant \u00e0 <a href=\"https:\/\/moncompte.actu.fr\" title=\"D\u00e9couvez Mon Actu\" rel=\"nofollow noopener\" data-trk=\"{&quot;cta&quot;:{&quot;action&quot;:&quot;https:\\\/\\\/moncompte.actu.fr&quot;,&quot;category&quot;:&quot;mon compte&quot;,&quot;from&quot;:&quot;article footer&quot;,&quot;name&quot;:&quot;Mon actu&quot;,&quot;type&quot;:&quot;cta&quot;}}\" target=\"_blank\">Mon Actu<\/a>.<\/p>\n<ul class=\"ac-article-tag wall-content\">\n<li><a href=\"https:\/\/actu.fr\/tag\/commerce\" data-trk=\"{&quot;cta&quot;:{&quot;action&quot;:&quot;Commerce&quot;,&quot;category&quot;:&quot;tag&quot;,&quot;from&quot;:&quot;article footer&quot;,&quot;name&quot;:&quot;Commerce&quot;,&quot;type&quot;:&quot;cta&quot;}}\" target=\"_blank\" rel=\"noopener\">#Commerce<\/a><\/li>\n<li><a href=\"https:\/\/actu.fr\/tag\/nouveaux-commerces\" data-trk=\"{&quot;cta&quot;:{&quot;action&quot;:&quot;Nouveaux commerces&quot;,&quot;category&quot;:&quot;tag&quot;,&quot;from&quot;:&quot;article footer&quot;,&quot;name&quot;:&quot;Nouveaux commerces&quot;,&quot;type&quot;:&quot;cta&quot;}}\" target=\"_blank\" rel=\"noopener\">#Nouveaux commerces<\/a><\/li>\n<\/ul>\n","protected":false},"excerpt":{"rendered":"Par Paul-Emile Bouchy Publi\u00e9 le 9 juin 2025 \u00e0 8h02 Situ\u00e9 le long de la Meurthe, \u00e0 c\u00f4t\u00e9&hellip;\n","protected":false},"author":2,"featured_media":162621,"comment_status":"","ping_status":"","sticky":false,"template":"","format":"standard","meta":{"footnotes":""},"categories":[9635],"tags":[1111,11,215,33,1777,674,1011,27,775,1702,12,3147,25],"class_list":{"0":"post-162620","1":"post","2":"type-post","3":"status-publish","4":"format-standard","5":"has-post-thumbnail","7":"category-nancy","8":"tag-actu","9":"tag-actualites","10":"tag-commerce","11":"tag-economie","12":"tag-eu","13":"tag-europe","14":"tag-fr","15":"tag-france","16":"tag-grand-est","17":"tag-nancy","18":"tag-news","19":"tag-nouveaux-commerces","20":"tag-republique-francaise"},"share_on_mastodon":{"url":"https:\/\/pubeurope.com\/@fr\/114651986918035435","error":""},"_links":{"self":[{"href":"https:\/\/www.europesays.com\/fr\/wp-json\/wp\/v2\/posts\/162620","targetHints":{"allow":["GET"]}}],"collection":[{"href":"https:\/\/www.europesays.com\/fr\/wp-json\/wp\/v2\/posts"}],"about":[{"href":"https:\/\/www.europesays.com\/fr\/wp-json\/wp\/v2\/types\/post"}],"author":[{"embeddable":true,"href":"https:\/\/www.europesays.com\/fr\/wp-json\/wp\/v2\/users\/2"}],"replies":[{"embeddable":true,"href":"https:\/\/www.europesays.com\/fr\/wp-json\/wp\/v2\/comments?post=162620"}],"version-history":[{"count":0,"href":"https:\/\/www.europesays.com\/fr\/wp-json\/wp\/v2\/posts\/162620\/revisions"}],"wp:featuredmedia":[{"embeddable":true,"href":"https:\/\/www.europesays.com\/fr\/wp-json\/wp\/v2\/media\/162621"}],"wp:attachment":[{"href":"https:\/\/www.europesays.com\/fr\/wp-json\/wp\/v2\/media?parent=162620"}],"wp:term":[{"taxonomy":"category","embeddable":true,"href":"https:\/\/www.europesays.com\/fr\/wp-json\/wp\/v2\/categories?post=162620"},{"taxonomy":"post_tag","embeddable":true,"href":"https:\/\/www.europesays.com\/fr\/wp-json\/wp\/v2\/tags?post=162620"}],"curies":[{"name":"wp","href":"https:\/\/api.w.org\/{rel}","templated":true}]}}