{"id":162628,"date":"2025-06-09T06:31:13","date_gmt":"2025-06-09T06:31:13","guid":{"rendered":"https:\/\/www.europesays.com\/fr\/162628\/"},"modified":"2025-06-09T06:31:13","modified_gmt":"2025-06-09T06:31:13","slug":"mercato-yohan-demoncy-une-piste-pour-montpellier","status":"publish","type":"post","link":"https:\/\/www.europesays.com\/fr\/162628\/","title":{"rendered":"[Mercato] Yohan Demoncy, une piste pour Montpellier ?"},"content":{"rendered":"<p>Le MHSC multiplie les pistes pour renforcer son milieu de terrain et un nom inattendu pourrait s\u2019ajouter \u00e0 la liste :\u00a0<strong>Yohan Demoncy<\/strong>, auteur d\u2019une saison remarquable sous les couleurs du <strong>FC Annecy.<\/strong> Selon la version papier du\u00a0<a href=\"https:\/\/www.ledauphine.com\/sport\/2025\/06\/07\/demoncy-et-le-fc-annecy-c-est-fini\" target=\"_blank\" rel=\"noopener nofollow\" title=\"\">Dauphin\u00e9 Lib\u00e9r\u00e9<\/a>\u00a0parue ce samedi, le MHSC ferait partie des clubs int\u00e9ress\u00e9s. De quoi relancer les sp\u00e9culations, malgr\u00e9 un climat d\u2019incertitude autour du dossier.<\/p>\n<p><img loading=\"lazy\" title=\"ESTAC Troyes v FC Annecy - Ligue 2 BKT 20242025 | AllezPaillade.com\" decoding=\"async\" width=\"1024\" height=\"683\" src=\"https:\/\/www.europesays.com\/fr\/wp-content\/uploads\/2025\/06\/ICONSPORT_250015_0394-1024x683.jpg\" alt=\"\" class=\"wp-image-170849\"  \/>Cr\u00e9dits Iconsport<\/p>\n<p>En fin de contrat, le milieu axial va quitter un club o\u00f9 il a brill\u00e9 cette saison avec\u00a0<strong>7 buts et 5 passes d\u00e9cisives<\/strong>, soit une implication directe sur\u00a0<strong>45 % des buts<\/strong>\u00a0de son \u00e9quipe. Un bilan plus qu\u2019honorable pour un joueur qui sort clairement la saison la plus accomplie de sa carri\u00e8re. Ce samedi matin, l\u2019\u00e9dition\u00a0<strong>papier<\/strong>\u00a0du\u00a0Dauphin\u00e9 Lib\u00e9r\u00e9\u00a0d\u00e9signe les trois rel\u00e9gu\u00e9s de Ligue 1 comme destinations possibles :\u00a0<strong>Reims<\/strong>,\u00a0<strong>Saint-\u00c9tienne<\/strong>\u2026 et\u00a0<strong>Montpellier<\/strong>.<\/p>\n<p>Une information qui a de quoi retenir l\u2019attention : le MHSC a besoin de profils exp\u00e9riment\u00e9s qui sont capables d\u2019encadrer une \u00e9quipe en reconstruction. Et Demoncy, avec ses performances constantes, son v\u00e9cu en L2 et sa capacit\u00e9 \u00e0 peser sur le jeu, pourrait correspondre au profil recherch\u00e9.<\/p>\n<p>Sauf que la situation se complique : la\u00a0<strong>version num\u00e9rique<\/strong>\u00a0du m\u00eame article, mis \u00e0 jour entre temps,\u00a0<strong>ne mentionne plus ni Montpellier ni Saint-\u00c9tienne<\/strong>. Seul\u00a0<strong>le Stade de Reims<\/strong>\u00a0y appara\u00eet comme \u00e9tant\u00a0<strong>en contacts avanc\u00e9s<\/strong> avec le joueur.<\/p>\n<blockquote class=\"twitter-tweet\" data-width=\"550\" data-dnt=\"true\">\n<p lang=\"fr\" dir=\"ltr\">Voici l\u2019extrait tir\u00e9 de la version papier concernant la piste Yohan Demoncy. \u00c0 noter que la version num\u00e9rique a \u00e9t\u00e9 modifi\u00e9e hier, contrairement \u00e0 l\u2019\u00e9dition imprim\u00e9e parue ce matin. \u00c0 chacun de se faire son propre avis.<a href=\"https:\/\/twitter.com\/hashtag\/ASSE?src=hash&amp;ref_src=twsrc%5Etfw\" rel=\"nofollow noopener\" target=\"_blank\">#ASSE<\/a> <a href=\"https:\/\/twitter.com\/hashtag\/MHSC?src=hash&amp;ref_src=twsrc%5Etfw\" rel=\"nofollow noopener\" target=\"_blank\">#MHSC<\/a> <a href=\"https:\/\/t.co\/KjbaUoqQVN\" rel=\"nofollow\">pic.twitter.com\/KjbaUoqQVN<\/a><\/p>\n<p>\u2014 Johan DesVerts (@JohanDesverts) <a href=\"https:\/\/twitter.com\/JohanDesverts\/status\/1931692595073224954?ref_src=twsrc%5Etfw\" rel=\"nofollow noopener\" target=\"_blank\">June 8, 2025<\/a><\/p><\/blockquote>\n<p>\u00c0 suivre dans les prochains jours, comme souvent en juin, o\u00f9 le mercato va vite et o\u00f9 certaines pistes disparaissent aussi rapidement qu\u2019elles sont sorties.<\/p>\n<p>  <script async src=\"https:\/\/platform.twitter.com\/widgets.js\" charset=\"utf-8\"><\/script><\/p>\n","protected":false},"excerpt":{"rendered":"Le MHSC multiplie les pistes pour renforcer son milieu de terrain et un nom inattendu pourrait s\u2019ajouter \u00e0&hellip;\n","protected":false},"author":2,"featured_media":162629,"comment_status":"","ping_status":"","sticky":false,"template":"","format":"standard","meta":{"footnotes":""},"categories":[9599],"tags":[328,1111,11,1777,674,1011,27,1434,2208,12,2680,25],"class_list":{"0":"post-162628","1":"post","2":"type-post","3":"status-publish","4":"format-standard","5":"has-post-thumbnail","7":"category-montpellier","8":"tag-a-la-une","9":"tag-actu","10":"tag-actualites","11":"tag-eu","12":"tag-europe","13":"tag-fr","14":"tag-france","15":"tag-mercato","16":"tag-montpellier","17":"tag-news","18":"tag-occitanie","19":"tag-republique-francaise"},"share_on_mastodon":{"url":"https:\/\/pubeurope.com\/@fr\/114652006594135142","error":""},"_links":{"self":[{"href":"https:\/\/www.europesays.com\/fr\/wp-json\/wp\/v2\/posts\/162628","targetHints":{"allow":["GET"]}}],"collection":[{"href":"https:\/\/www.europesays.com\/fr\/wp-json\/wp\/v2\/posts"}],"about":[{"href":"https:\/\/www.europesays.com\/fr\/wp-json\/wp\/v2\/types\/post"}],"author":[{"embeddable":true,"href":"https:\/\/www.europesays.com\/fr\/wp-json\/wp\/v2\/users\/2"}],"replies":[{"embeddable":true,"href":"https:\/\/www.europesays.com\/fr\/wp-json\/wp\/v2\/comments?post=162628"}],"version-history":[{"count":0,"href":"https:\/\/www.europesays.com\/fr\/wp-json\/wp\/v2\/posts\/162628\/revisions"}],"wp:featuredmedia":[{"embeddable":true,"href":"https:\/\/www.europesays.com\/fr\/wp-json\/wp\/v2\/media\/162629"}],"wp:attachment":[{"href":"https:\/\/www.europesays.com\/fr\/wp-json\/wp\/v2\/media?parent=162628"}],"wp:term":[{"taxonomy":"category","embeddable":true,"href":"https:\/\/www.europesays.com\/fr\/wp-json\/wp\/v2\/categories?post=162628"},{"taxonomy":"post_tag","embeddable":true,"href":"https:\/\/www.europesays.com\/fr\/wp-json\/wp\/v2\/tags?post=162628"}],"curies":[{"name":"wp","href":"https:\/\/api.w.org\/{rel}","templated":true}]}}