{"id":162630,"date":"2025-06-09T06:32:08","date_gmt":"2025-06-09T06:32:08","guid":{"rendered":"https:\/\/www.europesays.com\/fr\/162630\/"},"modified":"2025-06-09T06:32:08","modified_gmt":"2025-06-09T06:32:08","slug":"participez-a-la-minute-internationale-des-odeurs-dans-la-manche","status":"publish","type":"post","link":"https:\/\/www.europesays.com\/fr\/162630\/","title":{"rendered":"Participez \u00e0 la Minute internationale des odeurs dans la Manche"},"content":{"rendered":"<p>            Par<br \/>\n        <strong><br \/>\n            <a href=\"https:\/\/actu.fr\/auteur\/redaction-pressemanche\" title=\"Consulter tous les articles de R\u00e9daction La Presse de la Manche\" rel=\"nofollow noopener\" target=\"_blank\">R\u00e9daction La Presse de la Manche<\/a><br \/>\n        <\/strong><\/p>\n<p>        Publi\u00e9 le<\/p>\n<p>            9 juin 2025 \u00e0 8h00        <\/p>\n<p><b>Mardi 10\u00a0juin 2025<\/b>, \u00e0 10\u2009h\u200906, <b>Atmo <\/b><a href=\"https:\/\/actu.fr\/normandie\/\" rel=\"nofollow noopener\" target=\"_blank\">Normandie<\/a> invite le public \u00e0 prendre <b>une minute pour se reconnecter \u00e0 son odorat.<\/b><\/p>\n<p class=\" wall-content\">\u00c0 l\u2019occasion de la 2e \u00e9dition de la <b>Minute internationale des odeurs<\/b>, chacun est encourag\u00e9 \u00e0<b> identifier une odeur autour de lui et \u00e0 la d\u00e9crire sur une carte. <\/b>L\u2019odorat est un sens essentiel\u2009: il influence notre m\u00e9moire, nos \u00e9motions\u2026 Pourtant, il est rarement mis en avant.<\/p>\n<p>10\u2009% des Fran\u00e7ais souffrent de troubles de l\u2019odorat<\/p>\n<p class=\" wall-content\">Avec cet \u00e9v\u00e9nement, Atmo Normandie veut <b>mieux faire conna\u00eetre son importance dans notre quotidien.<\/b><\/p>\n<p class=\" wall-content\"><b>Environ 10\u2009% de la population <\/b>souffre de troubles de l\u2019odorat, dont <b>5\u2009%<\/b> <b>d\u2019anosmie<\/b>. Chez les enfants, cette perte passe souvent inaper\u00e7ue car elle n\u2019est pas d\u00e9pist\u00e9e \u00e0 la naissance. Un diagnostic pr\u00e9coce pourrait pourtant am\u00e9liorer leur qualit\u00e9 de vie.<\/p>\n<p class=\" wall-content\">En partenariat avec l\u2019association <a href=\"https:\/\/anosmie.org\/\" rel=\"nofollow noopener\" target=\"_blank\">Anosmie.org<\/a>, Atmo Normandie souhaite sensibiliser le public sur ce handicap, \u00e0 travers un geste simple et accessible \u00e0 tous. <b>L\u2019\u00e9v\u00e9nement est ouvert \u00e0 tous<\/b>\u2009: habitants, \u00e9l\u00e8ves, professionnels\u2026 <b>Comment participer\u2009?<\/b><\/p>\n<p class=\" wall-content\"><b>Le 10\u00a0juin \u00e0 10\u2009h\u200906\u2009: prenez une minute<\/b> pour sentir votre environnement, <b>notez <\/b>ce que vous percevez sur une carte bristol (10\u00d715\u00a0cm) ou papier libre (odeur, ressenti, souvenir, \u00e9motion\u2026), <b>indiquez <\/b>au dos votre pr\u00e9nom, \u00e2ge et le lieu o\u00f9 vous avez senti l\u2019odeur, envoyez votre carte \u00e0\u2009: Atmo Normandie, 3 place de la Pomme d\u2019Or, 76\u2009000 <a href=\"https:\/\/actu.fr\/normandie\/rouen_76540\" rel=\"nofollow noopener\" target=\"_blank\">Rouen<\/a>.<\/p>\n<p>Vid\u00e9os : en ce moment sur Actu<\/p>\n<p class=\" wall-content\">Les cartes re\u00e7ues constitueront <b>une collection d\u2019impressions olfactives<\/b>, partag\u00e9e sur le site d\u2019Atmo Normandie.<\/p>\n<p class=\" wall-content\">Suivez toute l\u2019actualit\u00e9 de vos villes et m\u00e9dias favoris en vous inscrivant \u00e0 <a href=\"https:\/\/moncompte.actu.fr\" title=\"D\u00e9couvez Mon Actu\" rel=\"nofollow noopener\" data-trk=\"{&quot;cta&quot;:{&quot;action&quot;:&quot;https:\\\/\\\/moncompte.actu.fr&quot;,&quot;category&quot;:&quot;mon compte&quot;,&quot;from&quot;:&quot;article footer&quot;,&quot;name&quot;:&quot;Mon actu&quot;,&quot;type&quot;:&quot;cta&quot;}}\" target=\"_blank\">Mon Actu<\/a>.<\/p>\n","protected":false},"excerpt":{"rendered":"Par R\u00e9daction La Presse de la Manche Publi\u00e9 le 9 juin 2025 \u00e0 8h00 Mardi 10\u00a0juin 2025, \u00e0&hellip;\n","protected":false},"author":2,"featured_media":162631,"comment_status":"","ping_status":"","sticky":false,"template":"","format":"standard","meta":{"footnotes":""},"categories":[9587],"tags":[1111,11,3168,436,1777,674,1011,27,12,5161,52,25,9590,71],"class_list":{"0":"post-162630","1":"post","2":"type-post","3":"status-publish","4":"format-standard","5":"has-post-thumbnail","7":"category-rouen","8":"tag-actu","9":"tag-actualites","10":"tag-cotentin","11":"tag-environnement","12":"tag-eu","13":"tag-europe","14":"tag-fr","15":"tag-france","16":"tag-news","17":"tag-normandie","18":"tag-planete","19":"tag-republique-francaise","20":"tag-rouen","21":"tag-sante"},"share_on_mastodon":{"url":"https:\/\/pubeurope.com\/@fr\/114652010497473794","error":""},"_links":{"self":[{"href":"https:\/\/www.europesays.com\/fr\/wp-json\/wp\/v2\/posts\/162630","targetHints":{"allow":["GET"]}}],"collection":[{"href":"https:\/\/www.europesays.com\/fr\/wp-json\/wp\/v2\/posts"}],"about":[{"href":"https:\/\/www.europesays.com\/fr\/wp-json\/wp\/v2\/types\/post"}],"author":[{"embeddable":true,"href":"https:\/\/www.europesays.com\/fr\/wp-json\/wp\/v2\/users\/2"}],"replies":[{"embeddable":true,"href":"https:\/\/www.europesays.com\/fr\/wp-json\/wp\/v2\/comments?post=162630"}],"version-history":[{"count":0,"href":"https:\/\/www.europesays.com\/fr\/wp-json\/wp\/v2\/posts\/162630\/revisions"}],"wp:featuredmedia":[{"embeddable":true,"href":"https:\/\/www.europesays.com\/fr\/wp-json\/wp\/v2\/media\/162631"}],"wp:attachment":[{"href":"https:\/\/www.europesays.com\/fr\/wp-json\/wp\/v2\/media?parent=162630"}],"wp:term":[{"taxonomy":"category","embeddable":true,"href":"https:\/\/www.europesays.com\/fr\/wp-json\/wp\/v2\/categories?post=162630"},{"taxonomy":"post_tag","embeddable":true,"href":"https:\/\/www.europesays.com\/fr\/wp-json\/wp\/v2\/tags?post=162630"}],"curies":[{"name":"wp","href":"https:\/\/api.w.org\/{rel}","templated":true}]}}