{"id":162637,"date":"2025-06-09T06:37:12","date_gmt":"2025-06-09T06:37:12","guid":{"rendered":"https:\/\/www.europesays.com\/fr\/162637\/"},"modified":"2025-06-09T06:37:12","modified_gmt":"2025-06-09T06:37:12","slug":"vern-sur-seiche-un-sejour-pour-les-jeunes-fin-aout-dans-le-finistere","status":"publish","type":"post","link":"https:\/\/www.europesays.com\/fr\/162637\/","title":{"rendered":"Vern-sur-Seiche. Un s\u00e9jour pour les jeunes fin ao\u00fbt dans le Finist\u00e8re"},"content":{"rendered":"<p>L\u2019Union sportive de Vern et la Passerelle du Centre des Marais, coorganisent un s\u00e9jour d\u2019\u00e9t\u00e9 pour un groupe de jeunes de 14 \u00e0 16\u00a0ans \u00e0 Santec dans le Finist\u00e8re Nord, du 25 au 28\u00a0ao\u00fbt.<\/p>\n<p>Micka\u00ebl Cocheril et S\u00e9bastien Guillemois, les deux animateurs proposent \u00e0 une douzaine de jeunes quelques jours en autonomie compl\u00e8te. \u00a0Ils interviendront dans la gestion du programme, du projet environnemental, et ils sont acteurs du financement qu\u2019ils peuvent diminuer gr\u00e2ce aux petites activit\u00e9s r\u00e9alis\u00e9es en amont.\u00a0 En effet, certains ont d\u00e9j\u00e0 aid\u00e9 \u00e0 la f\u00eate de la Bretagne, la f\u00eate du th\u00e9\u00e2tre, et aideront au Feu au Lac.<\/p>\n<p>C\u2019est l\u2019occasion pour les jeunes d\u2019\u00e9voluer dans un lieu et un environnement choisi pour un groupe de jeunes du m\u00eame \u00e2ge. C\u00f4t\u00e9 activit\u00e9s\u00a0: du surf, du char \u00e0 voile, de la p\u00eache \u00e0 pied, un parc d\u2019attractions\u2026 Tout un programme.<\/p>\n<p>\u00a0Avant le d\u00e9part, tout est organis\u00e9 pour pr\u00e9parer chacun \u00e0 vivre ce s\u00e9jour au mieux, tout en permettant \u00e0 l\u2019ado de gagner en autonomie et en prise d\u2019initiative\u00a0.<\/p>\n<p>Les tarifs sont en fonction des quotients familiaux, \u00e0 partir de 72\u00a0\u20ac pour les Vernois, 80\u00a0\u20ac pour les non Vernois. Date limite d\u2019inscription le 21\u00a0juin.<\/p>\n<p><strong>Renseignement\u00a0<\/strong>: Micka\u00ebl Cocheril au 06\u00a024\u00a061\u00a017\u00a083 ou par courriel\u00a0: la.passerelle centredesmarais.asso.fr<\/p>\n<p>\u00a0<\/p>\n","protected":false},"excerpt":{"rendered":"L\u2019Union sportive de Vern et la Passerelle du Centre des Marais, coorganisent un s\u00e9jour d\u2019\u00e9t\u00e9 pour un groupe&hellip;\n","protected":false},"author":2,"featured_media":162638,"comment_status":"","ping_status":"","sticky":false,"template":"","format":"standard","meta":{"footnotes":""},"categories":[2821],"tags":[1111,11,2863,829,1777,674,5729,3321,1011,27,4074,12,3086,584,25,2520,9310],"class_list":{"0":"post-162637","1":"post","2":"type-post","3":"status-publish","4":"format-standard","5":"has-post-thumbnail","7":"category-rennes","8":"tag-actu","9":"tag-actualites","10":"tag-aout","11":"tag-bretagne","12":"tag-eu","13":"tag-europe","14":"tag-fin","15":"tag-finistere","16":"tag-fr","17":"tag-france","18":"tag-jeunes","19":"tag-news","20":"tag-redon","21":"tag-rennes","22":"tag-republique-francaise","23":"tag-sejour","24":"tag-vern-sur-seiche"},"share_on_mastodon":{"url":"https:\/\/pubeurope.com\/@fr\/114652030218092053","error":""},"_links":{"self":[{"href":"https:\/\/www.europesays.com\/fr\/wp-json\/wp\/v2\/posts\/162637","targetHints":{"allow":["GET"]}}],"collection":[{"href":"https:\/\/www.europesays.com\/fr\/wp-json\/wp\/v2\/posts"}],"about":[{"href":"https:\/\/www.europesays.com\/fr\/wp-json\/wp\/v2\/types\/post"}],"author":[{"embeddable":true,"href":"https:\/\/www.europesays.com\/fr\/wp-json\/wp\/v2\/users\/2"}],"replies":[{"embeddable":true,"href":"https:\/\/www.europesays.com\/fr\/wp-json\/wp\/v2\/comments?post=162637"}],"version-history":[{"count":0,"href":"https:\/\/www.europesays.com\/fr\/wp-json\/wp\/v2\/posts\/162637\/revisions"}],"wp:featuredmedia":[{"embeddable":true,"href":"https:\/\/www.europesays.com\/fr\/wp-json\/wp\/v2\/media\/162638"}],"wp:attachment":[{"href":"https:\/\/www.europesays.com\/fr\/wp-json\/wp\/v2\/media?parent=162637"}],"wp:term":[{"taxonomy":"category","embeddable":true,"href":"https:\/\/www.europesays.com\/fr\/wp-json\/wp\/v2\/categories?post=162637"},{"taxonomy":"post_tag","embeddable":true,"href":"https:\/\/www.europesays.com\/fr\/wp-json\/wp\/v2\/tags?post=162637"}],"curies":[{"name":"wp","href":"https:\/\/api.w.org\/{rel}","templated":true}]}}