{"id":162642,"date":"2025-06-09T06:40:23","date_gmt":"2025-06-09T06:40:23","guid":{"rendered":"https:\/\/www.europesays.com\/fr\/162642\/"},"modified":"2025-06-09T06:40:23","modified_gmt":"2025-06-09T06:40:23","slug":"voici-les-restrictions-de-circulation-et-de-stationnement-prevues","status":"publish","type":"post","link":"https:\/\/www.europesays.com\/fr\/162642\/","title":{"rendered":"voici les restrictions de circulation et de stationnement pr\u00e9vues"},"content":{"rendered":"<p>            Par<br \/>\n        <strong><br \/>\n            <a href=\"https:\/\/actu.fr\/auteur\/ivan-capecchi\" title=\"Consulter tous les articles de Ivan CAPECCHI\" target=\"_blank\" rel=\"noopener\">Ivan CAPECCHI<\/a><br \/>\n        <\/strong><\/p>\n<p>        Publi\u00e9 le<\/p>\n<p>            9 juin 2025 \u00e0 7h02        <\/p>\n<p>\u00c0 l\u2019occasion de la <a href=\"https:\/\/actu.fr\/grand-est\/strasbourg_67482\/strasbourg-cette-annee-la-fete-de-la-musique-finira-plus-tard-voici-pourquoi_62698537.html\" target=\"_blank\" rel=\"noopener\">F\u00eate de la Musique<\/a> pr\u00e9vue le samedi 21 juin 2025 \u00e0 Strasbourg, d\u2019importantes restrictions de <a href=\"https:\/\/actu.fr\/tag\/circulation\" target=\"_blank\" rel=\"noopener\">circulation<\/a> et de <a href=\"https:\/\/actu.fr\/tag\/stationnement\" target=\"_blank\" rel=\"noopener\">stationnement<\/a> sont mises en place dans le centre-ville.<\/p>\n<p>Circulation interdite dans la Grande-\u00cele<\/p>\n<p class=\" wall-content\">Pour garantir la s\u00e9curit\u00e9 de l\u2019\u00e9v\u00e9nement, la circulation automobile sera <strong>interdite dans toute la Grande-\u00cele du samedi 21 juin \u00e0 17h jusqu\u2019au dimanche 22 juin \u00e0 4h<\/strong>. Le <strong>stationnement sur voirie y sera \u00e9galement interdit d\u00e8s 6h le matin, et jusqu\u2019au lendemain 6h<\/strong>.<\/p>\n<p class=\" wall-content\">Un d\u00e9zonage* est pr\u00e9vu pour les r\u00e9sidents du 20 au 22 juin.<\/p>\n<p>Des parkings ferm\u00e9s<\/p>\n<p class=\" wall-content\">Les<strong> parkings Gutenberg, Kl\u00e9ber et Broglie seront ferm\u00e9s<\/strong> aux entr\u00e9es et sorties de 17h \u00e0 4h.<\/p>\n<p>Vid\u00e9os : en ce moment sur Actu<\/p>\n<p class=\" wall-content\">Les abonn\u00e9s ne pourront pas y acc\u00e9der ou en sortir durant ce cr\u00e9neau.<\/p>\n<p>Le trafic CTS perturb\u00e9<\/p>\n<p class=\" wall-content\">Les <strong>ponts menant \u00e0 la Grande-\u00cele resteront ouverts aux pi\u00e9tons<\/strong>, sous contr\u00f4le de s\u00e9curit\u00e9, entre 17h et 1h.<\/p>\n<p class=\" wall-content\">Enfin, les <strong>stations de tram Broglie, Homme de Fer, Alt Winmar\u00efk et Langstross Grand\u2019Rue ne seront pas desservies entre 17h et minuit<\/strong>.<\/p>\n<p class=\" wall-content\">* Un d\u00e9zonage permet aux abonn\u00e9s r\u00e9sidents de stationner en dehors de leur zone habituelle, sans p\u00e9nalit\u00e9, pendant une p\u00e9riode donn\u00e9e.\u00a0<\/p>\n<p class=\" wall-content\">Suivez toute l\u2019actualit\u00e9 de vos villes et m\u00e9dias favoris en vous inscrivant \u00e0 <a href=\"https:\/\/moncompte.actu.fr\" title=\"D\u00e9couvez Mon Actu\" rel=\"nofollow noopener\" data-trk=\"{&quot;cta&quot;:{&quot;action&quot;:&quot;https:\\\/\\\/moncompte.actu.fr&quot;,&quot;category&quot;:&quot;mon compte&quot;,&quot;from&quot;:&quot;article footer&quot;,&quot;name&quot;:&quot;Mon actu&quot;,&quot;type&quot;:&quot;cta&quot;}}\" target=\"_blank\">Mon Actu<\/a>.<\/p>\n","protected":false},"excerpt":{"rendered":"Par Ivan CAPECCHI Publi\u00e9 le 9 juin 2025 \u00e0 7h02 \u00c0 l\u2019occasion de la F\u00eate de la Musique&hellip;\n","protected":false},"author":2,"featured_media":162643,"comment_status":"","ping_status":"","sticky":false,"template":"","format":"standard","meta":{"footnotes":""},"categories":[2820],"tags":[1111,11,3542,1777,674,25885,1011,27,775,12,25,104,6173,640],"class_list":{"0":"post-162642","1":"post","2":"type-post","3":"status-publish","4":"format-standard","5":"has-post-thumbnail","7":"category-strasbourg","8":"tag-actu","9":"tag-actualites","10":"tag-circulation","11":"tag-eu","12":"tag-europe","13":"tag-fete-de-la-musique","14":"tag-fr","15":"tag-france","16":"tag-grand-est","17":"tag-news","18":"tag-republique-francaise","19":"tag-societe","20":"tag-stationnement","21":"tag-strasbourg"},"share_on_mastodon":{"url":"https:\/\/pubeurope.com\/@fr\/114652041913026109","error":""},"_links":{"self":[{"href":"https:\/\/www.europesays.com\/fr\/wp-json\/wp\/v2\/posts\/162642","targetHints":{"allow":["GET"]}}],"collection":[{"href":"https:\/\/www.europesays.com\/fr\/wp-json\/wp\/v2\/posts"}],"about":[{"href":"https:\/\/www.europesays.com\/fr\/wp-json\/wp\/v2\/types\/post"}],"author":[{"embeddable":true,"href":"https:\/\/www.europesays.com\/fr\/wp-json\/wp\/v2\/users\/2"}],"replies":[{"embeddable":true,"href":"https:\/\/www.europesays.com\/fr\/wp-json\/wp\/v2\/comments?post=162642"}],"version-history":[{"count":0,"href":"https:\/\/www.europesays.com\/fr\/wp-json\/wp\/v2\/posts\/162642\/revisions"}],"wp:featuredmedia":[{"embeddable":true,"href":"https:\/\/www.europesays.com\/fr\/wp-json\/wp\/v2\/media\/162643"}],"wp:attachment":[{"href":"https:\/\/www.europesays.com\/fr\/wp-json\/wp\/v2\/media?parent=162642"}],"wp:term":[{"taxonomy":"category","embeddable":true,"href":"https:\/\/www.europesays.com\/fr\/wp-json\/wp\/v2\/categories?post=162642"},{"taxonomy":"post_tag","embeddable":true,"href":"https:\/\/www.europesays.com\/fr\/wp-json\/wp\/v2\/tags?post=162642"}],"curies":[{"name":"wp","href":"https:\/\/api.w.org\/{rel}","templated":true}]}}