{"id":162644,"date":"2025-06-09T06:41:10","date_gmt":"2025-06-09T06:41:10","guid":{"rendered":"https:\/\/www.europesays.com\/fr\/162644\/"},"modified":"2025-06-09T06:41:10","modified_gmt":"2025-06-09T06:41:10","slug":"nous-ne-voulons-plus-etre-un-village-dortoir-comment-le-maire-de-cantaron-veut-redynamiser-son-village-de-la-vallee-du-paillon","status":"publish","type":"post","link":"https:\/\/www.europesays.com\/fr\/162644\/","title":{"rendered":"\u00ab\u00a0Nous ne voulons plus \u00eatre un village dortoir\u00a0\u00bb: comment le maire de Cantaron veut redynamiser son village de la vall\u00e9e du Paillon"},"content":{"rendered":"<p>\u00c0 70km\/h, Cantaron passe inaper\u00e7u. \u00c0 vive allure sur la p\u00e9n\u00e9trante du Paillon, l\u2019automobiliste file entre l\u2019Ariane et la Pointe de Contes, s\u2019arr\u00eate \u00e0 Drap, \u00e0 la rigueur, mais rate tout du petit bourg lov\u00e9 sur les berges du fleuve, au pied des pin\u00e8des. \u00ab\u00a0Le cadre est pourtant magnifique et nous sommes \u00e0 15 minutes de Nice\u00a0\u00bb, plaide G\u00e9rard Branda. Maire (sans \u00e9tiquette) depuis 2018, l\u2019ancien instituteur de 67 ans se d\u00e9m\u00e8ne pour dynamiser la commune de 1.200 habitants.<\/p>\n<p><strong>Selon vous, Cantaron gagnerait \u00e0 \u00eatre connue. \u00c7a tranche avec la discr\u00e9tion historique du village\u2026<\/strong><\/p>\n<p>Nous ne pouvons plus rester dans l\u2019anonymat. Dans son classement annuel, l\u2019association des villes et villages de France a \u00e9lu Cantaron troisi\u00e8me commune [de moins de 2.000 habitants] des Alpes Maritimes o\u00f9 l\u2019on vit le mieux. Nous avons un vrai potentiel d\u2019attractivit\u00e9. Et en m\u00eame temps, une tranquillit\u00e9 \u00e0 pr\u00e9server. C\u2019est un \u00e9quilibre \u00e0 trouver.<\/p>\n<p><strong>Si proche de Nice et avec des habitats si dispers\u00e9s, comment ne pas devenir une cit\u00e9-dortoir?<\/strong><\/p>\n<p>Nous ne voulons plus \u00eatre un village dortoir. Et \u00e7a n\u2019est pas facile: 50% de la population vit sur un pan de colline qui ouvre sur Nice. Ces gens ne viennent jamais au vieux village o\u00f9 il n\u2019y a pas de commerces, \u00e0 part un bar et un foodtruck. Heureusement que certains ont des enfants, qu\u2019ils d\u00e9posent \u00e0 l\u2019\u00e9cole communale (o\u00f9 trois classes sont maintenues). Il faut aussi dire qu\u2019avant que je sois \u00e9lu, il n\u2019y avait aucune animation. Mais depuis que nous avons remplac\u00e9 le vilain parking par une vraie place centrale, nous pouvons organiser des festivit\u00e9s: repas dansant, pistou g\u00e9ant, pi\u00e8ces de th\u00e9\u00e2tre, concours de boule, olympiades\u2026 Autant d\u2019occasions de se retrouver et d\u2019apprendre \u00e0 se conna\u00eetre.<\/p>\n<p><strong>Et face \u00e0 la pression fonci\u00e8re, comment r\u00e9agissez-vous?<\/strong><\/p>\n<p>Cantaron, ce sont beaucoup de vallons. Il y a peu de place pour construire et le PLU est protecteur. Je signe quasi exclusivement des permis pour des villas. Dans quelques mois, nous allons \u00e9largir le chemin de Terre d\u2019\u00c8ze afin de d\u00e9senclaver un futur quartier o\u00f9 devront \u00e9merger, dans les prochaines ann\u00e9es, cinq maisons.<\/p>\n<p><strong>Apr\u00e8s cinq ans de n\u00e9gociations avec la SNCF, \u00eates-vous enfin parvenu \u00e0 acheter une partie de la gare?<\/strong><\/p>\n<p>On n\u2019y croyait presque plus mais la SNCF a fini par accepter de nous vendre le grand hangar et le terrain qui jouxtent la gare. Le lieu est compl\u00e8tement en ruines. Il va falloir d\u00e9molir puis reconstruire. Une premi\u00e8re \u00e9tude chiffre l\u2019op\u00e9ration \u00e0 2 millions d\u2019euros.<\/p>\n<p><strong>Une maison de sant\u00e9 doit y voir le jour?<\/strong><\/p>\n<p>J\u2019esp\u00e8re! Mais rien n\u2019est act\u00e9. Nous allons saisir l\u2019Agence r\u00e9gionale de sant\u00e9 qui tranchera, selon les besoins dans la vall\u00e9e. J\u2019estime que le secteur manque de m\u00e9decins sp\u00e9cialis\u00e9s. Pour d\u00e9sengorger les urgences, j\u2019aimerais aussi que ce centre soit ouvert 24 heures sur 24 pour faire de la bobologie.<\/p>\n<p><strong>C\u2019est un projet que vous comptez porter lors d\u2019un prochain mandat?<\/strong><\/p>\n<p>L\u2019\u00e9lection? Il n\u2019y a personne au portillon, m\u00eame si la commune le m\u00e9rite. Pour continuer \u00e0 \u00eatre maire, il faut \u00eatre: motiv\u00e9, en bonne sant\u00e9, bien entour\u00e9. Pour le moment, toutes les conditions sont r\u00e9unies de mon c\u00f4t\u00e9. Mais ce sera la derni\u00e8re fois. Dans sept ans, je serai trop vieux. Place aux jeunes. Encore faut-il qu\u2019ils soient l\u00e0\u2026 Je m\u2019inqui\u00e8te pour la succession.<\/p>\n<p><strong>Vous taclez souvent la M\u00e9tropole. Mais vos voisins de Drap et Ch\u00e2teauneuf-Villevieille l\u2019ont pr\u00e9f\u00e9r\u00e9e \u00e0 la Communaut\u00e9 de communes du pays des Paillons (CCPP) en 2022\u2026<\/strong><\/p>\n<p>Je ne comprends pas leur r\u00e9action. Il y a plus de moyens, oui. Mais aussi plus d\u2019imp\u00f4ts. Et surtout, beaucoup trop de petites communes englob\u00e9es par quelques g\u00e9ants qui aiment tout politiser. La charte de confiance \u00e0 Christian Estrosi, c\u2019est ridicule. \u00c0 la CCPP, il y a aussi des ego. Mais les onze membres sont sur un pied d\u2019\u00e9galit\u00e9.<\/p>\n<p><strong>Dans son dernier rapport, la chambre r\u00e9gionale de comptes \u00e9pingle la CCPP sur son absence de \u00ab\u00a0politique commune\u00a0\u00bb et \u00ab\u00a0d\u2019op\u00e9rations structurantes\u00a0\u00bb. Qu\u2019en dites-vous?<\/strong><\/p>\n<p>Je dis que nous avons un bon r\u00e9seau de cr\u00e8ches et de salles de spectacle. Pour la feuille de route commune, la CCPP va implanter d\u2019ici les prochaines ann\u00e9es un p\u00f4le d\u2019activit\u00e9s \u00e0 la place de la cimenterie Lafarge, \u00e0 Contes.<\/p>\n<p><strong>Le sommet de l\u2019ONU sur l\u2019Oc\u00e9an se tient \u00e0 Nice jusqu\u2019\u00e0 vendredi. Vous sentez-vous concern\u00e9?<\/strong><\/p>\n<p>Cesser de polluer, ne pas exploiter les fonds marins, stopper la p\u00eache industrielle\u2026 \u00c7a coule de source. Mais nous sommes r\u00e9duits \u00e0 faire venir des gens de tous les pays, \u00e7a co\u00fbte une fortune, pour se dire des \u00e9vidences que personne n\u2019appliquera de toute fa\u00e7on derri\u00e8re. Tant que la qu\u00eate du profit m\u00e8nera le monde, tout \u00e7a ne servira \u00e0 rien.<\/p>\n<p><strong>En causant des orages toujours plus violents, le d\u00e9r\u00e8glement climatique menace la vall\u00e9e. Mais le plan de pr\u00e9vention des risques d\u2019inondation (PPRI) du Paillon n\u2019a pas \u00e9t\u00e9 mis \u00e0 jour depuis 25 ans. Cela vous inqui\u00e8te-t-il?<\/strong><\/p>\n<p>J\u2019esp\u00e8re que le lit du fleuve peut supporter une crue. Mais sans PPRI mis \u00e0 jour, c\u2019est difficile d\u2019en avoir le c\u0153ur net. Il faudrait qu\u2019on cure le Paillon. Le village est en premi\u00e8re ligne.<\/p>\n<p>            Du tac au tac<\/p>\n<p><strong>Son coup de c\u0153ur<\/strong><\/p>\n<p>\u00ab Le service public n\u2019est pas un vain mot. C\u2019est une id\u00e9e, un id\u00e9al r\u00e9publicain. Et le personnel communal, par son engagement, l\u2019incarne \u00e0 la perfection. Pour \u00e7a, je leur dis bravo et merci. Ma fiert\u00e9 va aussi aux b\u00e9n\u00e9voles. Leurs associations font vivre le village. \u00bb<\/p>\n<p><strong>Son coup de gueule<\/strong><\/p>\n<p>\u00ab La gestion du courrier, c\u2019est un scandale. La Poste fait n\u2019importe quoi : retards d\u00e9lirants, recommand\u00e9s destin\u00e9s \u00e0 la mairie de Drap qui atterrissent chez nous\u2026 J\u2019ai m\u00eame re\u00e7u un accus\u00e9 de r\u00e9ception alors que ma lettre venait de m\u2019\u00eatre retourn\u00e9e. Dans les proc\u00e9dures administratives que nous menons, ces d\u00e9faillances portent un grave pr\u00e9judice. La Poste reste dans le d\u00e9ni alors qu\u2019elle vire des gens pour faire des \u00e9conomies. \u00bb<\/p>\n<p><strong>Ses 3 priorit\u00e9s<\/strong><\/p>\n<p>&#8211; Dynamiser la commune : \u00ab Les festivit\u00e9s et la programmation culturelle au c\u0153ur du village sont le ciment du vivre ensemble. L\u2019humain doit \u00eatre au centre de notre politique. \u00bb<br \/>&#13;<br \/>\n&#8211; Gagner en autonomie financi\u00e8re : \u00ab La commune d\u00e9pend trop des subventions. Avec l\u2019\u00c9tat qui se d\u00e9sengage, les baisses des dotations, \u00e7a devient tr\u00e8s compliqu\u00e9. Pour avoir un revenu propre, nous faisons des acquisitions fonci\u00e8res, comme le hangar de la SNCF qui sera mis \u00e0 la location. \u00bb<br \/>&#13;<br \/>\n&#8211; Avoir des projets ambitieux : \u00ab Il est plus facile de se laisser porter que de porter des projets. Cantaron ne doit pas stagner mais se d\u00e9velopper. Le projet d\u2019une maison m\u00e9dicale et la d\u00e9fense de la ligne de train Nice-Tende vont dans ce sens. \u00bb<\/p>\n","protected":false},"excerpt":{"rendered":"\u00c0 70km\/h, Cantaron passe inaper\u00e7u. \u00c0 vive allure sur la p\u00e9n\u00e9trante du Paillon, l\u2019automobiliste file entre l\u2019Ariane et&hellip;\n","protected":false},"author":2,"featured_media":162645,"comment_status":"","ping_status":"","sticky":false,"template":"","format":"standard","meta":{"footnotes":""},"categories":[2819],"tags":[1111,11,1777,674,1011,27,12,2401,882,25,3366],"class_list":{"0":"post-162644","1":"post","2":"type-post","3":"status-publish","4":"format-standard","5":"has-post-thumbnail","7":"category-nice","8":"tag-actu","9":"tag-actualites","10":"tag-eu","11":"tag-europe","12":"tag-fr","13":"tag-france","14":"tag-news","15":"tag-nice","16":"tag-provence-alpes-cote-dazur","17":"tag-republique-francaise","18":"tag-vie-locale"},"share_on_mastodon":{"url":"https:\/\/pubeurope.com\/@fr\/114652045883988717","error":""},"_links":{"self":[{"href":"https:\/\/www.europesays.com\/fr\/wp-json\/wp\/v2\/posts\/162644","targetHints":{"allow":["GET"]}}],"collection":[{"href":"https:\/\/www.europesays.com\/fr\/wp-json\/wp\/v2\/posts"}],"about":[{"href":"https:\/\/www.europesays.com\/fr\/wp-json\/wp\/v2\/types\/post"}],"author":[{"embeddable":true,"href":"https:\/\/www.europesays.com\/fr\/wp-json\/wp\/v2\/users\/2"}],"replies":[{"embeddable":true,"href":"https:\/\/www.europesays.com\/fr\/wp-json\/wp\/v2\/comments?post=162644"}],"version-history":[{"count":0,"href":"https:\/\/www.europesays.com\/fr\/wp-json\/wp\/v2\/posts\/162644\/revisions"}],"wp:featuredmedia":[{"embeddable":true,"href":"https:\/\/www.europesays.com\/fr\/wp-json\/wp\/v2\/media\/162645"}],"wp:attachment":[{"href":"https:\/\/www.europesays.com\/fr\/wp-json\/wp\/v2\/media?parent=162644"}],"wp:term":[{"taxonomy":"category","embeddable":true,"href":"https:\/\/www.europesays.com\/fr\/wp-json\/wp\/v2\/categories?post=162644"},{"taxonomy":"post_tag","embeddable":true,"href":"https:\/\/www.europesays.com\/fr\/wp-json\/wp\/v2\/tags?post=162644"}],"curies":[{"name":"wp","href":"https:\/\/api.w.org\/{rel}","templated":true}]}}