{"id":162649,"date":"2025-06-09T06:44:08","date_gmt":"2025-06-09T06:44:08","guid":{"rendered":"https:\/\/www.europesays.com\/fr\/162649\/"},"modified":"2025-06-09T06:44:08","modified_gmt":"2025-06-09T06:44:08","slug":"vous-allez-vous-regaler-avec-ce-festival-culinaire-interculturel","status":"publish","type":"post","link":"https:\/\/www.europesays.com\/fr\/162649\/","title":{"rendered":"vous allez vous r\u00e9galer avec ce festival culinaire interculturel"},"content":{"rendered":"<p>            Par<br \/>\n        <strong><br \/>\n            <a href=\"https:\/\/actu.fr\/auteur\/tristan-mahe-actu-fr\" title=\"Consulter tous les articles de Tristan Mah\u00e9\" rel=\"nofollow noopener\" target=\"_blank\">Tristan Mah\u00e9<\/a><br \/>\n        <\/strong><\/p>\n<p>        Publi\u00e9 le<\/p>\n<p>            9 juin 2025 \u00e0 8h12        <\/p>\n<p>Pour ses dix ans \u00e0 l\u2019\u00e9chelle nationale, le<a href=\"https:\/\/refugee-food.org\/festival\/\" rel=\"nofollow noopener\" target=\"_blank\"><strong> Refugee Food Festival<\/strong><\/a> revient \u00e0 Nantes en grande pompe. Du 11 au 14\u00a0juin 2025 dans la m\u00e9tropole, des <strong>chefs et amateurs de cuisine r\u00e9fugi\u00e9s<\/strong> participeront \u00e0 une collaboration avec de nombreux \u00e9tablissements culinaires de Nantes, pour proposer de <strong>nouvelles recettes venues de partout<\/strong>.<\/p>\n<p class=\" wall-content\">L\u2019objectif\u2009? Partager et pr\u00e9server les patrimoines gastronomiques et culturels du monde entier.<\/p>\n<p>Le festival voit par-del\u00e0 les assiettes<\/p>\n<p class=\" wall-content\">Pour sa sixi\u00e8me \u00e9dition dans la ville de Nantes, le Refugee Food Festival propose une <strong>programmation culturelle<\/strong> au sens plus large du terme.<\/p>\n<p class=\" wall-content\">La librairie La vie devant soi proposera une s\u00e9lection sur la th\u00e9matique des migrations et L\u2019auberge des bains douches organisera une projection du documentaire \u00ab\u2009Un exil\u00e9 sous mon toit\u2009\u00bb de la r\u00e9alisatrice Julia Montfort, qui sera pr\u00e9sente.<\/p>\n<p>Vid\u00e9os : en ce moment sur Actu<\/p>\n<p class=\" wall-content\"><strong>Restaurant universitaire \u2013 CROUS\u2009:<\/strong> d\u00e9jeuner d\u2019inspiration franco-\u00e9rythr\u00e9enne par Tesfahiwet Tesfaslasie et l\u2019\u00e9quipe du Crous Pays de la Loire. Pas de r\u00e9servation.<\/p>\n<p class=\" wall-content\"><strong>Am\u00e8re\u2009:<\/strong> soir\u00e9e accords tapas et bi\u00e8res aux influences guin\u00e9ennes, \u00e9rythr\u00e9ennes et irakiennes par Renan Poisson, chef de Ouechfood, Max et Ysaliaka d\u2019Am\u00e8re.<\/p>\n<p class=\" wall-content\"><strong>L\u2019Auberge des bains douches\u2009:<\/strong> soir\u00e9e de projection-d\u00e9bat du film Un exil\u00e9 sous mon toit, en pr\u00e9sence de sa r\u00e9alisatrice Julia Montfort. S\u00e9lection d\u2019ouvrages par la librairie Maison Marguerite et petite restauration sur place. Billetterie \u00e0 venir.<\/p>\n<p class=\" wall-content\"><strong>Caf\u00e9 Dobr\u00e9e\u2009:<\/strong> collaboration autour d\u2019une bouch\u00e9e sal\u00e9e et deux p\u00e2tisseries aux saveurs franco-somaliennes par Muna Hassan et Domitille Clergeau. Pas de r\u00e9servation.<\/p>\n<p class=\" wall-content\"><strong>Caf\u00e9 Dobr\u00e9e\u2009:<\/strong> collaboration autour d\u2019une bouch\u00e9e sal\u00e9e et deux p\u00e2tisseries aux saveurs franco-somaliennes par Muna Hassan et Domitille Clergeau. Pas de r\u00e9servation.<\/p>\n<p class=\" wall-content\"><strong>Ezope\u2009:<\/strong> cr\u00e9ation d\u2019une croustillante focaccia et d\u2019un plat aux parfums franco-\u00e9rythr\u00e9ens par Abrehet Kidane et Antoine Lavarec, chef d\u2019Ezope. Pas de r\u00e9servation.<\/p>\n<p class=\" wall-content\"><strong>Ezope\u2009:<\/strong> cr\u00e9ation d\u2019une croustillante focaccia et d\u2019un plat aux parfums franco-\u00e9rythr\u00e9ens par Abrehet Kidane et Antoine Lavarec, chef d\u2019Ezope. Pas de r\u00e9servation.<\/p>\n<p class=\" wall-content\"><strong>Le Mirza\u2009<\/strong>: carte fusion aux influences franco-syriennes \u00e0 six mains par Sawsan Alzwahra, Maxime Delalande et Julien Moniz, chefs du Mirza, accompagn\u00e9e d\u2019une s\u00e9lection de vins par Fran\u00e7ois Rouill\u00e9. Pas de r\u00e9servation.<\/p>\n<p class=\" wall-content\"><strong>Le Grand bain\u2009:<\/strong> banquet festif de cl\u00f4ture aux accents franco-\u00e9rythr\u00e9ens par Mebrihit Kiros Hagos et Juliette Rouill\u00e9-Patrier, cheffe de Personnes. Billetterie \u00e0 venir.<\/p>\n<p class=\" wall-content\">Suivez toute l\u2019actualit\u00e9 de vos villes et m\u00e9dias favoris en vous inscrivant \u00e0 <a href=\"https:\/\/moncompte.actu.fr\" title=\"D\u00e9couvez Mon Actu\" rel=\"nofollow noopener\" data-trk=\"{&quot;cta&quot;:{&quot;action&quot;:&quot;https:\\\/\\\/moncompte.actu.fr&quot;,&quot;category&quot;:&quot;mon compte&quot;,&quot;from&quot;:&quot;article footer&quot;,&quot;name&quot;:&quot;Mon actu&quot;,&quot;type&quot;:&quot;cta&quot;}}\" target=\"_blank\">Mon Actu<\/a>.<\/p>\n","protected":false},"excerpt":{"rendered":"Par Tristan Mah\u00e9 Publi\u00e9 le 9 juin 2025 \u00e0 8h12 Pour ses dix ans \u00e0 l\u2019\u00e9chelle nationale, le&hellip;\n","protected":false},"author":2,"featured_media":162650,"comment_status":"","ping_status":"","sticky":false,"template":"","format":"standard","meta":{"footnotes":""},"categories":[2818],"tags":[1111,11,1777,674,1011,27,1661,1652,766,12,2636,25],"class_list":{"0":"post-162649","1":"post","2":"type-post","3":"status-publish","4":"format-standard","5":"has-post-thumbnail","7":"category-nantes","8":"tag-actu","9":"tag-actualites","10":"tag-eu","11":"tag-europe","12":"tag-fr","13":"tag-france","14":"tag-gastronomie","15":"tag-loisirs-culture","16":"tag-nantes","17":"tag-news","18":"tag-pays-de-la-loire","19":"tag-republique-francaise"},"share_on_mastodon":{"url":"https:\/\/pubeurope.com\/@fr\/114652057696536094","error":""},"_links":{"self":[{"href":"https:\/\/www.europesays.com\/fr\/wp-json\/wp\/v2\/posts\/162649","targetHints":{"allow":["GET"]}}],"collection":[{"href":"https:\/\/www.europesays.com\/fr\/wp-json\/wp\/v2\/posts"}],"about":[{"href":"https:\/\/www.europesays.com\/fr\/wp-json\/wp\/v2\/types\/post"}],"author":[{"embeddable":true,"href":"https:\/\/www.europesays.com\/fr\/wp-json\/wp\/v2\/users\/2"}],"replies":[{"embeddable":true,"href":"https:\/\/www.europesays.com\/fr\/wp-json\/wp\/v2\/comments?post=162649"}],"version-history":[{"count":0,"href":"https:\/\/www.europesays.com\/fr\/wp-json\/wp\/v2\/posts\/162649\/revisions"}],"wp:featuredmedia":[{"embeddable":true,"href":"https:\/\/www.europesays.com\/fr\/wp-json\/wp\/v2\/media\/162650"}],"wp:attachment":[{"href":"https:\/\/www.europesays.com\/fr\/wp-json\/wp\/v2\/media?parent=162649"}],"wp:term":[{"taxonomy":"category","embeddable":true,"href":"https:\/\/www.europesays.com\/fr\/wp-json\/wp\/v2\/categories?post=162649"},{"taxonomy":"post_tag","embeddable":true,"href":"https:\/\/www.europesays.com\/fr\/wp-json\/wp\/v2\/tags?post=162649"}],"curies":[{"name":"wp","href":"https:\/\/api.w.org\/{rel}","templated":true}]}}