{"id":162667,"date":"2025-06-09T06:54:12","date_gmt":"2025-06-09T06:54:12","guid":{"rendered":"https:\/\/www.europesays.com\/fr\/162667\/"},"modified":"2025-06-09T06:54:12","modified_gmt":"2025-06-09T06:54:12","slug":"programme-participants-lopen-sopra-steria-de-tennis-debute-ce-lundi-a-lyon","status":"publish","type":"post","link":"https:\/\/www.europesays.com\/fr\/162667\/","title":{"rendered":"Programme, participants : l&rsquo;Open Sopra Steria de tennis d\u00e9bute ce lundi \u00e0 Lyon !"},"content":{"rendered":"<p>Alors que le rideau vient d&rsquo;\u00eatre tir\u00e9 \u00e0 Roland-Garros, le tennis s&rsquo;invite \u00e0 Lyon avec l&rsquo;Open Sopra Steria. Le tournoi Challenger d\u00e9bute ce lundi 9 juin avec, notamment, la pr\u00e9sence d&rsquo;un top 100 mondial et de plusieurs fran\u00e7ais.<\/p>\n<p>Quand il n&rsquo;y en a plus, il y en a encore. \u00c0 peine <b>Roland-Garros<\/b> termin\u00e9, avec le sacre de <b>Carlos Alcaraz<\/b> face \u00e0 <b>Jannick Sinner<\/b>, que s&rsquo;ouvre ce lundi un autre \u00e9v\u00e9nement tennis, \u00e0 <b>Lyon<\/b> : l&rsquo;<a class=\"url\" href=\"https:\/\/www.radioscoop.com\/sport\/tennis-l-affiche-de-l-open-sopra-steria-2025-devoilee_321746\" target=\"_blank\" rel=\"noopener\">Open Sopra Steria<\/a>.\u00a0<\/p>\n<p>Le tournoi Challenger (deuxi\u00e8me niveau international), de retour pour une neuvi\u00e8me \u00e9dition, se joue au <b>Tennis Club de Lyon<\/b>, sur des courts de terre battue que fouleront de nombreux Fran\u00e7ais.<\/p>\n<p>Un ancien top 10 sur la route d&rsquo;un Fran\u00e7ais<\/p>\n<p>Ils seront une dizaine, dont <b>Arthur Cazaux<\/b>, huiti\u00e8me de finaliste \u00e0 l&rsquo;Open d&rsquo;Australie 2024, le Lyonnais <b>Kyrian Jacquet<\/b> ou encore <b>Luca Van Assche<\/b>, <b>Cl\u00e9ment Tabur<\/b>, <b>Arthur G\u00e9a<\/b>, <b>Calvin Hemery<\/b>, <b>Tom Paris<\/b> et <b>Titouan Droguet<\/b>.<\/p>\n<p>Ce dernier, d&rsquo;ailleurs, a h\u00e9rit\u00e9 d&rsquo;un gros morceau au premier tour puisqu&rsquo;il affrontera l&rsquo;Espagnol <b>Pablo Carreno-Busta<\/b>, t\u00eate de s\u00e9rie num\u00e9ro 1, actuel 93e joueur mondial et ancien membre du top 10 en 2017.<\/p>\n<p>Pr\u00e9sent sur l&rsquo;affiche, <b>Hugo Gaston<\/b> est en revanche forfait pour le tournoi.\u00a0<\/p>\n<p>Finale du simple dimanche 15 juin<\/p>\n<p>Le premier tour s&rsquo;\u00e9talera sur deux jours, lundi et mardi, puis le tournoi se conclura par les <b>finales<\/b> ce week-end. Celle du double samedi 14 juin \u00e0 11h45, puis celle du simple dimanche 15 juin apr\u00e8s-midi.\u00a0<\/p>\n<p>Le programme complet est \u00e0 retrouver <a class=\"url\" href=\"https:\/\/www.opensoprasteriadelyon.com\/programme-previsionnel\/\" target=\"_blank\" rel=\"noopener\">ici<\/a>.\u00a0<\/p>\n<p><img loading=\"lazy\" decoding=\"async\" src=\"https:\/\/www.europesays.com\/fr\/wp-content\/uploads\/2025\/06\/1749452052_864_img\" width=\"350\" height=\"200\" border=\"0\" title=\"Tadej Pogacar\"\/><\/p>\n<p>\u25baSport<\/p>\n<p style=\"font-size: 22px;\"><b>Crit\u00e9rium du Dauphin\u00e9 : Tadej Pogacar frappe fort d\u00e8s la premi\u00e8re \u00e9tape \u00e0 Montlu\u00e7on<\/b><\/p>\n<p>Le champion du monde Tadej Poga?ar n&rsquo;a pas attendu&#8230;<\/p>\n<p><\/p>\n","protected":false},"excerpt":{"rendered":"Alors que le rideau vient d&rsquo;\u00eatre tir\u00e9 \u00e0 Roland-Garros, le tennis s&rsquo;invite \u00e0 Lyon avec l&rsquo;Open Sopra Steria.&hellip;\n","protected":false},"author":2,"featured_media":162668,"comment_status":"","ping_status":"","sticky":false,"template":"","format":"standard","meta":{"footnotes":""},"categories":[1889],"tags":[1111,11,29536,2430,1777,674,1011,27,2296,29537,29538,2428,12,2584,25,4171,1467],"class_list":{"0":"post-162667","1":"post","2":"type-post","3":"status-publish","4":"format-standard","5":"has-post-thumbnail","7":"category-lyon","8":"tag-actu","9":"tag-actualites","10":"tag-arthur-cazaux","11":"tag-auvergne-rhone-alpes","12":"tag-eu","13":"tag-europe","14":"tag-fr","15":"tag-france","16":"tag-hugo-gaston","17":"tag-kyrian-jacquet","18":"tag-luca-van-assche","19":"tag-lyon","20":"tag-news","21":"tag-pablo-carreno-busta","22":"tag-republique-francaise","23":"tag-roland-garros","24":"tag-tennis"},"share_on_mastodon":{"url":"https:\/\/pubeurope.com\/@fr\/114652097166140590","error":""},"_links":{"self":[{"href":"https:\/\/www.europesays.com\/fr\/wp-json\/wp\/v2\/posts\/162667","targetHints":{"allow":["GET"]}}],"collection":[{"href":"https:\/\/www.europesays.com\/fr\/wp-json\/wp\/v2\/posts"}],"about":[{"href":"https:\/\/www.europesays.com\/fr\/wp-json\/wp\/v2\/types\/post"}],"author":[{"embeddable":true,"href":"https:\/\/www.europesays.com\/fr\/wp-json\/wp\/v2\/users\/2"}],"replies":[{"embeddable":true,"href":"https:\/\/www.europesays.com\/fr\/wp-json\/wp\/v2\/comments?post=162667"}],"version-history":[{"count":0,"href":"https:\/\/www.europesays.com\/fr\/wp-json\/wp\/v2\/posts\/162667\/revisions"}],"wp:featuredmedia":[{"embeddable":true,"href":"https:\/\/www.europesays.com\/fr\/wp-json\/wp\/v2\/media\/162668"}],"wp:attachment":[{"href":"https:\/\/www.europesays.com\/fr\/wp-json\/wp\/v2\/media?parent=162667"}],"wp:term":[{"taxonomy":"category","embeddable":true,"href":"https:\/\/www.europesays.com\/fr\/wp-json\/wp\/v2\/categories?post=162667"},{"taxonomy":"post_tag","embeddable":true,"href":"https:\/\/www.europesays.com\/fr\/wp-json\/wp\/v2\/tags?post=162667"}],"curies":[{"name":"wp","href":"https:\/\/api.w.org\/{rel}","templated":true}]}}