{"id":162679,"date":"2025-06-09T07:05:08","date_gmt":"2025-06-09T07:05:08","guid":{"rendered":"https:\/\/www.europesays.com\/fr\/162679\/"},"modified":"2025-06-09T07:05:08","modified_gmt":"2025-06-09T07:05:08","slug":"lfi-organise-un-rassemblement-a-paris-pour-liberer-la-flottille-de-la-liberte","status":"publish","type":"post","link":"https:\/\/www.europesays.com\/fr\/162679\/","title":{"rendered":"LFI organise un rassemblement \u00e0 Paris pour \u00ab\u00a0lib\u00e9rer la Flottille de la Libert\u00e9\u00a0\u00bb"},"content":{"rendered":"<p>            Par<br \/>\n        <strong><br \/>\n            <a href=\"https:\/\/actu.fr\/auteur\/redaction-paris\" title=\"Consulter tous les articles de R\u00e9daction Paris\" rel=\"nofollow noopener\" target=\"_blank\">R\u00e9daction Paris<\/a><br \/>\n        <\/strong><\/p>\n<p>        Publi\u00e9 le<\/p>\n<p>            9 juin 2025 \u00e0 9h00        <\/p>\n<p>Ce lundi 9\u00a0juin 2025, <a href=\"https:\/\/actu.fr\/tag\/la-france-insoumise-lfi\" rel=\"nofollow noopener\" target=\"_blank\">La France insoumise<\/a> (<strong>LFI<\/strong>) appelle \u00e0 un rassemblement \u00e0 18\u00a0heures, place de la R\u00e9publique (<a href=\"https:\/\/actu.fr\/paris\/\" rel=\"nofollow noopener\" target=\"_blank\">Paris<\/a>, 10e), pour \u00ab\u2009lib\u00e9rer la Flottille de la Libert\u00e9 et contre le g\u00e9nocide \u00e0 <a href=\"https:\/\/actu.fr\/tag\/gaza\" rel=\"nofollow noopener\" target=\"_blank\">Gaza<\/a>\u2009\u00bb, indique-t-il. <a href=\"https:\/\/actu.fr\/monde\/israel-a-intercepte-le-voilier-pour-gaza-les-autorites-invitent-les-passagers-a-retourner-dans-leur-pays_62746011.html\" rel=\"nofollow noopener\" target=\"_blank\">Intercept\u00e9e ce dimanche<\/a> par l\u2019arm\u00e9e isra\u00e9lienne en pleine mer, le navire humanitaire \u00ab\u2009Madleen\u2009\u00bb, avec \u00e0 son bord 12 civils, <strong>dont l\u2019eurod\u00e9put\u00e9e fran\u00e7aise Rima Hassan<\/strong> et l\u2019activiste Greta Thunberg, transportait une aide destin\u00e9e \u00e0 la population Gazaouite. Les autorit\u00e9s isra\u00e9liennes ont invit\u00e9 ses passagers \u00e0 <strong>\u00ab\u2009retourner dans leurs pays\u2009\u00bb<\/strong>.<\/p>\n<p>\u00ab\u2009Une atteinte grave au droit humanitaire\u2009\u00bb<\/p>\n<p class=\" wall-content\">Intercept\u00e9 \u00ab\u2009en dehors des eaux territoriales isra\u00e9liennes\u2009\u00bb, l\u2019\u00e9quipage a \u00e9t\u00e9 arr\u00eat\u00e9 puis conduit vers le port d\u2019Ashdod,<strong> \u00ab\u2009en violation, du droit maritime international\u2009\u00bb<\/strong>, selon LFI. \u00ab\u2009C\u2019est une atteinte grave au droit humanitaire\u2009\u00bb, d\u00e9nonce le parti, qui appelle la communaut\u00e9 internationale \u00e0 r\u00e9agir.<\/p>\n<p class=\" wall-content\">\n<p class=\" wall-content\">Les manifestants, rassembl\u00e9s \u00e0 Paris, demanderont <strong>la lib\u00e9ration des militants arr\u00eat\u00e9s<\/strong> et un acc\u00e8s sans entrave \u00e0 l\u2019aide humanitaire pour Gaza. Pour LFI, \u00ab\u2009refuser le silence, c\u2019est refuser la complicit\u00e9\u2009\u00bb.<\/p>\n<p class=\" wall-content\">\n<p class=\" wall-content\">Le voilier \u00e9tait parti d\u2019Italie le 1er\u00a0juin pour <strong>\u00ab\u2009briser le blocus isra\u00e9lien\u2009\u00bb<\/strong> \u00e0 Gaza, en proie \u00e0 une situation humanitaire d\u00e9sastreuse apr\u00e8s plus d\u2019un an et demi de guerre. Apr\u00e8s une escale en Egypte, il s\u2019\u00e9tait approch\u00e9 de Gaza <strong>en d\u00e9pit des mises en garde d\u2019Isra\u00ebl<\/strong>, qui avait donn\u00e9 l\u2019ordre \u00e0 son arm\u00e9e de l\u2019en emp\u00eacher.<\/p>\n<p class=\" wall-content\">Suivez toute l\u2019actualit\u00e9 de vos villes et m\u00e9dias favoris en vous inscrivant \u00e0 <a href=\"https:\/\/moncompte.actu.fr\" title=\"D\u00e9couvez Mon Actu\" rel=\"nofollow noopener\" data-trk=\"{&quot;cta&quot;:{&quot;action&quot;:&quot;https:\\\/\\\/moncompte.actu.fr&quot;,&quot;category&quot;:&quot;mon compte&quot;,&quot;from&quot;:&quot;article footer&quot;,&quot;name&quot;:&quot;Mon actu&quot;,&quot;type&quot;:&quot;cta&quot;}}\" target=\"_blank\">Mon Actu<\/a>.<\/p>\n","protected":false},"excerpt":{"rendered":"Par R\u00e9daction Paris Publi\u00e9 le 9 juin 2025 \u00e0 9h00 Ce lundi 9\u00a0juin 2025, La France insoumise (LFI)&hellip;\n","protected":false},"author":2,"featured_media":162680,"comment_status":"","ping_status":"","sticky":false,"template":"","format":"standard","meta":{"footnotes":""},"categories":[1888],"tags":[11,1777,674,1011,27,665,1023,1272,12,626,25,104],"class_list":{"0":"post-162679","1":"post","2":"type-post","3":"status-publish","4":"format-standard","5":"has-post-thumbnail","7":"category-paris","8":"tag-actualites","9":"tag-eu","10":"tag-europe","11":"tag-fr","12":"tag-france","13":"tag-gaza","14":"tag-la-france-insoumise-lfi","15":"tag-manifestations","16":"tag-news","17":"tag-paris","18":"tag-republique-francaise","19":"tag-societe"},"share_on_mastodon":{"url":"https:\/\/pubeurope.com\/@fr\/114652140281690236","error":""},"_links":{"self":[{"href":"https:\/\/www.europesays.com\/fr\/wp-json\/wp\/v2\/posts\/162679","targetHints":{"allow":["GET"]}}],"collection":[{"href":"https:\/\/www.europesays.com\/fr\/wp-json\/wp\/v2\/posts"}],"about":[{"href":"https:\/\/www.europesays.com\/fr\/wp-json\/wp\/v2\/types\/post"}],"author":[{"embeddable":true,"href":"https:\/\/www.europesays.com\/fr\/wp-json\/wp\/v2\/users\/2"}],"replies":[{"embeddable":true,"href":"https:\/\/www.europesays.com\/fr\/wp-json\/wp\/v2\/comments?post=162679"}],"version-history":[{"count":0,"href":"https:\/\/www.europesays.com\/fr\/wp-json\/wp\/v2\/posts\/162679\/revisions"}],"wp:featuredmedia":[{"embeddable":true,"href":"https:\/\/www.europesays.com\/fr\/wp-json\/wp\/v2\/media\/162680"}],"wp:attachment":[{"href":"https:\/\/www.europesays.com\/fr\/wp-json\/wp\/v2\/media?parent=162679"}],"wp:term":[{"taxonomy":"category","embeddable":true,"href":"https:\/\/www.europesays.com\/fr\/wp-json\/wp\/v2\/categories?post=162679"},{"taxonomy":"post_tag","embeddable":true,"href":"https:\/\/www.europesays.com\/fr\/wp-json\/wp\/v2\/tags?post=162679"}],"curies":[{"name":"wp","href":"https:\/\/api.w.org\/{rel}","templated":true}]}}