{"id":162683,"date":"2025-06-09T07:07:13","date_gmt":"2025-06-09T07:07:13","guid":{"rendered":"https:\/\/www.europesays.com\/fr\/162683\/"},"modified":"2025-06-09T07:07:13","modified_gmt":"2025-06-09T07:07:13","slug":"offensive-russe-dans-la-region-de-dnipropetrovsk-et-renault-envisage-de-produire-des-drones","status":"publish","type":"post","link":"https:\/\/www.europesays.com\/fr\/162683\/","title":{"rendered":"Offensive russe dans la r\u00e9gion de Dnipropetrovsk et Renault envisage de produire des drones"},"content":{"rendered":"<p>Vous avez rat\u00e9 les derniers \u00e9v\u00e9nements sur la <a href=\"https:\/\/www.20minutes.fr\/monde\/ukraine\/\" class=\"color-ultramarine c-link\" target=\"_blank\" rel=\"noopener\">guerre en Ukraine<\/a>\u00a0? 20 Minutes fait le point pour vous tous les soirs. Voici l\u2019essentiel de ce dimanche 8\u00a0juin 2025, 1.201e jour du conflit.<\/p>\n<p>Le fait du jour<\/p>\n<p>L\u2019arm\u00e9e russe a annonc\u00e9 <a href=\"https:\/\/www.20minutes.fr\/monde\/ukraine\/4157500-20250608-guerre-ukraine-armee-russe-annonce-attaquer-region-dnipropetrovsk\" class=\"color-ultramarine c-link\" target=\"_blank\" rel=\"noopener\">mener une offensive dans la r\u00e9gion ukrainienne de Dnipropetrovsk<\/a>, bordant celle de <a href=\"https:\/\/www.20minutes.fr\/dossier\/donetsk\" class=\"color-ultramarine c-link\" target=\"_blank\" rel=\"noopener\">Donetsk<\/a>, une premi\u00e8re en plus de trois ans de conflit.<\/p>\n<p>\u00ab\u00a0Les unit\u00e9s de la 90e division blind\u00e9e [\u2026] ont atteint la fronti\u00e8re ouest de la R\u00e9publique populaire de Donetsk et continuent de mener l\u2019offensive sur le territoire de la r\u00e9gion de Dnipropetrovsk\u00a0\u00bb, a \u00e9crit l\u2019arm\u00e9e russe sur Telegram, en utilisant le nom que Moscou utilise pour la r\u00e9gion de Donetsk annex\u00e9e.<\/p>\n<p>La d\u00e9claration du jour<\/p>\n<blockquote class=\"mx-m@xs mx-xxl@md color-ultramarine c-citation\">\n<p class=\"font-weight-regular@xs text-italic font-source-serif-pro text-l@xs c-citation__content\">\u00ab\u00a0\u00ab\u00a0Nous avons \u00e9t\u00e9 contact\u00e9s par le minist\u00e8re des Arm\u00e9es. Des \u00e9changes ont eu lieu, aucune d\u00e9cision n\u2019est prise \u00e0 ce stade car nous attendons notamment des pr\u00e9cisions sur ce projet de la part du minist\u00e8re.\u00a0\u00bb\u00a0\u00bb<\/p>\n<\/blockquote>\n<p>Le constructeur automobile fran\u00e7ais <a href=\"https:\/\/www.20minutes.fr\/dossier\/renault\" class=\"color-ultramarine c-link\" target=\"_blank\" rel=\"noopener\">Renault<\/a> a assur\u00e9 \u00e0 l\u2019AFP avoir \u00e9t\u00e9 contact\u00e9 par le <a href=\"https:\/\/www.20minutes.fr\/dossier\/ministere_de_la_defense\" class=\"color-ultramarine c-link\" target=\"_blank\" rel=\"noopener\">minist\u00e8re de la D\u00e9fense<\/a> pour s\u2019implanter en Ukraine afin d\u2019y produire des drones destin\u00e9s \u00e0 l\u2019arm\u00e9e ukrainienne et fran\u00e7aise, mais n\u2019avoir encore pris \u00ab\u00a0aucune d\u00e9cision\u00a0\u00bb.<\/p>\n<\/p>\n<p>Le chiffre du jour<\/p>\n<p>1. Un bombardement russe sur Mejivska, une localit\u00e9 de la r\u00e9gion de Dnipropetrovsk, dans le centre-est de l\u2019Ukraine, a fait au moins un mort, a annonc\u00e9 le gouvernement r\u00e9gional. Sur Telegram, le chef du conseil r\u00e9gional de Dnipropetrovsk, Mykola Loukachouk, a \u00e9galement fait \u00e9tat d\u2019attaques combin\u00e9es sur la zone de Nikopol non loin de l\u00e0, \u00e9voquant \u00ab\u00a0drones, artillerie et syst\u00e8mes de lance-roquettes multiples Grad\u00a0\u00bb. Des lignes \u00e9lectriques et quatre maisons particuli\u00e8res de la ville ont \u00e9t\u00e9 endommag\u00e9es, a-t-il rapport\u00e9.<\/p>\n<p>La tendance<\/p>\n<p>Samedi, <a href=\"https:\/\/www.20minutes.fr\/monde\/ukraine\/4157462-20250607-guerre-ukraine-russie-pilonne-pays-echange-prisonniers-compromis\" class=\"color-ultramarine c-link\" target=\"_blank\" rel=\"noopener\">la Russie et l\u2019Ukraine s\u2019accusaient mutuellement de perturber l\u2019\u00e9change de prisonniers<\/a> qui aurait d\u00fb avoir lieu ce week-end. L\u2019Ukraine a fait savoir ce dimanche que cet \u00e9change aura lieu \u00ab\u00a0la semaine prochaine\u00a0\u00bb.<\/p>\n<p><a href=\"https:\/\/www.20minutes.fr\/monde\/ukraine\/\" class=\"c-link c-btn c-btn--primary\" target=\"_blank\" rel=\"noopener\">Notre dossier sur la guerre en Ukraine<\/a><\/p>\n<p>\u00ab\u00a0Le d\u00e9but des op\u00e9rations de rapatriement, selon les r\u00e9sultats des n\u00e9gociations d\u2019Istanbul, est pr\u00e9vu pour la semaine prochaine [\u2026] Tout se d\u00e9roule comme pr\u00e9vu\u00a0\u00bb, <a href=\"https:\/\/www.20minutes.fr\/monde\/ukraine\/4157506-20250608-guerre-ukraine-echange-prisonniers-russie-semaine-prochaine-annonce-ukraine\" class=\"color-ultramarine c-link\" target=\"_blank\" rel=\"noopener\">a d\u00e9clar\u00e9 le chef du renseignement militaire ukrainien<\/a>, Kyrylo Boudanov, accusant Moscou de \u00ab\u00a0jeu informationnel d\u00e9loyal\u00a0\u00bb. Volodymyr Zelensky, lui, a reproch\u00e9 ce dimanche \u00e0 la Russie de jouer un jeu \u00ab sale et politique \u00bb autour de cet \u00e9change. Et d&rsquo;ajouter que si la Russie ne respectait pas l&rsquo;accord, cela \u00ab jetterait un grand doute \u00bb sur les efforts diplomatiques visant \u00e0 mettre un terme \u00e0 la guerre.<\/p>\n","protected":false},"excerpt":{"rendered":"Vous avez rat\u00e9 les derniers \u00e9v\u00e9nements sur la guerre en Ukraine\u00a0? 20 Minutes fait le point pour vous&hellip;\n","protected":false},"author":2,"featured_media":162684,"comment_status":"","ping_status":"","sticky":false,"template":"","format":"standard","meta":{"footnotes":""},"categories":[1590],"tags":[47,11,29539,1777,674,131,1876,74,12,10651,132,220],"class_list":{"0":"post-162683","1":"post","2":"type-post","3":"status-publish","4":"format-standard","5":"has-post-thumbnail","7":"category-ukraine","8":"tag-actualite","9":"tag-actualites","10":"tag-donetsk","11":"tag-eu","12":"tag-europe","13":"tag-guerre-en-ukraine","14":"tag-ministere-de-la-defense","15":"tag-monde","16":"tag-news","17":"tag-renault","18":"tag-russie","19":"tag-ukraine"},"share_on_mastodon":{"url":"https:\/\/pubeurope.com\/@fr\/114652148128288822","error":""},"_links":{"self":[{"href":"https:\/\/www.europesays.com\/fr\/wp-json\/wp\/v2\/posts\/162683","targetHints":{"allow":["GET"]}}],"collection":[{"href":"https:\/\/www.europesays.com\/fr\/wp-json\/wp\/v2\/posts"}],"about":[{"href":"https:\/\/www.europesays.com\/fr\/wp-json\/wp\/v2\/types\/post"}],"author":[{"embeddable":true,"href":"https:\/\/www.europesays.com\/fr\/wp-json\/wp\/v2\/users\/2"}],"replies":[{"embeddable":true,"href":"https:\/\/www.europesays.com\/fr\/wp-json\/wp\/v2\/comments?post=162683"}],"version-history":[{"count":0,"href":"https:\/\/www.europesays.com\/fr\/wp-json\/wp\/v2\/posts\/162683\/revisions"}],"wp:featuredmedia":[{"embeddable":true,"href":"https:\/\/www.europesays.com\/fr\/wp-json\/wp\/v2\/media\/162684"}],"wp:attachment":[{"href":"https:\/\/www.europesays.com\/fr\/wp-json\/wp\/v2\/media?parent=162683"}],"wp:term":[{"taxonomy":"category","embeddable":true,"href":"https:\/\/www.europesays.com\/fr\/wp-json\/wp\/v2\/categories?post=162683"},{"taxonomy":"post_tag","embeddable":true,"href":"https:\/\/www.europesays.com\/fr\/wp-json\/wp\/v2\/tags?post=162683"}],"curies":[{"name":"wp","href":"https:\/\/api.w.org\/{rel}","templated":true}]}}