{"id":162685,"date":"2025-06-09T07:08:10","date_gmt":"2025-06-09T07:08:10","guid":{"rendered":"https:\/\/www.europesays.com\/fr\/162685\/"},"modified":"2025-06-09T07:08:10","modified_gmt":"2025-06-09T07:08:10","slug":"linterdiction-dentree-aux-etats-unis-pour-les-ressortissants-de-douze-pays-entre-en-vigueur","status":"publish","type":"post","link":"https:\/\/www.europesays.com\/fr\/162685\/","title":{"rendered":"L\u2019interdiction d\u2019entr\u00e9e aux \u00c9tats-Unis pour les ressortissants de douze pays entre en vigueur"},"content":{"rendered":"<p>La d\u00e9cision d\u2019interdire l\u2019entr\u00e9e aux \u00c9tats-Unis des ressortissants de douze pays a \u00e9t\u00e9 prise afin de \u00ab prot\u00e9ger les \u00c9tats-Unis face aux terroristes \u00e9trangers et aux autres menaces pour la s\u00e9curit\u00e9 nationale \u00bb, selon la proclamation pr\u00e9sidentielle. Elle concerne les ressortissants d\u2019Afghanistan, de Birmanie, du Tchad, du Congo-Brazzaville, de Guin\u00e9e \u00c9quatoriale, d\u2019\u00c9rythr\u00e9e, d\u2019Ha\u00efti, d\u2019Iran, de Libye, de Somalie, du Soudan et du Y\u00e9men.<\/p>\n<p>L\u2019ex\u00e9cutif am\u00e9ricain, qui m\u00e8ne une politique anti-immigration tr\u00e8s restrictive, motive l\u2019inscription des pays concern\u00e9s sur cette liste par l\u2019absence d\u2019administrations efficaces pour assurer un contr\u00f4le des voyageurs et la tendance des ressortissants de certains \u00e0 rester aux \u00c9tats-Unis apr\u00e8s l\u2019expiration de leurs visas.<\/p>\n<p>\u00ab Je dois agir pour prot\u00e9ger la s\u00e9curit\u00e9 nationale \u00bb<\/p>\n<p>Les ressortissants de sept autres pays sont frapp\u00e9s par des restrictions dans la d\u00e9livrance de visas : le Burundi, Cuba, le Laos, la Sierra Leone, le Togo, le Turkm\u00e9nistan et le Venezuela.<\/p>\n<p>Le pr\u00e9sident am\u00e9ricain a compar\u00e9 cette d\u00e9cision annonc\u00e9e mercredi dernier aux \u00ab restrictions efficaces \u00bb qu\u2019il avait impos\u00e9es aux ressortissants de sept pays majoritairement musulmans, qualifi\u00e9es par ses d\u00e9tracteurs de \u00ab Muslim ban \u00bb au d\u00e9but de son pr\u00e9c\u00e9dent mandat, en 2017.<\/p>\n<p>Quatre pays figurent d\u2019ailleurs sur les deux listes : Iran, Libye, Soudan et Y\u00e9men.<\/p>\n<p>\u00ab En tant que pr\u00e9sident, je dois agir pour prot\u00e9ger la s\u00e9curit\u00e9 nationale et l\u2019int\u00e9r\u00eat national des \u00c9tats-Unis et de leur population \u00bb, indique Donald Trump dans le texte de la d\u00e9cision, qui affirme vouloir ainsi \u00ab prot\u00e9ger les \u00c9tats-Unis face aux terroristes \u00e9trangers \u00bb.<\/p>\n","protected":false},"excerpt":{"rendered":"La d\u00e9cision d\u2019interdire l\u2019entr\u00e9e aux \u00c9tats-Unis des ressortissants de douze pays a \u00e9t\u00e9 prise afin de \u00ab prot\u00e9ger&hellip;\n","protected":false},"author":2,"featured_media":162686,"comment_status":"","ping_status":"","sticky":false,"template":"","format":"standard","meta":{"footnotes":""},"categories":[1589],"tags":[11,75,765,73,1866,1061,74,12,801,1864,1865,1863,308],"class_list":{"0":"post-162685","1":"post","2":"type-post","3":"status-publish","4":"format-standard","5":"has-post-thumbnail","7":"category-etats-unis","8":"tag-actualites","9":"tag-donald-trump","10":"tag-en-continu","11":"tag-etats-unis","12":"tag-etats-unis-damerique","13":"tag-immigration","14":"tag-monde","15":"tag-news","16":"tag-social","17":"tag-united-states","18":"tag-united-states-of-america","19":"tag-us","20":"tag-usa"},"share_on_mastodon":{"url":"https:\/\/pubeurope.com\/@fr\/114652152220770840","error":""},"_links":{"self":[{"href":"https:\/\/www.europesays.com\/fr\/wp-json\/wp\/v2\/posts\/162685","targetHints":{"allow":["GET"]}}],"collection":[{"href":"https:\/\/www.europesays.com\/fr\/wp-json\/wp\/v2\/posts"}],"about":[{"href":"https:\/\/www.europesays.com\/fr\/wp-json\/wp\/v2\/types\/post"}],"author":[{"embeddable":true,"href":"https:\/\/www.europesays.com\/fr\/wp-json\/wp\/v2\/users\/2"}],"replies":[{"embeddable":true,"href":"https:\/\/www.europesays.com\/fr\/wp-json\/wp\/v2\/comments?post=162685"}],"version-history":[{"count":0,"href":"https:\/\/www.europesays.com\/fr\/wp-json\/wp\/v2\/posts\/162685\/revisions"}],"wp:featuredmedia":[{"embeddable":true,"href":"https:\/\/www.europesays.com\/fr\/wp-json\/wp\/v2\/media\/162686"}],"wp:attachment":[{"href":"https:\/\/www.europesays.com\/fr\/wp-json\/wp\/v2\/media?parent=162685"}],"wp:term":[{"taxonomy":"category","embeddable":true,"href":"https:\/\/www.europesays.com\/fr\/wp-json\/wp\/v2\/categories?post=162685"},{"taxonomy":"post_tag","embeddable":true,"href":"https:\/\/www.europesays.com\/fr\/wp-json\/wp\/v2\/tags?post=162685"}],"curies":[{"name":"wp","href":"https:\/\/api.w.org\/{rel}","templated":true}]}}