{"id":162689,"date":"2025-06-09T07:10:14","date_gmt":"2025-06-09T07:10:14","guid":{"rendered":"https:\/\/www.europesays.com\/fr\/162689\/"},"modified":"2025-06-09T07:10:14","modified_gmt":"2025-06-09T07:10:14","slug":"cinq-membres-dune-organisation-terroriste-dextreme-droite-arretes-pour-des-attaques-contre-des-migrants-liberation","status":"publish","type":"post","link":"https:\/\/www.europesays.com\/fr\/162689\/","title":{"rendered":"cinq membres d\u2019une organisation terroriste d\u2019extr\u00eame droite arr\u00eat\u00e9s pour des attaques contre des migrants \u2013 Lib\u00e9ration"},"content":{"rendered":"<p class=\"sc-ksZaOG ehjQrN text-element\">La justice allemande a annonc\u00e9 ce mercredi 21 mai avoir d\u00e9mantel\u00e9 une cellule d\u2019extr\u00e9mistes de droite violents et arr\u00eat\u00e9 cinq personnes soup\u00e7onn\u00e9es d\u2019avoir men\u00e9 et planifi\u00e9 des attaques contre des migrants. Selon les informations du <a href=\"https:\/\/www.spiegel.de\/panorama\/justiz\/letzte-verteidigungswelle-bundesanwaltschaft-geht-gegen-rechtsextreme-gruppe-vor-a-b13ad488-477f-4bd1-bd3c-e2a6afe0551e\" target=\"_blank\" rel=\"noreferrer nofollow noopener\" title=\"https:\/\/www.spiegel.de\/panorama\/justiz\/letzte-verteidigungswelle-bundesanwaltschaft-geht-gegen-rechtsextreme-gruppe-vor-a-b13ad488-477f-4bd1-bd3c-e2a6afe0551e\">Spiegel<\/a>, les policiers ont arr\u00eat\u00e9 \u00abdes suspects \u00e2g\u00e9s de 15 \u00e0 18 ans dans le Brandebourg, le Mecklembourg-Pom\u00e9ranie occidentale et la Hesse\u00bb. Le journal allemand pr\u00e9cise que \u00abtrois autres suspects de Saxe et de Thuringe, \u00e2g\u00e9s de 18 \u00e0 21 ans, \u00e9taient d\u00e9j\u00e0 en d\u00e9tention\u00bb.<\/p>\n<p class=\"sc-ksZaOG ehjQrN text-element\">Dans un communiqu\u00e9 du parquet, les suspects sont pr\u00e9sent\u00e9s comme appartenant \u00e0 \u00abune organisation terroriste d\u2019extr\u00eame droite fond\u00e9e au plus tard \u00e0 la mi-avril 2024 [\u2026] dont l\u2019objectif est de provoquer l\u2019effondrement du syst\u00e8me d\u00e9mocratique en R\u00e9publique f\u00e9d\u00e9rale d\u2019Allemagne par des actes de violence visant principalement des migrants et des opposants politiques\u00bb.<\/p>\n<p class=\"sc-ksZaOG ehjQrN text-element\">La cellule baptis\u00e9e \u00abLetzte Verteidigungswelle (Derni\u00e8re vague de d\u00e9fense, ndlr)\u00bb est soup\u00e7onn\u00e9e d\u2019avoir men\u00e9 au moins deux attaques dans l\u2019est de l\u2019Allemagne ces derniers mois : en octobre, ses membres ont mis le feu \u00e0 un centre culturel dans lequel se trouvaient plusieurs personnes. En janvier, ils ont tent\u00e9 de tirer \u00e0 l\u2019int\u00e9rieur d\u2019un centre d\u2019h\u00e9bergement pour demandeurs d\u2019asile et tagu\u00e9 plusieurs slogans comme \u00abAusl\u00e4nder raus (Dehors les \u00e9trangers, ndlr.)\u00bb , \u00abDeutschland den Deutschen (L\u2019Allemagne aux Allemands, ndlr.)\u00bb. Des actes qui n\u2019ont pas fait de bless\u00e9s, pr\u00e9cise le parquet.<\/p>\n<p class=\"sc-ksZaOG ehjQrN text-element\">\u00abLetzte Verteidigungswelle\u00bb se consid\u00e8re comme \u00abla derni\u00e8re instance de d\u00e9fense de la \u2018\u2018nation allemande\u2019\u2019\u00bb et planifiait \u00abnotamment des incendies criminels et des attentats \u00e0 l\u2019explosif contre des centres d\u2019h\u00e9bergement pour demandeurs d\u2019asile et des installations de la gauche politique, pouvant entra\u00eener la mort\u00bb.<\/p>\n<p class=\"sc-ksZaOG ehjQrN text-element\">Selon Der Spiegel, cette cellule recrutait depuis l\u2019ann\u00e9e derni\u00e8re des abonn\u00e9s sur les r\u00e9seaux sociaux ; Instagram, TikTok et Telegram. Selon des chiffres publi\u00e9s mardi par le minist\u00e8re de l\u2019Int\u00e9rieur allemand, <a href=\"https:\/\/www.liberation.fr\/international\/europe\/face-aux-offensives-de-la-droite-et-de-lextreme-droite-la-peur-des-millions-dallemands-issus-de-limmigration-20250215_7S5272QUXRHZPDFQTCK3ZDOOZQ\/\" target=\"_blank\" rel=\"noreferrer nofollow noopener\" title=\"https:\/\/www.liberation.fr\/international\/europe\/face-aux-offensives-de-la-droite-et-de-lextreme-droite-la-peur-des-millions-dallemands-issus-de-limmigration-20250215_7S5272QUXRHZPDFQTCK3ZDOOZQ\/\">le nombre de d\u00e9lits li\u00e9s \u00e0 l\u2019id\u00e9ologie d\u2019extr\u00eame droite<\/a> a augment\u00e9 de 48 % dans le pays cette m\u00eame ann\u00e9e \u2212 quasiment une infraction \u00e0 motif politique sur deux \u00e9tait ainsi li\u00e9e \u00e0 l\u2019extr\u00eame droite.<\/p>\n<p class=\"sc-ksZaOG ehjQrN text-element\">Un contexte auquel doit faire face la nouvelle coalition gouvernementale dirig\u00e9e par <a href=\"https:\/\/www.liberation.fr\/international\/europe\/friedrich-merz-elu-chancelier-allemand-leurope-au-coeur-20250506_5PTLUB7CHVA6VMZYVAUSABNB4Y\/\" target=\"_blank\" rel=\"noreferrer nofollow noopener\" title=\"https:\/\/www.liberation.fr\/international\/europe\/friedrich-merz-elu-chancelier-allemand-leurope-au-coeur-20250506_5PTLUB7CHVA6VMZYVAUSABNB4Y\/\">le chancelier conservateur Friedrich Merz<\/a>, entr\u00e9e en fonction la semaine derni\u00e8re. De l\u2019autre c\u00f4t\u00e9 du Rhin, le parti AFD a obtenu des scores \u00e9lectoraux \u00e9lev\u00e9s sur fond d\u2019augmentation du nombre d\u2019attaques contre les centres de r\u00e9fugi\u00e9s, par exemple. En 2024, leur nombre est ainsi pass\u00e9 de 167 \u00e0 218.<\/p>\n","protected":false},"excerpt":{"rendered":"La justice allemande a annonc\u00e9 ce mercredi 21 mai avoir d\u00e9mantel\u00e9 une cellule d\u2019extr\u00e9mistes de droite violents et&hellip;\n","protected":false},"author":2,"featured_media":162690,"comment_status":"","ping_status":"","sticky":false,"template":"","format":"standard","meta":{"footnotes":""},"categories":[1587],"tags":[11,672,1804,1805,1803,1777,674,1076,1801,12,1802],"class_list":{"0":"post-162689","1":"post","2":"type-post","3":"status-publish","4":"format-standard","5":"has-post-thumbnail","7":"category-allemagne","8":"tag-actualites","9":"tag-allemagne","10":"tag-bundesrepublik-deutschland","11":"tag-de","12":"tag-deutschland","13":"tag-eu","14":"tag-europe","15":"tag-extreme-droite","16":"tag-germany","17":"tag-news","18":"tag-republique-federale-dallemagne"},"share_on_mastodon":{"url":"https:\/\/pubeurope.com\/@fr\/114652159912463344","error":""},"_links":{"self":[{"href":"https:\/\/www.europesays.com\/fr\/wp-json\/wp\/v2\/posts\/162689","targetHints":{"allow":["GET"]}}],"collection":[{"href":"https:\/\/www.europesays.com\/fr\/wp-json\/wp\/v2\/posts"}],"about":[{"href":"https:\/\/www.europesays.com\/fr\/wp-json\/wp\/v2\/types\/post"}],"author":[{"embeddable":true,"href":"https:\/\/www.europesays.com\/fr\/wp-json\/wp\/v2\/users\/2"}],"replies":[{"embeddable":true,"href":"https:\/\/www.europesays.com\/fr\/wp-json\/wp\/v2\/comments?post=162689"}],"version-history":[{"count":0,"href":"https:\/\/www.europesays.com\/fr\/wp-json\/wp\/v2\/posts\/162689\/revisions"}],"wp:featuredmedia":[{"embeddable":true,"href":"https:\/\/www.europesays.com\/fr\/wp-json\/wp\/v2\/media\/162690"}],"wp:attachment":[{"href":"https:\/\/www.europesays.com\/fr\/wp-json\/wp\/v2\/media?parent=162689"}],"wp:term":[{"taxonomy":"category","embeddable":true,"href":"https:\/\/www.europesays.com\/fr\/wp-json\/wp\/v2\/categories?post=162689"},{"taxonomy":"post_tag","embeddable":true,"href":"https:\/\/www.europesays.com\/fr\/wp-json\/wp\/v2\/tags?post=162689"}],"curies":[{"name":"wp","href":"https:\/\/api.w.org\/{rel}","templated":true}]}}