{"id":162696,"date":"2025-06-09T07:14:10","date_gmt":"2025-06-09T07:14:10","guid":{"rendered":"https:\/\/www.europesays.com\/fr\/162696\/"},"modified":"2025-06-09T07:14:10","modified_gmt":"2025-06-09T07:14:10","slug":"depuis-la-dissolution-la-lente-descente-aux-enfers-du-rn","status":"publish","type":"post","link":"https:\/\/www.europesays.com\/fr\/162696\/","title":{"rendered":"Depuis la dissolution, la lente descente aux enfers du RN"},"content":{"rendered":"<p><strong>D\u00c9CRYPTAGE<\/strong> &#8211; Un an apr\u00e8s l\u2019incroyable d\u00e9cision d\u2019Emmanuel Macron, le RN traverse une crise profonde, largement ignor\u00e9e par ses propres \u00e9lecteurs et m\u00eame par les Fran\u00e7ais.<\/p>\n<p class=\"fig-paragraph\">Champagne\u00a0! C\u2019est m\u00eame\u00a0<a href=\"http:\/\/www.lefigaro.fr\/politique\/rien-ne-montre-que-la-degradation-du-pays-est-enrayee-marine-le-pen-ne-trouve-aucune-excuse-a-bruno-retailleau-20250607\" target=\"_blank\" data-fig-type=\"NewsFlash\" rel=\"noopener\" data-gtm-custom-categorie=\"navigation\" data-gtm-custom-action=\"crossclick\" data-gtm-custom-label=\"Contextuel\" data-gtm-event=\"customEventSPE\" data-fig-domain=\"LEFIGARO\">Marine Le Pen<\/a>\u00a0qui le dit. \u00ab\u00a0Nous avions notre verre de champagne \u00e0 la main pour f\u00eater les r\u00e9sultats. Et on a fait\u00a0: \u201cAh, gloups.\u201d Puis on a pos\u00e9 le verre de champagne\u00a0\u00bb, raconte, hilare, la chef de file du Rassemblement national (RN), dans le documentaire Dissolution, histoire d\u2019un s\u00e9isme politique. C\u2019\u00e9tait il y a pile un an, le 9\u00a0juin 2024, et celle qui se pensait encore la candidate \u00ab\u00a0naturelle\u00a0\u00bb de son camp \u00e0 la prochaine\u00a0<a href=\"http:\/\/www.lefigaro.fr\/politique\/presidentielle-2027-un-sondage-prevoit-un-duel-tres-serre-entre-edouard-philippe-et-le-candidat-du-rn-au-second-tour-20250505\" target=\"_blank\" data-fig-type=\"NewsFlash\" rel=\"noopener\" data-gtm-custom-categorie=\"navigation\" data-gtm-custom-action=\"crossclick\" data-gtm-custom-label=\"Contextuel\" data-gtm-event=\"customEventSPE\" data-fig-domain=\"LEFIGARO\">\u00e9lection pr\u00e9sidentielle<\/a>\u00a0avait des \u00e9toiles dans les yeux. Car c\u2019\u00e9tait simple\u00a0: son r\u00eave venait de s\u2019accomplir. Emmanuel Macron venait d\u2019annoncer qu\u2019il allait dissoudre l\u2019Assembl\u00e9e nationale, provoquant ainsi des \u00e9lections l\u00e9gislatives anticip\u00e9es.<\/p>\n<p class=\"fig-paragraph\">Alors, au QG que le parti nationaliste avait choisi, situ\u00e9 dans le pavillon Chesnaie du Roy du Parc floral, dans le bois de Vincennes, c\u2019est la joie et la stupeur qui r\u00e8gnent. D\u2019abord parce que les partisans de Marine Le\u00a0Pen et Jordan Bardella f\u00eatent une victoire. La liste men\u00e9e\u2026<\/p>\n<p class=\"fig-premium-paywall__infos\">\n        Cet article est r\u00e9serv\u00e9 aux abonn\u00e9s.        Il vous reste 85% \u00e0 d\u00e9couvrir.\n    <\/p>\n<p>                <img  data- alt=\"Le Figaro\" class=\"fig-img--complete fig-img\"\/><\/p>\n<p class=\"fig-premium-paywall__title\">Vente Flash<\/p>\n<p class=\"fig-premium-paywall__subtitle\">3,99\u20ac par mois pendant 12 mois. Sans engagement.<\/p>\n<p class=\"fig-premium-paywall__connect\">\n                D\u00e9j\u00e0 abonn\u00e9\u00a0?                <a class=\"fig-premium-paywall__connect-link\" href=\"https:\/\/connect.lefigaro.fr\/login?client=horizon_web&amp;type=main&amp;redirect_uri=https%3A%2F%2Fwww.lefigaro.fr%2Fpolitique%2Fdepuis-la-dissolution-la-lente-descente-aux-enfers-du-rn-20250609\" data-js-gtm=\"{&quot;customCategorie&quot;: &quot;conversion&quot;, &quot;customAction&quot;: &quot;before_Landing_Connexion_paywall_auto&quot;, &quot;customLabel&quot;: &quot;bGVmaWdhcm8uZnJfXzFmMDQzY2NjLTNkNmUtNjU4Mi05MjFiLTgzOGRiOGMxODFjY19fQXJ0aWNsZQ==_Depuis la dissolution, la lente descente aux enfers du RN_278&quot;, &quot;customIDSPE&quot;: &quot;bGVmaWdhcm8uZnJfXzFmMDQzY2NjLTNkNmUtNjU4Mi05MjFiLTgzOGRiOGMxODFjY19fQXJ0aWNsZQ==&quot;, &quot;event&quot;: &quot;customEventSPE&quot;}\" target=\"_blank\" rel=\"noopener\"><br \/>\n                    Connectez-vous<br \/>\n                <\/a>\n            <\/p>\n","protected":false},"excerpt":{"rendered":"D\u00c9CRYPTAGE &#8211; Un an apr\u00e8s l\u2019incroyable d\u00e9cision d\u2019Emmanuel Macron, le RN traverse une crise profonde, largement ignor\u00e9e par&hellip;\n","protected":false},"author":2,"featured_media":162697,"comment_status":"","ping_status":"","sticky":false,"template":"","format":"standard","meta":{"footnotes":""},"categories":[2],"tags":[11,426,427,422,423,13281,1011,27,418,424,425,1077,420,421,430,12,419,316,429,25,428],"class_list":{"0":"post-162696","1":"post","2":"type-post","3":"status-publish","4":"format-standard","5":"has-post-thumbnail","7":"category-actualites","8":"tag-actualites","9":"tag-candidat","10":"tag-candidats","11":"tag-depute","12":"tag-deputes","13":"tag-dissolution-de-lassemblee-nationale","14":"tag-fr","15":"tag-france","16":"tag-gouvernement","17":"tag-institution","18":"tag-institutions","19":"tag-jordan-bardella","20":"tag-loi","21":"tag-lois","22":"tag-marine-le-pen","23":"tag-news","24":"tag-opposition","25":"tag-politique","26":"tag-ps","27":"tag-republique-francaise","28":"tag-ump"},"share_on_mastodon":{"url":"https:\/\/pubeurope.com\/@fr\/114652175706037091","error":""},"_links":{"self":[{"href":"https:\/\/www.europesays.com\/fr\/wp-json\/wp\/v2\/posts\/162696","targetHints":{"allow":["GET"]}}],"collection":[{"href":"https:\/\/www.europesays.com\/fr\/wp-json\/wp\/v2\/posts"}],"about":[{"href":"https:\/\/www.europesays.com\/fr\/wp-json\/wp\/v2\/types\/post"}],"author":[{"embeddable":true,"href":"https:\/\/www.europesays.com\/fr\/wp-json\/wp\/v2\/users\/2"}],"replies":[{"embeddable":true,"href":"https:\/\/www.europesays.com\/fr\/wp-json\/wp\/v2\/comments?post=162696"}],"version-history":[{"count":0,"href":"https:\/\/www.europesays.com\/fr\/wp-json\/wp\/v2\/posts\/162696\/revisions"}],"wp:featuredmedia":[{"embeddable":true,"href":"https:\/\/www.europesays.com\/fr\/wp-json\/wp\/v2\/media\/162697"}],"wp:attachment":[{"href":"https:\/\/www.europesays.com\/fr\/wp-json\/wp\/v2\/media?parent=162696"}],"wp:term":[{"taxonomy":"category","embeddable":true,"href":"https:\/\/www.europesays.com\/fr\/wp-json\/wp\/v2\/categories?post=162696"},{"taxonomy":"post_tag","embeddable":true,"href":"https:\/\/www.europesays.com\/fr\/wp-json\/wp\/v2\/tags?post=162696"}],"curies":[{"name":"wp","href":"https:\/\/api.w.org\/{rel}","templated":true}]}}