{"id":1627,"date":"2025-04-03T23:10:09","date_gmt":"2025-04-03T23:10:09","guid":{"rendered":"https:\/\/www.europesays.com\/fr\/1627\/"},"modified":"2025-04-03T23:10:09","modified_gmt":"2025-04-03T23:10:09","slug":"un-enfant-de-12-ans-blesse-lors-dun-violent-cambriolage","status":"publish","type":"post","link":"https:\/\/www.europesays.com\/fr\/1627\/","title":{"rendered":"un enfant de 12 ans bless\u00e9 lors d\u2019un violent cambriolage"},"content":{"rendered":"<p><strong>INFO LE FIGARO<\/strong> &#8211; L\u2019enfant a saut\u00e9 par la fen\u00eatre de son domicile alors qu\u2019il venait d\u2019ouvrir \u00e0 trois voleurs arm\u00e9s et cagoul\u00e9s. Ces derniers ont menac\u00e9 sa famille avant de s\u2019emparer d\u2019une cha\u00eene en or et de prendre la fuite.<\/p>\n<p class=\"fig-paragraph\">Une apparition traumatisante. Dans la nuit de lundi \u00e0 mardi, une famille marseillaise a \u00e9t\u00e9 victime d\u2019un vol \u00e0 main arm\u00e9e perp\u00e9tr\u00e9 \u00e0 domicile par trois individus cagoul\u00e9s et arm\u00e9s. Le fils du couple, un enfant de 12 ans qui a ouvert la porte aux\u00a0<a href=\"http:\/\/www.lefigaro.fr\/faits-divers\/paris-une-famille-sequestree-et-menacee-par-des-cambrioleurs-a-son-domicile-du-6e-arrondissement-20250328\" data-fig-type=\"NewsFlash\" data-gtm-custom-categorie=\"navigation\" data-gtm-custom-action=\"crossclick\" data-gtm-custom-label=\"Contextuel\" data-gtm-event=\"customEventSPE\" data-fig-domain=\"LEFIGARO\" target=\"_blank\" rel=\"noopener\">cambrioleurs<\/a>, a \u00e9t\u00e9 s\u00e9rieusement bless\u00e9 alors qu\u2019il tentait de leur \u00e9chapper.<\/p>\n<p class=\"fig-paragraph\">Comme rapport\u00e9 au Figaro de sources concordantes, les malfaiteurs se sont directement pr\u00e9sent\u00e9s \u00e0 la porte de l\u2019appartement aux alentours de minuit. Cagoul\u00e9s et \u00e9quip\u00e9s d\u2019une arme de poing ainsi que d\u2019un couteau, ils ont frapp\u00e9 \u00e0 la porte du logement, tombant nez \u00e0 nez avec l\u2019enfant venu leur ouvrir la porte. Pris de panique et tentant visiblement de leur \u00e9chapper, ce dernier a saut\u00e9 par la fen\u00eatre de son appartement, situ\u00e9 au 2e \u00e9tage d\u2019un immeuble des quartiers nord de la ville.<\/p>\n<p>L\u2019enfant souffre de fractures<\/p>\n<p class=\"fig-paragraph\">Les voleurs ont ensuite menac\u00e9 les membres de la famille, pointant leur arme \u00e0 feu en direction du p\u00e8re, qui leur a remis sa cha\u00eene en or ainsi que quelques bijoux de faible valeur. Ils ont rapidement pris la fuite en courant. Pr\u00e9venus, les secours ont pris en charge l\u2019enfant de 12 ans, qui souffrait de fractures \u00e0 la jambe et au bassin ne mettant toutefois pas ses jours en danger.\u00a0Originaire de Bulgarie, le p\u00e8re de famille n\u2019a pas \u00e9t\u00e9 en mesure d\u2019identifier les mis en cause, toujours en fuite mercredi. Une enqu\u00eate pour \u00abvol \u00e0 main arm\u00e9e\u00bb a \u00e9t\u00e9 ouverte et confi\u00e9e \u00e0 la Division de la criminalit\u00e9 territoriale (DCT).<\/p>\n<p class=\"fig-paragraph\">Les cambriolages et autres vols \u00e0 main arm\u00e9e sont fr\u00e9quents dans les Bouches-du-Rh\u00f4ne et\u00a0<a href=\"http:\/\/www.lefigaro.fr\/marseille\/a-l-approche-de-la-fin-d-annee-les-forces-de-l-ordre-se-mobilisent-contre-les-vols-a-main-armee-dans-les-bouches-du-rhone-20231201\" data-fig-type=\"NewsFlash\" data-gtm-custom-categorie=\"navigation\" data-gtm-custom-action=\"crossclick\" data-gtm-custom-label=\"Contextuel\" data-gtm-event=\"customEventSPE\" data-fig-domain=\"LEFIGARO\" target=\"_blank\" rel=\"noopener\">particuli\u00e8rement \u00e0 Marseille<\/a>, o\u00f9 ces braquages souvent tr\u00e8s violents visent de nombreux particuliers et petits commerces vuln\u00e9rables. \u00abCe sont des braquages de proximit\u00e9 qui visent des petits commerces locaux, comme des \u00e9piceries de nuit ou des tabacs. Les braqueurs agissent par opportunit\u00e9, le plus souvent dans une zone qu\u2019ils connaissent bien et pour de petites sommes\u00bb, d\u00e9taillait fin 2023 au Figaro le commissaire divisionnaire David Brug\u00e8re, alors chef de la s\u00fbret\u00e9 d\u00e9partementale des Bouches-du-Rh\u00f4ne.<\/p>\n","protected":false},"excerpt":{"rendered":"INFO LE FIGARO &#8211; L\u2019enfant a saut\u00e9 par la fen\u00eatre de son domicile alors qu\u2019il venait d\u2019ouvrir \u00e0&hellip;\n","protected":false},"author":2,"featured_media":1628,"comment_status":"","ping_status":"","sticky":false,"template":"","format":"standard","meta":{"footnotes":""},"categories":[4],"tags":[11,885,1182,1174,1180,1181,1011,27,1184,1185,12,1177,1176,149,1186,882,25,1178,1183,1179,1175],"class_list":{"0":"post-1627","1":"post","2":"type-post","3":"status-publish","4":"format-standard","5":"has-post-thumbnail","7":"category-france","8":"tag-actualites","9":"tag-bouches-du-rhone","10":"tag-calanques","11":"tag-cambriolage","12":"tag-canebiere","13":"tag-cite-phoceenne","14":"tag-fr","15":"tag-france","16":"tag-la-timone","17":"tag-les-baumettes-mediterranee","18":"tag-news","19":"tag-notre-dame-de-la-garde","20":"tag-olympique-de-marseille","21":"tag-om","22":"tag-provence","23":"tag-provence-alpes-cote-dazur","24":"tag-republique-francaise","25":"tag-saint-charles","26":"tag-sormiou","27":"tag-vieux-port","28":"tag-vol"},"share_on_mastodon":{"url":"https:\/\/pubeurope.com\/@fr\/114276560000750988","error":""},"_links":{"self":[{"href":"https:\/\/www.europesays.com\/fr\/wp-json\/wp\/v2\/posts\/1627","targetHints":{"allow":["GET"]}}],"collection":[{"href":"https:\/\/www.europesays.com\/fr\/wp-json\/wp\/v2\/posts"}],"about":[{"href":"https:\/\/www.europesays.com\/fr\/wp-json\/wp\/v2\/types\/post"}],"author":[{"embeddable":true,"href":"https:\/\/www.europesays.com\/fr\/wp-json\/wp\/v2\/users\/2"}],"replies":[{"embeddable":true,"href":"https:\/\/www.europesays.com\/fr\/wp-json\/wp\/v2\/comments?post=1627"}],"version-history":[{"count":0,"href":"https:\/\/www.europesays.com\/fr\/wp-json\/wp\/v2\/posts\/1627\/revisions"}],"wp:featuredmedia":[{"embeddable":true,"href":"https:\/\/www.europesays.com\/fr\/wp-json\/wp\/v2\/media\/1628"}],"wp:attachment":[{"href":"https:\/\/www.europesays.com\/fr\/wp-json\/wp\/v2\/media?parent=1627"}],"wp:term":[{"taxonomy":"category","embeddable":true,"href":"https:\/\/www.europesays.com\/fr\/wp-json\/wp\/v2\/categories?post=1627"},{"taxonomy":"post_tag","embeddable":true,"href":"https:\/\/www.europesays.com\/fr\/wp-json\/wp\/v2\/tags?post=1627"}],"curies":[{"name":"wp","href":"https:\/\/api.w.org\/{rel}","templated":true}]}}