{"id":162711,"date":"2025-06-09T07:25:17","date_gmt":"2025-06-09T07:25:17","guid":{"rendered":"https:\/\/www.europesays.com\/fr\/162711\/"},"modified":"2025-06-09T07:25:17","modified_gmt":"2025-06-09T07:25:17","slug":"julien-clerc-evoque-le-souvenir-terrible-quil-garde-apres-avoir-appris-la-mort-brutale-de-son-frere-gerard-leclerc","status":"publish","type":"post","link":"https:\/\/www.europesays.com\/fr\/162711\/","title":{"rendered":"Julien Clerc \u00e9voque le souvenir \u00ab\u00a0terrible\u00a0\u00bb qu&rsquo;il garde apr\u00e8s avoir appris la mort brutale de son fr\u00e8re G\u00e9rard Leclerc"},"content":{"rendered":"<p>Ce dimanche 8 juin 2025, Julien Clerc \u00e9tait l&rsquo;invit\u00e9 de Laurent Delahousse dans son \u00e9mission 20h30 le dimanche diffus\u00e9e sur France 2. Un entretien pendant lequel le chanteur a accept\u00e9 de revenir sur le souvenir \u00ab\u00a0terrible\u00a0\u00bb qu&rsquo;il garde de la mort de son fr\u00e8re, G\u00e9rard Leclerc, dans un crash d&rsquo;avion.<\/p>\n<p>Julien Clerc est dans l&rsquo;actualit\u00e9. Le 23 mai dernier, <a href=\"https:\/\/www.programme-tv.net\/news\/people\/379815-ils-ont-choisi-chacun-des-chemins-differents-julien-clerc-fait-de-rares-confidences-sur-ses-cinq-enfants\/\" data-api-deeplink=\"teleloisirs:\/\/news\/379815\" target=\"_blank\" rel=\"noopener\">le chanteur de 77 ans<\/a> a sorti son 28\u00e8me album baptis\u00e9 Une vie. Pour en parler, il a choisi le plateau de l&rsquo;\u00e9mission 20h30 le dimanche et pr\u00e9sent\u00e9e par <b>Laurent Delahousse<\/b>. L&rsquo;occasion \u00e9galement de revenir sur sa tr\u00e8s longue carri\u00e8re, marqu\u00e9e par des tubes tels que Fais-moi une place, Ma pr\u00e9f\u00e9rence ou encore Femmes&#8230; je vous aime. \u00ab\u00a0J&rsquo;esp\u00e9rais que \u00e7a soit long parce que je n&rsquo;admirais que des gens qui avaient des longues carri\u00e8res (&#8230;) Je ne pensais pas que \u00e7a durerait si longtemps quand m\u00eame. Le fait de traverser une vie en chanson, en chantant, c&rsquo;est une chance inou\u00efe\u00a0\u00bb, a-t-il mesur\u00e9 dans les toutes premi\u00e8res minutes de l&rsquo;entretien.<\/p>\n<p>\u00ab\u00a0La vie nous avais s\u00e9par\u00e9s, mais&#8230;\u00a0\u00bb : Julien Clerc revient sur la relation qu&rsquo;il avait avec son fr\u00e8re avant son d\u00e9c\u00e8s tragique dans un crash d&rsquo;avion<\/p>\n<p>Laurent Delahousse a ensuite \u00e9voqu\u00e9 certains des titres pr\u00e9sents dans la playlist de son nouveau projet, notamment Saint-Nazaire, qu&rsquo;il a \u00e9crit pour <a href=\"https:\/\/www.programme-tv.net\/news\/tv\/334833-nous-laimions-emu-pascal-praud-rend-un-nouvel-hommage-bouleversant-a-gerard-leclerc-a-loccasion-de-son-anniversaire\/\" data-api-deeplink=\"teleloisirs:\/\/news\/334833\" target=\"_blank\" rel=\"noopener\">son fr\u00e8re d\u00e9c\u00e9d\u00e9<\/a> dans un crash d&rsquo;avion le 15 ao\u00fbt 2023, <b>G\u00e9rard Leclerc<\/b>. \u00ab\u00a0J&rsquo;en voulais absolument une dans l&rsquo;album sur lui et en plus, je souhaitais que \u00e7a ne soit pas une balade&#8230; Mon fr\u00e8re \u00e9tait tr\u00e8s rieur et le souvenir que je garde de lui, ce ne sont que des \u00e9clats de rire. Je ne voyais pas une balade, je voyais une chanson avec une musique positive\u00a0\u00bb, a-t-il expliqu\u00e9. Il en a ensuite dit plus sur leur relation. \u00ab\u00a0C&rsquo;est le lien que vous prenez dans l&rsquo;enfance avec celui qui est votre alter ego. Je l&rsquo;ai martyris\u00e9 quand on \u00e9tait enfant (&#8230;) J&rsquo;\u00e9tais le fr\u00e8re a\u00een\u00e9, je crois \u00eatre rest\u00e9 toute ma vie le fr\u00e8re a\u00een\u00e9, mais en m\u00eame temps, on avait ce lien qu&rsquo;ont les fr\u00e8res qui passent une bonne partie de la vie coll\u00e9s. <b>Apr\u00e8s, la vie nous a s\u00e9par\u00e9s, mais quand m\u00eame on avait gard\u00e9 ce lien<\/b>\u00ab\u00a0, a-t-il dit.<\/p>\n<p>                        Julien Clerc r\u00e9v\u00e8le ce qu&rsquo;il a d\u00fb faire de difficile apr\u00e8s avoir appris la disparition de son fr\u00e8re<\/p>\n<p>Deux jours apr\u00e8s l&rsquo;annonce du d\u00e9c\u00e8s de son fr\u00e8re, Julien Clerc est remont\u00e9 sur sc\u00e8ne. Mais il a d\u00fb g\u00e9rer quelque chose de plus difficile, selon lui. \u00ab\u00a0<b>Le souvenir terrible que j&rsquo;ai, c&rsquo;est quand son \u00e9pouse m&rsquo;appelle. je dois appeler tous mes fr\u00e8res et soeurs, mais c&rsquo;\u00e9tait mon r\u00f4le d&rsquo;a\u00een\u00e9<\/b>\u00ab\u00a0, a-t-il fait savoir.<\/p>\n","protected":false},"excerpt":{"rendered":"Ce dimanche 8 juin 2025, Julien Clerc \u00e9tait l&rsquo;invit\u00e9 de Laurent Delahousse dans son \u00e9mission 20h30 le dimanche&hellip;\n","protected":false},"author":2,"featured_media":162712,"comment_status":"","ping_status":"","sticky":false,"template":"","format":"standard","meta":{"footnotes":""},"categories":[1359],"tags":[244,58,59,1011,27,29540,1735,5097,18,973,1630],"class_list":{"0":"post-162711","1":"post","2":"type-post","3":"status-publish","4":"format-standard","5":"has-post-thumbnail","7":"category-people","8":"tag-commentaire","9":"tag-divertissement","10":"tag-entertainment","11":"tag-fr","12":"tag-france","13":"tag-gu00e9rard-leclerc","14":"tag-julien-clerc","15":"tag-laurent-delahousse","16":"tag-mort","17":"tag-people","18":"tag-zapping"},"share_on_mastodon":{"url":"https:\/\/pubeurope.com\/@fr\/114652219014348083","error":""},"_links":{"self":[{"href":"https:\/\/www.europesays.com\/fr\/wp-json\/wp\/v2\/posts\/162711","targetHints":{"allow":["GET"]}}],"collection":[{"href":"https:\/\/www.europesays.com\/fr\/wp-json\/wp\/v2\/posts"}],"about":[{"href":"https:\/\/www.europesays.com\/fr\/wp-json\/wp\/v2\/types\/post"}],"author":[{"embeddable":true,"href":"https:\/\/www.europesays.com\/fr\/wp-json\/wp\/v2\/users\/2"}],"replies":[{"embeddable":true,"href":"https:\/\/www.europesays.com\/fr\/wp-json\/wp\/v2\/comments?post=162711"}],"version-history":[{"count":0,"href":"https:\/\/www.europesays.com\/fr\/wp-json\/wp\/v2\/posts\/162711\/revisions"}],"wp:featuredmedia":[{"embeddable":true,"href":"https:\/\/www.europesays.com\/fr\/wp-json\/wp\/v2\/media\/162712"}],"wp:attachment":[{"href":"https:\/\/www.europesays.com\/fr\/wp-json\/wp\/v2\/media?parent=162711"}],"wp:term":[{"taxonomy":"category","embeddable":true,"href":"https:\/\/www.europesays.com\/fr\/wp-json\/wp\/v2\/categories?post=162711"},{"taxonomy":"post_tag","embeddable":true,"href":"https:\/\/www.europesays.com\/fr\/wp-json\/wp\/v2\/tags?post=162711"}],"curies":[{"name":"wp","href":"https:\/\/api.w.org\/{rel}","templated":true}]}}