{"id":162713,"date":"2025-06-09T07:26:33","date_gmt":"2025-06-09T07:26:33","guid":{"rendered":"https:\/\/www.europesays.com\/fr\/162713\/"},"modified":"2025-06-09T07:26:33","modified_gmt":"2025-06-09T07:26:33","slug":"un-appartement-de-27-m2-ouvert-et-offert-a-la-lumiere-a-deux-pas-de-montorgueil","status":"publish","type":"post","link":"https:\/\/www.europesays.com\/fr\/162713\/","title":{"rendered":"Un appartement de 27 m2 ouvert et offert \u00e0 la lumi\u00e8re \u00e0 deux pas de Montorgueil"},"content":{"rendered":"<p>\u00ab C&rsquo;\u00e9tait un petit deux pi\u00e8ces en plein centre de Paris, tr\u00e8s v\u00e9tuste, au deuxi\u00e8me \u00e9tage d&rsquo;une <a href=\"https:\/\/www.admagazine.fr\/article\/londres-40-m2-original-victorienne\" target=\"_blank\" rel=\"noopener\">maison donnant sur cour<\/a>, entre Montorgueil et Bonne Nouvelle, confie l\u2019architecte Joshua Florquin, fondateur de Florquin Studio \u00e0 Paris puis \u00e0 Gand, en Belgique, pays dont il est originaire. Le propri\u00e9taire souhaitait y habiter la moiti\u00e9 de l\u2019ann\u00e9e et y recevoir son jeune enfant l\u2019\u00e9t\u00e9, il envisageait donc le lieu comme une mini suite d\u2019h\u00f4tel, avec toutes les commodit\u00e9s possibles, beaucoup de rangements, quelque chose de raffin\u00e9, dans des tons m\u00e9diterran\u00e9ens. \u00bb Florquin Studio ne conserve donc pas la distribution en deux pi\u00e8ces et choisit d\u2019ouvrir l\u2019espace. Pour le s\u00e9quencer, une <a href=\"https:\/\/www.admagazine.fr\/article\/chambre-moderne-inspirations-fortes\" target=\"_blank\" rel=\"noopener\">estrade<\/a> est cr\u00e9\u00e9e qui accueille un lit king size auquel on acc\u00e8de de chaque c\u00f4t\u00e9 par des marches. \u00ab On y a dissimul\u00e9 des rangements, maximisant l&rsquo;espace et la fonctionnalit\u00e9 tout en maintenant un aspect \u00e9pur\u00e9 et \u00e9l\u00e9gant, des petits coins o\u00f9 l\u2019on peut se poser, discuter, lire un livre sur les marches\u2026 \u00bb Cette d\u00e9limitation en volume de l\u2019espace permet d\u2019int\u00e9grer en contrebas un canap\u00e9 de deux m\u00e8tres de large qui peut se convertir en couchage pour l\u2019enfant tout en cr\u00e9ant un coin salon. Le grand lit plac\u00e9 en majest\u00e9, totalement assum\u00e9, souligne la r\u00e9interpr\u00e9tation par Florquin Studio des codes du confort h\u00f4telier o\u00f9 les lits sont vastes et les couchages optionnels symbolis\u00e9s par des canap\u00e9s d\u2019appoint.<\/p>\n<p>Dans cette distribution en petite suite d&rsquo;h\u00f4tel, la cuisine se r\u00e9partit en deux espaces : les \u00e9l\u00e9ments lavage et froid dans l&rsquo;entr\u00e9e derri\u00e8re de grandes portes sans poign\u00e9es et une partie plus galley dans la pi\u00e8ce de vie. Sur des \u00e9tag\u00e8res, des poterie de Sejnan, r\u00e9alis\u00e9es exclusivement en Tunisie par des artisanes selon une m\u00e9thode ancestrale de modelage \u00e0 la main sans tour.<\/p>\n<p>BCDF studio<\/p>\n<p><strong>Une suite lumineuse<\/strong><\/p>\n<p>La partie nuit signifi\u00e9e, la partie jour n\u2019est pas n\u00e9glig\u00e9e. Elle s&rsquo;articule devant le canap\u00e9 avec une <a href=\"https:\/\/www.admagazine.fr\/article\/cuisine-ouverte-plus-belle-piece-maison\" target=\"_blank\" rel=\"noopener\">table sur mesure<\/a> en travertin persan rouge et des chaises en h\u00eatre rouge de Bruno Rey, l\u2019ensemble dialoguant avec un banc-meuble bas et surtout une cuisine en ch\u00eane clair et travertin dans un esprit m\u00e9diterran\u00e9en aux tons sable, terre, qui r\u00e9pondent aux murs \u00e0 la chaux beige. La table est \u00e0 la fois un espace de travail et de repas, invitant \u00e0 la convivialit\u00e9 et \u00e0 l&rsquo;\u00e9change, pour offrir une certaine id\u00e9e du luxe et du confort, digne d\u2019une mini suite o\u00f9 le mariage des mat\u00e9riaux nobles et des couleurs m\u00e9diterran\u00e9ennes cr\u00e9e une \u00e9l\u00e9gance parisienne m\u00e2tin\u00e9e de chaleur et de simplicit\u00e9 m\u00e9diterran\u00e9enne. \u00ab Ce studio est bien plus qu&rsquo;un simple lieu de vie, c&rsquo;est une invitation \u00e0 la d\u00e9tente et au raffinement au c\u0153ur de la ville lumi\u00e8re. Tout a donc \u00e9t\u00e9 r\u00e9alis\u00e9 sur mesure avec des mat\u00e9riaux soign\u00e9s, textur\u00e9s, et dans cet esprit. \u00bb Ainsi, une paroi en ch\u00eane clair, sans poign\u00e9es, int\u00e8gre dans l\u2019entr\u00e9e chauffe-eau, lave-linge et r\u00e9frig\u00e9rateur pour lib\u00e9rer la cuisine, et une \u00e9l\u00e9gante porte en verre fl\u00fbte fait circuler la lumi\u00e8re du jour jusque dans l\u2019entr\u00e9e depuis la salle de bains. Une salle de bains immersive en b\u00e9ton cir\u00e9 vert et sol en terre cuite pour ces propri\u00e9taires qui raffolent des <a href=\"https:\/\/www.admagazine.fr\/article\/plantes-interieur-parfum-envoutant-vertus\" target=\"_blank\" rel=\"noopener\">plante vertes<\/a>. On prend la douche entour\u00e9 de plantes plac\u00e9es sur des \u00e9tag\u00e8res cr\u00e9\u00e9es sur mesure dans un esprit mi-jungle mi-serre dans des nuances vert sauge qui cr\u00e9ent une ambiance enveloppante et apaisante.<\/p>\n","protected":false},"excerpt":{"rendered":"\u00ab C&rsquo;\u00e9tait un petit deux pi\u00e8ces en plein centre de Paris, tr\u00e8s v\u00e9tuste, au deuxi\u00e8me \u00e9tage d&rsquo;une maison&hellip;\n","protected":false},"author":2,"featured_media":162714,"comment_status":"","ping_status":"","sticky":false,"template":"","format":"standard","meta":{"footnotes":""},"categories":[1358],"tags":[10099,1348,1384,1385,1386,58,59,1011,27,9986],"class_list":{"0":"post-162713","1":"post","2":"type-post","3":"status-publish","4":"format-standard","5":"has-post-thumbnail","7":"category-arts-et-design","8":"tag-appartement-parisien","9":"tag-arts","10":"tag-arts-and-design","11":"tag-arts-et-design","12":"tag-design","13":"tag-divertissement","14":"tag-entertainment","15":"tag-fr","16":"tag-france","17":"tag-petits-espaces"},"share_on_mastodon":{"url":"https:\/\/pubeurope.com\/@fr\/114652222849334928","error":""},"_links":{"self":[{"href":"https:\/\/www.europesays.com\/fr\/wp-json\/wp\/v2\/posts\/162713","targetHints":{"allow":["GET"]}}],"collection":[{"href":"https:\/\/www.europesays.com\/fr\/wp-json\/wp\/v2\/posts"}],"about":[{"href":"https:\/\/www.europesays.com\/fr\/wp-json\/wp\/v2\/types\/post"}],"author":[{"embeddable":true,"href":"https:\/\/www.europesays.com\/fr\/wp-json\/wp\/v2\/users\/2"}],"replies":[{"embeddable":true,"href":"https:\/\/www.europesays.com\/fr\/wp-json\/wp\/v2\/comments?post=162713"}],"version-history":[{"count":0,"href":"https:\/\/www.europesays.com\/fr\/wp-json\/wp\/v2\/posts\/162713\/revisions"}],"wp:featuredmedia":[{"embeddable":true,"href":"https:\/\/www.europesays.com\/fr\/wp-json\/wp\/v2\/media\/162714"}],"wp:attachment":[{"href":"https:\/\/www.europesays.com\/fr\/wp-json\/wp\/v2\/media?parent=162713"}],"wp:term":[{"taxonomy":"category","embeddable":true,"href":"https:\/\/www.europesays.com\/fr\/wp-json\/wp\/v2\/categories?post=162713"},{"taxonomy":"post_tag","embeddable":true,"href":"https:\/\/www.europesays.com\/fr\/wp-json\/wp\/v2\/tags?post=162713"}],"curies":[{"name":"wp","href":"https:\/\/api.w.org\/{rel}","templated":true}]}}