{"id":162732,"date":"2025-06-09T07:36:11","date_gmt":"2025-06-09T07:36:11","guid":{"rendered":"https:\/\/www.europesays.com\/fr\/162732\/"},"modified":"2025-06-09T07:36:11","modified_gmt":"2025-06-09T07:36:11","slug":"apres-le-deploiement-de-la-garde-nationale-les-manifestations-sintensifient-a-los-angeles","status":"publish","type":"post","link":"https:\/\/www.europesays.com\/fr\/162732\/","title":{"rendered":"apr\u00e8s le d\u00e9ploiement de la garde nationale, les manifestations s\u2019intensifient \u00e0 Los Angeles"},"content":{"rendered":"<p><strong>REPORTAGE &#8211;<\/strong> Des affrontements ont oppos\u00e9 dimanche \u00e0 Los Angeles les forces de s\u00e9curit\u00e9 \u00e0 des manifestants contre la politique migratoire du pr\u00e9sident am\u00e9ricain.<\/p>\n<p class=\"fig-paragraph\">Une femme enti\u00e8rement nue au milieu de la chauss\u00e9e cr\u00e9\u00e9e un embouteillage au carrefour des rues Temple et Los Angeles, au pied du grand minaret Art D\u00e9co de la mairie. Plus loin, une foule de manifestants se masse sur le pont routier au-dessus du Santa Ana Freeway l\u2019autoroute 101, qui traverse Los Angeles d\u2019est en ouest. Ils protestent contre les\u00a0<a href=\"https:\/\/video.lefigaro.fr\/figaro\/video\/etats-unis-affrontements-entre-policiers-de-limmigration-et-manifestants-devant-un-centre-de-detention-federal\/\" target=\"_blank\" data-fig-type=\"Video\" rel=\"noopener\" data-gtm-custom-categorie=\"navigation\" data-gtm-custom-action=\"crossclick\" data-gtm-custom-label=\"Contextuel\" data-gtm-event=\"customEventSPE\" data-fig-domain=\"VIDEO\">arrestations de centaines d\u2019immigr\u00e9s clandestins ces derniers jours<\/a>\u00a0dans plusieurs descentes des agents de ICE (Immigration and Custom Enforcement, le Service de l\u2019immigration et des douanes). Les prisonniers sont retenus dans le centre de d\u00e9tention d\u2019ICE, qui se trouve derri\u00e8re l\u2019immeuble des services d\u2019immigration \u00ab Lib\u00e9rez-les et laissez les tranquilles\u00a0!\u00a0\u00bb, crie la foule. Ils brandissent des pancartes qui intiment \u00e0 ICE de quitter Los Angeles. Ou parfois plus simplement\u00a0: \u00ab ICE = Gestapo\u00a0\u00bb. Au-dessous du pont, ils bloquent une voie de l\u2019autoroute et font face aux policiers de la California Higway Patrol (la police routi\u00e8re)\u2026<\/p>\n<p class=\"fig-premium-paywall__infos\">\n        Cet article est r\u00e9serv\u00e9 aux abonn\u00e9s.        Il vous reste 90% \u00e0 d\u00e9couvrir.\n    <\/p>\n<p>                <img  data- alt=\"Le Figaro\" class=\"fig-img--complete fig-img\"\/><\/p>\n<p class=\"fig-premium-paywall__title\">Vente Flash<\/p>\n<p class=\"fig-premium-paywall__subtitle\">3,99\u20ac par mois pendant 12 mois. Sans engagement.<\/p>\n<p class=\"fig-premium-paywall__connect\">\n                D\u00e9j\u00e0 abonn\u00e9\u00a0?                <a class=\"fig-premium-paywall__connect-link\" href=\"https:\/\/connect.lefigaro.fr\/login?client=horizon_web&amp;type=main&amp;redirect_uri=https%3A%2F%2Fwww.lefigaro.fr%2Finternational%2Ftrump-attise-le-feu-apres-le-deploiement-de-la-garde-nationale-les-manifestations-s-intensifient-a-los-angeles-20250609\" data-js-gtm=\"{&quot;customCategorie&quot;: &quot;conversion&quot;, &quot;customAction&quot;: &quot;before_Landing_Connexion_paywall_auto&quot;, &quot;customLabel&quot;: &quot;bGVmaWdhcm8uZnJfXzFmMDQ0ZjE2LTc5NjgtNjc2Ni04MDMxLWQ1Zjg3NDYxYTRhYV9fQXJ0aWNsZQ==_\u00abTrump attise le feu\u00bb: apr\u00e8s le d\u00e9ploiement de la garde nationale, les manifestations s\u2019intensifient \u00e0 Los Angeles_1000&quot;, &quot;customIDSPE&quot;: &quot;bGVmaWdhcm8uZnJfXzFmMDQ0ZjE2LTc5NjgtNjc2Ni04MDMxLWQ1Zjg3NDYxYTRhYV9fQXJ0aWNsZQ==&quot;, &quot;event&quot;: &quot;customEventSPE&quot;}\" target=\"_blank\" rel=\"noopener\"><br \/>\n                    Connectez-vous<br \/>\n                <\/a>\n            <\/p>\n","protected":false},"excerpt":{"rendered":"REPORTAGE &#8211; Des affrontements ont oppos\u00e9 dimanche \u00e0 Los Angeles les forces de s\u00e9curit\u00e9 \u00e0 des manifestants contre&hellip;\n","protected":false},"author":2,"featured_media":162733,"comment_status":"","ping_status":"","sticky":false,"template":"","format":"standard","meta":{"footnotes":""},"categories":[5],"tags":[259,11,260,2139,73,1011,27,1061,14,261,12,262,28],"class_list":{"0":"post-162732","1":"post","2":"type-post","3":"status-publish","4":"format-standard","5":"has-post-thumbnail","7":"category-international","8":"tag-actualite-internationale","9":"tag-actualites","10":"tag-affaires-etrangeres","11":"tag-californie","12":"tag-etats-unis","13":"tag-fr","14":"tag-france","15":"tag-immigration","16":"tag-international","17":"tag-ministere-des-affaires-etrangeres","18":"tag-news","19":"tag-politique-etrangere","20":"tag-world"},"share_on_mastodon":{"url":"https:\/\/pubeurope.com\/@fr\/114652262107364591","error":""},"_links":{"self":[{"href":"https:\/\/www.europesays.com\/fr\/wp-json\/wp\/v2\/posts\/162732","targetHints":{"allow":["GET"]}}],"collection":[{"href":"https:\/\/www.europesays.com\/fr\/wp-json\/wp\/v2\/posts"}],"about":[{"href":"https:\/\/www.europesays.com\/fr\/wp-json\/wp\/v2\/types\/post"}],"author":[{"embeddable":true,"href":"https:\/\/www.europesays.com\/fr\/wp-json\/wp\/v2\/users\/2"}],"replies":[{"embeddable":true,"href":"https:\/\/www.europesays.com\/fr\/wp-json\/wp\/v2\/comments?post=162732"}],"version-history":[{"count":0,"href":"https:\/\/www.europesays.com\/fr\/wp-json\/wp\/v2\/posts\/162732\/revisions"}],"wp:featuredmedia":[{"embeddable":true,"href":"https:\/\/www.europesays.com\/fr\/wp-json\/wp\/v2\/media\/162733"}],"wp:attachment":[{"href":"https:\/\/www.europesays.com\/fr\/wp-json\/wp\/v2\/media?parent=162732"}],"wp:term":[{"taxonomy":"category","embeddable":true,"href":"https:\/\/www.europesays.com\/fr\/wp-json\/wp\/v2\/categories?post=162732"},{"taxonomy":"post_tag","embeddable":true,"href":"https:\/\/www.europesays.com\/fr\/wp-json\/wp\/v2\/tags?post=162732"}],"curies":[{"name":"wp","href":"https:\/\/api.w.org\/{rel}","templated":true}]}}