{"id":162738,"date":"2025-06-09T07:39:09","date_gmt":"2025-06-09T07:39:09","guid":{"rendered":"https:\/\/www.europesays.com\/fr\/162738\/"},"modified":"2025-06-09T07:39:09","modified_gmt":"2025-06-09T07:39:09","slug":"loire-un-homme-originaire-de-sorbiers-disparait-dun-festival","status":"publish","type":"post","link":"https:\/\/www.europesays.com\/fr\/162738\/","title":{"rendered":"Loire : un homme originaire de Sorbiers dispara\u00eet d&rsquo;un festival"},"content":{"rendered":"<p>Les faits se sont d\u00e9roul\u00e9s dans la nuit du vendredi 6 juin au samedi 7 juin. L&rsquo;homme s&rsquo;\u00e9tait rendu \u00e0 l&rsquo;Outdoormix \u00e0 Embrun (Hautes-Alpes), son t\u00e9l\u00e9phone a born\u00e9 une derni\u00e8re fois \u00e0 1 heure du matin.<\/p>\n<p>L&rsquo;individu, originaire de <b>Sorbiers dans la Loire<\/b>, n&rsquo;a plus donn\u00e9 de signe de vie depuis la nuit du vendredi au samedi 7 juin, alors qu&rsquo;il participait au <b>festival Outdoormix, \u00e0 Embrun dans les Hautes-Alpes<\/b>.\u00a0<\/p>\n<p>Sa disparition a \u00e9t\u00e9 signal\u00e9e \u00e0 la gendarmerie par ses amis le samedi soir. Les recherches ont d\u00e9but\u00e9 \u00e0 ce moment-l\u00e0, en vain.\u00a0<\/p>\n<p>La victime originaire de Sorbiers<\/p>\n<p><a class=\"url\" href=\"https:\/\/c.leprogres.fr\/faits-divers-justice\/2025\/06\/08\/un-festivalier-disparait-ses-proches-veulent-garder-espoir\" target=\"_blank\" rel=\"noopener\">D&rsquo;apr\u00e8s le Progr\u00e8s,<\/a> les recherches ont repris ce dimanche au matin. Les forces de l&rsquo;ordre ont mis en place un dispositif pour retrouver l&rsquo;homme d&rsquo;une quarantaine d&rsquo;ann\u00e9es.<\/p>\n<p><b>Un h\u00e9licopt\u00e8re<\/b> de la gendarmerie a survol\u00e9 la Durance (une rivi\u00e8re \u00e0 proximit\u00e9) toute la matin\u00e9e. <br \/><b><br \/>Des drones \u00e9quip\u00e9s de cam\u00e9ras thermiques<\/b> ont aussi \u00e9t\u00e9 d\u00e9ploy\u00e9s pour tenter de d\u00e9tecter la chaleur d&rsquo;un corps humain. <\/p>\n<p>Plus tard, <b>la brigade nautique<\/b> de la gendarmerie a aussi remont\u00e9 le cours d&rsquo;eau.\u00a0<\/p>\n<p><b>Les parents de l&rsquo;homme sont venus de Sorbiers dans la Loire<\/b>\u00a0pour participer aux recherches avec une trentaine d&rsquo;autres personnes venues en soutien. La battue a dur\u00e9 deux heures.<\/p>\n<p>Les recherches continuent ce lundi.<\/p>\n<p><\/p>\n","protected":false},"excerpt":{"rendered":"Les faits se sont d\u00e9roul\u00e9s dans la nuit du vendredi 6 juin au samedi 7 juin. L&rsquo;homme s&rsquo;\u00e9tait&hellip;\n","protected":false},"author":2,"featured_media":162739,"comment_status":"","ping_status":"","sticky":false,"template":"","format":"standard","meta":{"footnotes":""},"categories":[9653],"tags":[1111,11,2430,2715,29542,1777,674,849,1011,27,881,3367,12,25,4001,17204],"class_list":{"0":"post-162738","1":"post","2":"type-post","3":"status-publish","4":"format-standard","5":"has-post-thumbnail","7":"category-saint-etienne","8":"tag-actu","9":"tag-actualites","10":"tag-auvergne-rhone-alpes","11":"tag-disparition","12":"tag-embrun","13":"tag-eu","14":"tag-europe","15":"tag-festival","16":"tag-fr","17":"tag-france","18":"tag-hautes-alpes","19":"tag-loire","20":"tag-news","21":"tag-republique-francaise","22":"tag-saint-etienne","23":"tag-sorbiers"},"share_on_mastodon":{"url":"https:\/\/pubeurope.com\/@fr\/114652274048404367","error":""},"_links":{"self":[{"href":"https:\/\/www.europesays.com\/fr\/wp-json\/wp\/v2\/posts\/162738","targetHints":{"allow":["GET"]}}],"collection":[{"href":"https:\/\/www.europesays.com\/fr\/wp-json\/wp\/v2\/posts"}],"about":[{"href":"https:\/\/www.europesays.com\/fr\/wp-json\/wp\/v2\/types\/post"}],"author":[{"embeddable":true,"href":"https:\/\/www.europesays.com\/fr\/wp-json\/wp\/v2\/users\/2"}],"replies":[{"embeddable":true,"href":"https:\/\/www.europesays.com\/fr\/wp-json\/wp\/v2\/comments?post=162738"}],"version-history":[{"count":0,"href":"https:\/\/www.europesays.com\/fr\/wp-json\/wp\/v2\/posts\/162738\/revisions"}],"wp:featuredmedia":[{"embeddable":true,"href":"https:\/\/www.europesays.com\/fr\/wp-json\/wp\/v2\/media\/162739"}],"wp:attachment":[{"href":"https:\/\/www.europesays.com\/fr\/wp-json\/wp\/v2\/media?parent=162738"}],"wp:term":[{"taxonomy":"category","embeddable":true,"href":"https:\/\/www.europesays.com\/fr\/wp-json\/wp\/v2\/categories?post=162738"},{"taxonomy":"post_tag","embeddable":true,"href":"https:\/\/www.europesays.com\/fr\/wp-json\/wp\/v2\/tags?post=162738"}],"curies":[{"name":"wp","href":"https:\/\/api.w.org\/{rel}","templated":true}]}}