{"id":162742,"date":"2025-06-09T07:41:16","date_gmt":"2025-06-09T07:41:16","guid":{"rendered":"https:\/\/www.europesays.com\/fr\/162742\/"},"modified":"2025-06-09T07:41:16","modified_gmt":"2025-06-09T07:41:16","slug":"optique-pelus-fete-ses-60-ans-a-neuves-maisons-rdv-le-14-juin-animations-remises-et-conseils","status":"publish","type":"post","link":"https:\/\/www.europesays.com\/fr\/162742\/","title":{"rendered":"Optique Pelus f\u00eate ses 60 ans \u00e0 Neuves-Maisons. RDV le 14 juin : animations, remises et conseils"},"content":{"rendered":"<p>Tout commence en 1965 avec Roland Pelus, opticien passionn\u00e9. Son fils Olivier reprend le flambeau en 1980. 43 ans plus tard, Kathy, salari\u00e9e pendant 23 ans, poursuit l\u2019aventure avec le m\u00eame amour du m\u00e9tier : \u00ab J\u2019aime r\u00e9v\u00e9ler une personnalit\u00e9 \u00e0 travers une monture, ajuster un verre avec pr\u00e9cision et garantir des \u00e9quipements fiables \u00e0 un prix juste \u00bb. Une exigence et des investissements qui se retrouvent notamment dans la r\u00e9cente installation d\u2019une unit\u00e9 de tests de vue.<\/p>\n<p><strong>Une offre compl\u00e8te, accessible et engag\u00e9e<br \/><\/strong>Optique Pelus propose tous les styles de montures : originales, chics ou classiques, accessibles pour tous les budgets. Kathy privil\u00e9gie les produits fabriqu\u00e9s en Europe, surtout en France, voire localement quand c\u2019est possible. La boutique pense aussi aux enfants, avec des lunettes incassables ou des verres adapt\u00e9s pour freiner la myopie, et aux personnes \u00e2g\u00e9es, gr\u00e2ce aux d\u00e9placements r\u00e9guliers de Kathy en EHPAD.<\/p>\n<p><strong>Le 14 juin, une journ\u00e9e d\u2019exception<br \/><\/strong>Pour remercier leurs clients, Kathy et Sol\u00e8ne sa collaboratrice, proposeront une remise de 20 % sur tous les solaires, la pr\u00e9sentation exclusive des derni\u00e8res collections couture (Azzaro, Alpine, Chantal Thomas, Mou\u2026), des embl\u00e9matiques lunettes de sport Julbo, adaptables \u00e0 la vue et des montures \u00e9coresponsables en bois ou en plastique recycl\u00e9.<\/p>\n<p>Une experte en colorim\u00e9trie sera \u00e9galement pr\u00e9sente pour offrir des conseils personnalis\u00e9s. Une borne \u00e0 selfies permettra de repartir avec un souvenir, et les 250 premiers clients-visiteurs recevront une lingette microfibre collector \u201c60 ans\u201d ainsi qu\u2019un rafra\u00eechissement.<\/p>\n<p><strong>Une f\u00eate locale et solidaire<br \/><\/strong>Plusieurs commer\u00e7ants de Neuves-Maisons s\u2019associent \u00e0 la f\u00eate. Une grande tombola permettra de gagner des bons d\u2019achat chez cette dizaine de partenaires. Bouticycle Nancy pr\u00e9sentera 2 v\u00e9los. La buvette servira les bi\u00e8res et limonades artisanales de la brasserie \u201cC\u2019est de la Bal\u201d, au profit de l\u2019association Symphonie, engag\u00e9e aupr\u00e8s des personnes atteintes de cancer.<\/p>\n<p><strong>Ancr\u00e9e dans son territoire<br \/><\/strong>Tr\u00e8s impliqu\u00e9e dans la vie du centre-ville, Kathy croit en la solidarit\u00e9 entre commer\u00e7ants. Elle s\u2019engage \u00e0 faire vivre Neuves-Maisons et compte renforcer sa visibilit\u00e9 notamment lors des \u00e9v\u00e9nements sportifs locaux.<\/p>\n<p><strong>Bient\u00f4t un nouveau site internet<br \/><\/strong>Le site est en cours de refonte. D\u00e8s sa mise en ligne, il permettra de d\u00e9couvrir tout l\u2019univers de la boutique et de prendre rendez-vous pour un test de vue ou le choix de ses lunettes.<\/p>\n<p><strong>Le samedi 14 juin, un rendez-vous \u00e0 ne pas manquer<br \/><\/strong>Kathy esp\u00e8re que son ancien patron, Olivier Pelus, pourra \u00eatre pr\u00e9sent. \u00ab Ce serait un moment fort. Au-del\u00e0 des ann\u00e9es, c\u2019est une histoire de transmission, un lien de confiance. \u00bb<\/p>\n<p>Fid\u00e8les clients ou simples curieux, ne manquez pas ce rendez-vous de 10h \u00e0 18h sur la place du Point Central de Neuves-Maisons. Une belle occasion de c\u00e9l\u00e9brer un parcours unique\u2026 tourn\u00e9 vers l\u2019avenir et le service client.<\/p>\n","protected":false},"excerpt":{"rendered":"Tout commence en 1965 avec Roland Pelus, opticien passionn\u00e9. Son fils Olivier reprend le flambeau en 1980. 43&hellip;\n","protected":false},"author":2,"featured_media":162743,"comment_status":"","ping_status":"","sticky":false,"template":"","format":"standard","meta":{"footnotes":""},"categories":[9635],"tags":[1111,11,7884,1777,674,1011,27,775,1702,12,25],"class_list":{"0":"post-162742","1":"post","2":"type-post","3":"status-publish","4":"format-standard","5":"has-post-thumbnail","7":"category-nancy","8":"tag-actu","9":"tag-actualites","10":"tag-articles-partenaires","11":"tag-eu","12":"tag-europe","13":"tag-fr","14":"tag-france","15":"tag-grand-est","16":"tag-nancy","17":"tag-news","18":"tag-republique-francaise"},"share_on_mastodon":{"url":"https:\/\/pubeurope.com\/@fr\/114652281792468874","error":""},"_links":{"self":[{"href":"https:\/\/www.europesays.com\/fr\/wp-json\/wp\/v2\/posts\/162742","targetHints":{"allow":["GET"]}}],"collection":[{"href":"https:\/\/www.europesays.com\/fr\/wp-json\/wp\/v2\/posts"}],"about":[{"href":"https:\/\/www.europesays.com\/fr\/wp-json\/wp\/v2\/types\/post"}],"author":[{"embeddable":true,"href":"https:\/\/www.europesays.com\/fr\/wp-json\/wp\/v2\/users\/2"}],"replies":[{"embeddable":true,"href":"https:\/\/www.europesays.com\/fr\/wp-json\/wp\/v2\/comments?post=162742"}],"version-history":[{"count":0,"href":"https:\/\/www.europesays.com\/fr\/wp-json\/wp\/v2\/posts\/162742\/revisions"}],"wp:featuredmedia":[{"embeddable":true,"href":"https:\/\/www.europesays.com\/fr\/wp-json\/wp\/v2\/media\/162743"}],"wp:attachment":[{"href":"https:\/\/www.europesays.com\/fr\/wp-json\/wp\/v2\/media?parent=162742"}],"wp:term":[{"taxonomy":"category","embeddable":true,"href":"https:\/\/www.europesays.com\/fr\/wp-json\/wp\/v2\/categories?post=162742"},{"taxonomy":"post_tag","embeddable":true,"href":"https:\/\/www.europesays.com\/fr\/wp-json\/wp\/v2\/tags?post=162742"}],"curies":[{"name":"wp","href":"https:\/\/api.w.org\/{rel}","templated":true}]}}