{"id":162744,"date":"2025-06-09T07:42:13","date_gmt":"2025-06-09T07:42:13","guid":{"rendered":"https:\/\/www.europesays.com\/fr\/162744\/"},"modified":"2025-06-09T07:42:13","modified_gmt":"2025-06-09T07:42:13","slug":"cafe-des-sports-lanniversaire-de-sega-coulibaly-la-coupe-du-district-en-video-bienvenue-au-cafe-des-sports","status":"publish","type":"post","link":"https:\/\/www.europesays.com\/fr\/162744\/","title":{"rendered":"Caf\u00e9 des sports. L\u2019anniversaire de S\u00e9ga Coulibaly, la coupe du District en vid\u00e9o\u2026 Bienvenue au caf\u00e9 des sports\u00a0!"},"content":{"rendered":"<p>  Joyeux anniversaire\u00a0!<\/p>\n<p>Ce lundi, nous souhaitons un joyeux anniversaire \u00e0 un ancien d\u00e9fenseur de l\u2019ASNL, qui portait les couleurs de Ch\u00e2teauroux la saison derni\u00e8re. Vous avez devin\u00e9 de qui il s\u2019agit\u00a0? C\u2019est S\u00e9ga Coulibaly, Nanc\u00e9ien de 2018 \u00e0 2021, qui f\u00eate ses 29 ans, ce lundi.<\/p>\n<p>  \u00c0 la t\u00e9l\u00e9<\/p>\n<p><strong>Tennis<\/strong> \u00a0: Tournoi WTA du Queen\u2019s, \u00e0 partir de 13h, sur beIN Sports 2.<\/p>\n<p><strong>Cyclisme<\/strong> \u00a0: Crit\u00e9rium du Dauphin\u00e9 (2e \u00e9tape), \u00e0 partir de 15h25 sur Eurosport 1 et 15h40 sur France 3.<\/p>\n<p><strong>Athl\u00e9tisme<\/strong> \u00a0: Meeting d\u2019Hengelo, \u00e0 partir de 17h45, sur L\u2019\u00c9quipe Live.<\/p>\n<p><strong>Football<\/strong> \u00a0: Qualifications Coupe du monde 2026, Belgique &#8211; Pays de Galles, \u00e0 partir de 20h45, sur L\u2019\u00c9quipe.<\/p>\n","protected":false},"excerpt":{"rendered":"Joyeux anniversaire\u00a0! Ce lundi, nous souhaitons un joyeux anniversaire \u00e0 un ancien d\u00e9fenseur de l\u2019ASNL, qui portait les&hellip;\n","protected":false},"author":2,"featured_media":162745,"comment_status":"","ping_status":"","sticky":false,"template":"","format":"standard","meta":{"footnotes":""},"categories":[9635],"tags":[1111,11,1704,1777,674,1011,27,775,1702,1703,12,25,517,1700],"class_list":{"0":"post-162744","1":"post","2":"type-post","3":"status-publish","4":"format-standard","5":"has-post-thumbnail","7":"category-nancy","8":"tag-actu","9":"tag-actualites","10":"tag-edition-nancy-et-agglomeration","11":"tag-eu","12":"tag-europe","13":"tag-fr","14":"tag-france","15":"tag-grand-est","16":"tag-nancy","17":"tag-nancy-ville-54b","18":"tag-news","19":"tag-republique-francaise","20":"tag-sport","21":"tag-sport-lorrain"},"share_on_mastodon":{"url":"https:\/\/pubeurope.com\/@fr\/114652285694052924","error":""},"_links":{"self":[{"href":"https:\/\/www.europesays.com\/fr\/wp-json\/wp\/v2\/posts\/162744","targetHints":{"allow":["GET"]}}],"collection":[{"href":"https:\/\/www.europesays.com\/fr\/wp-json\/wp\/v2\/posts"}],"about":[{"href":"https:\/\/www.europesays.com\/fr\/wp-json\/wp\/v2\/types\/post"}],"author":[{"embeddable":true,"href":"https:\/\/www.europesays.com\/fr\/wp-json\/wp\/v2\/users\/2"}],"replies":[{"embeddable":true,"href":"https:\/\/www.europesays.com\/fr\/wp-json\/wp\/v2\/comments?post=162744"}],"version-history":[{"count":0,"href":"https:\/\/www.europesays.com\/fr\/wp-json\/wp\/v2\/posts\/162744\/revisions"}],"wp:featuredmedia":[{"embeddable":true,"href":"https:\/\/www.europesays.com\/fr\/wp-json\/wp\/v2\/media\/162745"}],"wp:attachment":[{"href":"https:\/\/www.europesays.com\/fr\/wp-json\/wp\/v2\/media?parent=162744"}],"wp:term":[{"taxonomy":"category","embeddable":true,"href":"https:\/\/www.europesays.com\/fr\/wp-json\/wp\/v2\/categories?post=162744"},{"taxonomy":"post_tag","embeddable":true,"href":"https:\/\/www.europesays.com\/fr\/wp-json\/wp\/v2\/tags?post=162744"}],"curies":[{"name":"wp","href":"https:\/\/api.w.org\/{rel}","templated":true}]}}