{"id":162753,"date":"2025-06-09T07:49:12","date_gmt":"2025-06-09T07:49:12","guid":{"rendered":"https:\/\/www.europesays.com\/fr\/162753\/"},"modified":"2025-06-09T07:49:12","modified_gmt":"2025-06-09T07:49:12","slug":"national-du-changement-dans-le-staff-du-fc-rouen","status":"publish","type":"post","link":"https:\/\/www.europesays.com\/fr\/162753\/","title":{"rendered":"National. Du changement dans le staff du FC Rouen"},"content":{"rendered":"<p><img loading=\"lazy\" decoding=\"async\" width=\"696\" height=\"464\" class=\"lazyload entry-thumb\" src=\"https:\/\/www.europesays.com\/fr\/wp-content\/uploads\/2025\/05\/FC-Rouen-696x464.jpg\" alt=\"\" title=\"FC Rouen\"\/>(Photo Philippe Le Brech)<\/p>\n<p style=\"font-size:20px\"><strong>Le FC Rouen a annonc\u00e9 du changement dans le staff qui entoure l\u2019entra\u00eeneur R\u00e9gis Brouard pour la prochaine saison de National.<\/strong><\/p>\n<p>L\u2019adjoint Greg Auger et le pr\u00e9parateur Thomas Legrand, , qui \u00e9taient arriv\u00e9s en fin de contrat avec le club normand, sont ainsi respectivement remplac\u00e9s par Pascal Braud et Kevin Catherine.<\/p>\n<p>Le premier a d\u2019ailleurs d\u00e9j\u00e0 collabor\u00e9 avec R\u00e9gis Brouard aux Chamois Niortais. \u00ab\u00a0Sa connaissance du haut niveau et son sens du collectif seront de pr\u00e9cieux atouts pour accompagner le staff rouennais\u00a0\u00bb explique le FCR. \u00a0Le second arrive quant \u00e0 lui d\u2019Amiens (Ligue 2).<\/p>\n<p>Mathieu Lacaille (entra\u00eeneur des gardiens), Maxime David (pr\u00e9parateur physique principal), F\u00e9lix Desvall\u00e9es (analyste vid\u00e9o) et Louis Lesueur (analyste data et community manager) restent en poste.<\/p>\n<p><a href=\"https:\/\/footamateur.ouest-france.fr\/author\/fred\/\" class=\"url\" title=\"Fr\u00e9d\u00e9ric Sougey\" target=\"_blank\" rel=\"noopener\"> <img decoding=\"async\" src=\"https:\/\/www.europesays.com\/fr\/wp-content\/uploads\/2025\/04\/gnlpcfya_400x400.jpg\" class=\"lazyload photo\" width=\"250\" alt=\"Fr\u00e9d\u00e9ric Sougey\"\/><\/a><\/p>\n<p>Journaliste chez Sports M\u00e9dia<\/p>\n<p>Elev\u00e9 au c\u0153ur des Alpes, Fred quitte (temporairement) son Grenoble ador\u00e9 pour pr\u00eater sa plume et son regard au monde amateur et plus particuli\u00e8rement au Championnat National dont il est un assidu observateur. Fan de tartiflette, de Karim Mokeddem et de Mulholland Drive. Les bonnes choses de la vie, en somme.<\/p>\n<p><a href=\"https:\/\/footamateur.ouest-france.fr\/author\/fred\/\" class=\"url\" title=\"Fr\u00e9d\u00e9ric Sougey\" target=\"_blank\" rel=\"noopener\"><img decoding=\"async\" src=\"https:\/\/www.europesays.com\/fr\/wp-content\/uploads\/2025\/04\/gnlpcfya_400x400.jpg\" class=\"lazyload photo\" width=\"250\" alt=\"Fr\u00e9d\u00e9ric Sougey\"\/><\/a>Les derniers articles par Fr\u00e9d\u00e9ric Sougey (<a href=\"https:\/\/footamateur.ouest-france.fr\/author\/fred\/\" target=\"_blank\" rel=\"noopener\">tout voir<\/a>)<\/p>\n","protected":false},"excerpt":{"rendered":"(Photo Philippe Le Brech) Le FC Rouen a annonc\u00e9 du changement dans le staff qui entoure l\u2019entra\u00eeneur R\u00e9gis&hellip;\n","protected":false},"author":2,"featured_media":103928,"comment_status":"","ping_status":"","sticky":false,"template":"","format":"standard","meta":{"footnotes":""},"categories":[9587],"tags":[1111,11,1777,674,12003,1011,27,12,5161,25,9590],"class_list":{"0":"post-162753","1":"post","2":"type-post","3":"status-publish","4":"format-standard","5":"has-post-thumbnail","7":"category-rouen","8":"tag-actu","9":"tag-actualites","10":"tag-eu","11":"tag-europe","12":"tag-fc-rouen","13":"tag-fr","14":"tag-france","15":"tag-news","16":"tag-normandie","17":"tag-republique-francaise","18":"tag-rouen"},"share_on_mastodon":{"url":"https:\/\/pubeurope.com\/@fr\/114652313303313197","error":""},"_links":{"self":[{"href":"https:\/\/www.europesays.com\/fr\/wp-json\/wp\/v2\/posts\/162753","targetHints":{"allow":["GET"]}}],"collection":[{"href":"https:\/\/www.europesays.com\/fr\/wp-json\/wp\/v2\/posts"}],"about":[{"href":"https:\/\/www.europesays.com\/fr\/wp-json\/wp\/v2\/types\/post"}],"author":[{"embeddable":true,"href":"https:\/\/www.europesays.com\/fr\/wp-json\/wp\/v2\/users\/2"}],"replies":[{"embeddable":true,"href":"https:\/\/www.europesays.com\/fr\/wp-json\/wp\/v2\/comments?post=162753"}],"version-history":[{"count":0,"href":"https:\/\/www.europesays.com\/fr\/wp-json\/wp\/v2\/posts\/162753\/revisions"}],"wp:featuredmedia":[{"embeddable":true,"href":"https:\/\/www.europesays.com\/fr\/wp-json\/wp\/v2\/media\/103928"}],"wp:attachment":[{"href":"https:\/\/www.europesays.com\/fr\/wp-json\/wp\/v2\/media?parent=162753"}],"wp:term":[{"taxonomy":"category","embeddable":true,"href":"https:\/\/www.europesays.com\/fr\/wp-json\/wp\/v2\/categories?post=162753"},{"taxonomy":"post_tag","embeddable":true,"href":"https:\/\/www.europesays.com\/fr\/wp-json\/wp\/v2\/tags?post=162753"}],"curies":[{"name":"wp","href":"https:\/\/api.w.org\/{rel}","templated":true}]}}