{"id":162754,"date":"2025-06-09T07:51:09","date_gmt":"2025-06-09T07:51:09","guid":{"rendered":"https:\/\/www.europesays.com\/fr\/162754\/"},"modified":"2025-06-09T07:51:09","modified_gmt":"2025-06-09T07:51:09","slug":"mercato-officiel-grenoble-engage-un-milieu-de-terrain-en-provenance-de-n1","status":"publish","type":"post","link":"https:\/\/www.europesays.com\/fr\/162754\/","title":{"rendered":"Mercato &#8211; Officiel &#8211; Grenoble engage un milieu de terrain en provenance de N1"},"content":{"rendered":"<p style=\"text-align: justify;\">Sa place est bien en Ligue 2 ! Rel\u00e9gu\u00e9 en N1 avec <strong>Concarneau<\/strong> il y a un an malgr\u00e9 une saison bien remplie sur le plan individuel, <strong>Baptiste Mouazan<\/strong> (23 ans) a \u00e9t\u00e9 un des joueurs les plus d\u00e9cisifs de la troisi\u00e8me division en 2024-2025 : 10 buts et deux passes d\u00e9cisives avec le club breton. Le milieu de terrain ne restera pas avec les Thoniers.<\/p>\n<p style=\"text-align: justify;\">\u00c0 lire aussi &gt;&gt;\u00a0<a href=\"https:\/\/maligue2.fr\/2025\/06\/09\/mercato-un-lateral-dexperience-vers-le-paris-fc\/\" target=\"_blank\" rel=\"noopener\">Mercato \u2013 Un lat\u00e9ral d\u2019exp\u00e9rience vers le Paris FC ?<\/a><\/p>\n<p style=\"text-align: justify;\">Le <strong>Grenoble Foot 38<\/strong> a officialis\u00e9 l\u2019arriv\u00e9e du joueur dimanche en fin d\u2019apr\u00e8s-midi. Baptiste Mouazan s\u2019est engag\u00e9 avec le club pour les trois prochaines saisons.<\/p>\n<blockquote class=\"twitter-tweet\">\n<p dir=\"ltr\" lang=\"fr\">\ufe0f     ! <\/p>\n<p>Le milieu de terrain de l\u2019US Concarneau auteur de 10 buts cette saison a paraph\u00e9 un contrat de 3 ans dans la Capitale des Alpes \ufe0f<\/p>\n<p>Bienvenue Baptiste !  <a href=\"https:\/\/t.co\/BkHrRIwigI\">pic.twitter.com\/BkHrRIwigI<\/a><\/p>\n<p>\u2014 Grenoble Foot 38 (@GF38_Officiel) <a href=\"https:\/\/twitter.com\/GF38_Officiel\/status\/1931728696387223906?ref_src=twsrc%5Etfw\" target=\"_blank\" rel=\"noopener\">June 8, 2025<\/a><\/p>\n<\/blockquote>\n<p style=\"text-align: justify;\">Photo \u00a9Eddy Lemaistre\/Icon Sport<\/p>\n<p>\t\t<script async src=\"https:\/\/platform.twitter.com\/widgets.js\" charset=\"utf-8\"><\/script><\/p>\n","protected":false},"excerpt":{"rendered":"Sa place est bien en Ligue 2 ! Rel\u00e9gu\u00e9 en N1 avec Concarneau il y a un an&hellip;\n","protected":false},"author":2,"featured_media":162755,"comment_status":"","ping_status":"","sticky":false,"template":"","format":"standard","meta":{"footnotes":""},"categories":[9566],"tags":[24683,7562,1111,11,2430,29543,3322,1777,674,1011,27,2731,12,25],"class_list":{"0":"post-162754","1":"post","2":"type-post","3":"status-publish","4":"format-standard","5":"has-post-thumbnail","7":"category-grenoble","8":"tag-alaune4","9":"tag-mettreenavant","10":"tag-actu","11":"tag-actualites","12":"tag-auvergne-rhone-alpes","13":"tag-baptiste-mouazan","14":"tag-concarneau","15":"tag-eu","16":"tag-europe","17":"tag-fr","18":"tag-france","19":"tag-grenoble","20":"tag-news","21":"tag-republique-francaise"},"share_on_mastodon":{"url":"https:\/\/pubeurope.com\/@fr\/114652321065449518","error":""},"_links":{"self":[{"href":"https:\/\/www.europesays.com\/fr\/wp-json\/wp\/v2\/posts\/162754","targetHints":{"allow":["GET"]}}],"collection":[{"href":"https:\/\/www.europesays.com\/fr\/wp-json\/wp\/v2\/posts"}],"about":[{"href":"https:\/\/www.europesays.com\/fr\/wp-json\/wp\/v2\/types\/post"}],"author":[{"embeddable":true,"href":"https:\/\/www.europesays.com\/fr\/wp-json\/wp\/v2\/users\/2"}],"replies":[{"embeddable":true,"href":"https:\/\/www.europesays.com\/fr\/wp-json\/wp\/v2\/comments?post=162754"}],"version-history":[{"count":0,"href":"https:\/\/www.europesays.com\/fr\/wp-json\/wp\/v2\/posts\/162754\/revisions"}],"wp:featuredmedia":[{"embeddable":true,"href":"https:\/\/www.europesays.com\/fr\/wp-json\/wp\/v2\/media\/162755"}],"wp:attachment":[{"href":"https:\/\/www.europesays.com\/fr\/wp-json\/wp\/v2\/media?parent=162754"}],"wp:term":[{"taxonomy":"category","embeddable":true,"href":"https:\/\/www.europesays.com\/fr\/wp-json\/wp\/v2\/categories?post=162754"},{"taxonomy":"post_tag","embeddable":true,"href":"https:\/\/www.europesays.com\/fr\/wp-json\/wp\/v2\/tags?post=162754"}],"curies":[{"name":"wp","href":"https:\/\/api.w.org\/{rel}","templated":true}]}}