{"id":162756,"date":"2025-06-09T07:53:10","date_gmt":"2025-06-09T07:53:10","guid":{"rendered":"https:\/\/www.europesays.com\/fr\/162756\/"},"modified":"2025-06-09T07:53:10","modified_gmt":"2025-06-09T07:53:10","slug":"dans-larctique-finlandais-les-eleveurs-de-rennes-cohabitent-difficilement-avec-larmee-2","status":"publish","type":"post","link":"https:\/\/www.europesays.com\/fr\/162756\/","title":{"rendered":"Dans l&rsquo;Arctique finlandais, les \u00e9leveurs de rennes cohabitent difficilement avec l&rsquo;arm\u00e9e"},"content":{"rendered":"\n<p><strong>Rovaniemi (Finlande) (AFP) \u2013 La pr\u00e9sence militaire croissante dans l\u2019Arctique devient un casse-t\u00eate pour certains \u00e9leveurs de rennes du nord de la Finlande, perturbant les animaux et fragilisant les revenus de leurs propri\u00e9taires.<\/strong><\/p>\n<p>Un avion de chasse traverse le ciel gris, son vrombissement rompant la tranquillit\u00e9 de la for\u00eat bor\u00e9ale pr\u00e8s de Kemijarvi, dans le nord de la Finlande, o\u00f9 la pr\u00e9sence de soldats est devenue aussi courante que celle de rennes en p\u00e2ture.<\/p>\n<p>\u00ab\u00a0L\u2019activit\u00e9 militaire a consid\u00e9rablement augment\u00e9 ici depuis que la Finlande a rejoint l\u2019Otan\u00a0\u00bb, souligne l\u2019\u00e9leveur de rennes Ky\u00f6sti Uutela en montrant \u00e0 l\u2019AFP Rovaj\u00e4rvi, le plus grand champ d\u2019entra\u00eenement d\u2019artillerie d\u2019Europe occidentale, situ\u00e9 \u00e0 une centaine de kilom\u00e8tres de la fronti\u00e8re russe.<\/p>\n<p>D\u2019une superficie de 1.070 km2, le champ de tir, cr\u00e9\u00e9 en 1949, est situ\u00e9 sur des terres qui font \u00e9galement partie de la zone d\u2019\u00e9levage de rennes que dirige M. Uutela.<\/p>\n<p>La Finlande, qui partage une fronti\u00e8re de 1.340 kilom\u00e8tres avec la Russie, a mis fin \u00e0 des d\u00e9cennies de non-alignement militaire en rejoignant l\u2019Otan en 2023. En 2024, le pays a \u00e9galement mis en oeuvre un accord de coop\u00e9ration de d\u00e9fense (DCA) avec les \u00c9tats-Unis.<\/p>\n<p>\u00ab\u00a0Les activit\u00e9s de formation et les exercices ont augment\u00e9 depuis le d\u00e9but de la guerre en Ukraine\u00a0\u00bb, en raison de la d\u00e9t\u00e9rioration de la situation s\u00e9curitaire, a confirm\u00e9 l\u2019arm\u00e9e finlandaise \u00e0 l\u2019AFP dans un courriel.<\/p>\n<p>\u00ab\u00a0Cela se refl\u00e8te naturellement \u00e0 Rovaj\u00e4rvi\u00a0\u00bb, ajoute-t-elle, relevant que le champ de tir offrait des possibilit\u00e9s d\u2019entra\u00eenement militaire uniques en raison de sa taille, de son terrain et de la vari\u00e9t\u00e9 des conditions climatiques. En 2024, le pays nordique a particip\u00e9 \u00e0 103 exercices militaires en Finlande et \u00e0 l\u2019\u00e9tranger, contre 89 en 2023.<\/p>\n<p>P\u00e2turages d\u00e9truits<\/p>\n<p>Depuis le sommet d\u2019une petite colline o\u00f9 la for\u00eat a \u00e9t\u00e9 coup\u00e9e \u00e0 blanc et des tranch\u00e9es creus\u00e9es pour permettre aux soldats de s\u2019entra\u00eener, M. Uutela rel\u00e8ve que la colline \u00ab\u00a0est perdue\u00a0\u00bb pour le p\u00e2turage. \u00ab\u00a0Les rennes ne pourront plus vivre ici\u00a0\u00bb.<\/p>\n<p>\u00ab\u00a0L\u2019utilisation de chars lourds et la pr\u00e9sence de milliers de soldats dans la for\u00eat d\u00e9truisent les p\u00e2turages de lichen\u00a0\u00bb, principale source d\u2019alimentation des rennes, alerte M. Uutela.<\/p>\n<p>La Finlande compte 4.305 propri\u00e9taires de rennes et 183.832 rennes vivant dans 57 districts d\u2019\u00e9levage couvrant 36% de la superficie totale du pays. La viande et les produits d\u00e9riv\u00e9s constituent leur principale source de revenus.<\/p>\n<p><img loading=\"lazy\" decoding=\"async\" class=\"wp-image-153052 size-full\" src=\"https:\/\/www.europesays.com\/fr\/wp-content\/uploads\/2025\/06\/f551d92e3865eb03593bca36d94780c62298cf4e.jpg\" alt=\"Des rennes \u00e0 Nuorgam, le 25 novembre 2021 en Finlande\u00a9 AFP Jonathan NACKSTRAND\" width=\"512\" height=\"341\"  \/>Des rennes \u00e0 Nuorgam, le 25 novembre 2021 en Finlande<br \/>\u00a9 AFP Jonathan NACKSTRAND<\/p>\n<p>Depuis des g\u00e9n\u00e9rations, l\u2019\u00e9levage de rennes fait partie int\u00e9grante de la culture autochtone sami, pratiqu\u00e9 comme moyen de subsistance traditionnel semi-nomade dans leur r\u00e9gion natale de Sapmi, qui chevauche les parties septentrionales de la Finlande, de la Su\u00e8de, de la Norv\u00e8ge et de la Russie.<\/p>\n<p>En Finlande, des non-samis pratiquent \u00e9galement l\u2019\u00e9levage de rennes, par exemple pr\u00e8s du champ de tir de Rovaj\u00e4rvi.<\/p>\n<p>Selon Riikka Poropudas, \u00e9leveuse de rennes de ce district, la pr\u00e9sence militaire accrue dans la r\u00e9gion oblige les \u00e9leveurs \u00e0 nourrir leurs rennes dans des zones cl\u00f4tur\u00e9es plus souvent qu\u2019auparavant.<\/p>\n<p>Elle craint qu\u2019un vaste exercice de tir r\u00e9el et de combat auquel participent environ 6.500 soldats finlandais, su\u00e9dois et britanniques en mai ne perturbe ses rennes, la saison de mise bas \u00e9tant la plus active \u00e0 la mi-mai.<\/p>\n<p>\u00ab\u00a0Les activit\u00e9s stressent les rennes femelles et les nouveau-n\u00e9s, et les \u00e9loignent de leurs p\u00e2turages naturels\u00a0\u00bb, dit-elle.<\/p>\n<p>Selon l\u2019arm\u00e9e, les besoins des \u00e9leveurs de rennes sont \u00ab\u00a0pris en compte dans la planification des exercices, par exemple en ce qui concerne les horaires et les lieux\u00a0\u00bb et les forces arm\u00e9es disent \u00eatre en contact quotidien avec eux.<\/p>\n<p>Planifier les exercices<\/p>\n<p>Le r\u00e9chauffement climatique et les modifications de l\u2019utilisation des terres \u2013 dont la militarisation \u2013 posent des d\u00e9fis \u00e0 la culture indig\u00e8ne et \u00e0 l\u2019\u00e9levage de rennes en tant que moyen de subsistance pour environ 1.200 Sami, insiste Tuomas Aslak Juuso, pr\u00e9sident en exercice du Parlement sami en Finlande.<\/p>\n<p>\u00ab\u00a0Notre mode d\u2019\u00e9levage des rennes d\u00e9pend enti\u00e8rement de la possibilit\u00e9 pour les rennes de pa\u00eetre librement sur les p\u00e2turages naturels\u00a0\u00bb, a-t-il d\u00e9clar\u00e9.<\/p>\n<p>Un exercice militaire international de grande envergure men\u00e9 dans la r\u00e9gion finlandaise de Sapmi en 2023 a \u00e9t\u00e9 \u00ab\u00a0une exp\u00e9rience n\u00e9gative\u00a0\u00bb, raconte-t-il.<\/p>\n<p>\u00ab\u00a0Les \u00e9leveurs de rennes locaux n\u2019avaient pas \u00e9t\u00e9 inform\u00e9s \u00e0 l\u2019avance, les conditions de p\u00e2turage ont \u00e9t\u00e9 d\u00e9grad\u00e9es et les tracteurs ont endommag\u00e9 la couverture de lichen qui risque de ne jamais repousser\u00a0\u00bb, ajoute-t-il.<\/p>\n<p>Les populations indig\u00e8nes ont droit \u00e0 un \u00ab\u00a0consentement pr\u00e9alable et \u00e9clair\u00e9\u00a0\u00bb pour toute activit\u00e9 ayant un impact sur leurs territoires ou leurs droits humains, y compris les exercices militaires, rappelle le repr\u00e9sentant sami.<\/p>\n<p>\u00a9 AFP<\/p>\n<p><strong>\u00c0 lire aussi sur GoodPlanet Mag\u2019<\/strong><\/p>\n<p><a href=\"https:\/\/www.goodplanet.info\/2024\/04\/25\/la-foret-amazonienne-arme-de-pression-de-la-guerilla-en-colombie\/\" target=\"_blank\" rel=\"noopener nofollow\">La for\u00eat amazonienne, arme de pression de la gu\u00e9rilla en Colombie<\/a><\/p>\n<p>\u00a0<\/p>\n","protected":false},"excerpt":{"rendered":"Rovaniemi (Finlande) (AFP) \u2013 La pr\u00e9sence militaire croissante dans l\u2019Arctique devient un casse-t\u00eate pour certains \u00e9leveurs de rennes&hellip;\n","protected":false},"author":2,"featured_media":162757,"comment_status":"","ping_status":"","sticky":false,"template":"","format":"standard","meta":{"footnotes":""},"categories":[2821],"tags":[1111,11,20931,1130,829,19398,1777,674,1011,27,12,584,25],"class_list":{"0":"post-162756","1":"post","2":"type-post","3":"status-publish","4":"format-standard","5":"has-post-thumbnail","7":"category-rennes","8":"tag-actu","9":"tag-actualites","10":"tag-arctique","11":"tag-biodiversite","12":"tag-bretagne","13":"tag-elevage","14":"tag-eu","15":"tag-europe","16":"tag-fr","17":"tag-france","18":"tag-news","19":"tag-rennes","20":"tag-republique-francaise"},"share_on_mastodon":{"url":"https:\/\/pubeurope.com\/@fr\/114652328985340509","error":""},"_links":{"self":[{"href":"https:\/\/www.europesays.com\/fr\/wp-json\/wp\/v2\/posts\/162756","targetHints":{"allow":["GET"]}}],"collection":[{"href":"https:\/\/www.europesays.com\/fr\/wp-json\/wp\/v2\/posts"}],"about":[{"href":"https:\/\/www.europesays.com\/fr\/wp-json\/wp\/v2\/types\/post"}],"author":[{"embeddable":true,"href":"https:\/\/www.europesays.com\/fr\/wp-json\/wp\/v2\/users\/2"}],"replies":[{"embeddable":true,"href":"https:\/\/www.europesays.com\/fr\/wp-json\/wp\/v2\/comments?post=162756"}],"version-history":[{"count":0,"href":"https:\/\/www.europesays.com\/fr\/wp-json\/wp\/v2\/posts\/162756\/revisions"}],"wp:featuredmedia":[{"embeddable":true,"href":"https:\/\/www.europesays.com\/fr\/wp-json\/wp\/v2\/media\/162757"}],"wp:attachment":[{"href":"https:\/\/www.europesays.com\/fr\/wp-json\/wp\/v2\/media?parent=162756"}],"wp:term":[{"taxonomy":"category","embeddable":true,"href":"https:\/\/www.europesays.com\/fr\/wp-json\/wp\/v2\/categories?post=162756"},{"taxonomy":"post_tag","embeddable":true,"href":"https:\/\/www.europesays.com\/fr\/wp-json\/wp\/v2\/tags?post=162756"}],"curies":[{"name":"wp","href":"https:\/\/api.w.org\/{rel}","templated":true}]}}