{"id":162758,"date":"2025-06-09T07:54:15","date_gmt":"2025-06-09T07:54:15","guid":{"rendered":"https:\/\/www.europesays.com\/fr\/162758\/"},"modified":"2025-06-09T07:54:15","modified_gmt":"2025-06-09T07:54:15","slug":"strasbourg-la-folk-poetique-de-meimuna-a-lespace-django-2","status":"publish","type":"post","link":"https:\/\/www.europesays.com\/fr\/162758\/","title":{"rendered":"Strasbourg. La folk po\u00e9tique de Meimuna \u00e0 l\u2019Espace Django"},"content":{"rendered":"<p>Fond\u00e9 en 2016 par la chanteuse et guitariste Cyrielle Formaz, Meimuna s\u2019impose comme un projet prometteur de la sc\u00e8ne suisse et europ\u00e9enne. Elle se joue des fronti\u00e8res musicales et linguistiques en m\u00ealant le folk anglo-saxon et la po\u00e9sie francophone.<\/p>\n<p>Cette m\u00e9lodieuse prestation programm\u00e9e \u00e0 l\u2019Espace Django cadrera parfaitement avec la premi\u00e8re partie assur\u00e9e par Melissa Weikart et sa pop intimiste. L\u2019artiste franco-am\u00e9ricaine, savant m\u00e9lange entre Kate Bush et Lana Del Rey, invite \u00e0 plonger dans une ambiance cin\u00e9matographique et th\u00e9\u00e2trale.<\/p>\n<p class=\"note\"><a href=\"https:\/\/www.espacedjango.eu\/\" target=\"_blank\" rel=\"nofollow noopener\">Espace Django<\/a> , 4 impasse Kiefer \u00e0 Strasbourg, mardi 10\u00a0juin, \u00e0 20\u00a0h\u00a030. Tarifs\u00a0: \u00e0 partir de 15\u00a0\u20ac.<\/p>\n","protected":false},"excerpt":{"rendered":"Fond\u00e9 en 2016 par la chanteuse et guitariste Cyrielle Formaz, Meimuna s\u2019impose comme un projet prometteur de la&hellip;\n","protected":false},"author":2,"featured_media":162641,"comment_status":"","ping_status":"","sticky":false,"template":"","format":"standard","meta":{"footnotes":""},"categories":[2820],"tags":[1111,11,2389,1687,1777,674,107,1011,27,775,873,12,25,640],"class_list":{"0":"post-162758","1":"post","2":"type-post","3":"status-publish","4":"format-standard","5":"has-post-thumbnail","7":"category-strasbourg","8":"tag-actu","9":"tag-actualites","10":"tag-alsace","11":"tag-culture-loisirs","12":"tag-eu","13":"tag-europe","14":"tag-fil-info","15":"tag-fr","16":"tag-france","17":"tag-grand-est","18":"tag-musique","19":"tag-news","20":"tag-republique-francaise","21":"tag-strasbourg"},"share_on_mastodon":{"url":"https:\/\/pubeurope.com\/@fr\/114652332874423019","error":""},"_links":{"self":[{"href":"https:\/\/www.europesays.com\/fr\/wp-json\/wp\/v2\/posts\/162758","targetHints":{"allow":["GET"]}}],"collection":[{"href":"https:\/\/www.europesays.com\/fr\/wp-json\/wp\/v2\/posts"}],"about":[{"href":"https:\/\/www.europesays.com\/fr\/wp-json\/wp\/v2\/types\/post"}],"author":[{"embeddable":true,"href":"https:\/\/www.europesays.com\/fr\/wp-json\/wp\/v2\/users\/2"}],"replies":[{"embeddable":true,"href":"https:\/\/www.europesays.com\/fr\/wp-json\/wp\/v2\/comments?post=162758"}],"version-history":[{"count":0,"href":"https:\/\/www.europesays.com\/fr\/wp-json\/wp\/v2\/posts\/162758\/revisions"}],"wp:featuredmedia":[{"embeddable":true,"href":"https:\/\/www.europesays.com\/fr\/wp-json\/wp\/v2\/media\/162641"}],"wp:attachment":[{"href":"https:\/\/www.europesays.com\/fr\/wp-json\/wp\/v2\/media?parent=162758"}],"wp:term":[{"taxonomy":"category","embeddable":true,"href":"https:\/\/www.europesays.com\/fr\/wp-json\/wp\/v2\/categories?post=162758"},{"taxonomy":"post_tag","embeddable":true,"href":"https:\/\/www.europesays.com\/fr\/wp-json\/wp\/v2\/tags?post=162758"}],"curies":[{"name":"wp","href":"https:\/\/api.w.org\/{rel}","templated":true}]}}