{"id":162763,"date":"2025-06-09T07:57:10","date_gmt":"2025-06-09T07:57:10","guid":{"rendered":"https:\/\/www.europesays.com\/fr\/162763\/"},"modified":"2025-06-09T07:57:10","modified_gmt":"2025-06-09T07:57:10","slug":"locean-souffre-de-notre-irrespect-juge-lexplorateur-jean-louis-etienne","status":"publish","type":"post","link":"https:\/\/www.europesays.com\/fr\/162763\/","title":{"rendered":"l&rsquo;oc\u00e9an \u00ab\u00a0souffre de notre irrespect\u00a0\u00bb, juge l&rsquo;explorateur Jean-Louis \u00c9tienne"},"content":{"rendered":"<p class=\"article-p mdl\">Alors que le sommet international sur les oc\u00e9ans s&rsquo;ouvre ce lundi 9 juin \u00e0 Nice (Alpes-Maritimes),\u00a0Jean-Louis \u00c9tienne, m\u00e9decin et explorateur, alerte sur leur \u00e9tat. \u00ab\u00a0L&rsquo;oc\u00e9an, c&rsquo;est 70% de la surface de la Terre, c&rsquo;est un <strong>acteur majeur du climat<\/strong>\u00ab\u00a0, a-t-il d&rsquo;abord rappel\u00e9 au micro de RTL.<\/p>\n<p class=\"article-p mdl\">\u00ab\u00a0Malheureusement, on a toujours consid\u00e9r\u00e9 que l&rsquo;oc\u00e9an \u00e9tait une immensit\u00e9 o\u00f9 l&rsquo;on pouvait tout larguer, tout envoyer, et aujourd&rsquo;hui <strong>il souffre de notre irrespect<\/strong>\u00ab\u00a0, a-t-il affirm\u00e9. Selon lui, il y a aujourd&rsquo;hui <strong>deux gros probl\u00e8mes<\/strong> concernant\u00a0<a class=\"link\" href=\"https:\/\/www.rtl.fr\/actu\/debats-societe\/les-infos-de-6h-sommet-sur-l-ocean-a-nice-quelles-sont-les-mesures-qui-seront-annoncees-7900513506\" target=\"_blank\" rel=\"noopener\">les oc\u00e9ans<\/a>\u00a0: <strong>le climat et la surp\u00eache<\/strong>.\u00a0<\/p>\n<p class=\"article-p mdl\">Aujourd&rsquo;hui, \u00ab\u00a0le niveau de la mer monte de <strong>3,5mm par an<\/strong>\u00ab\u00a0, a expliqu\u00e9 l&rsquo;explorateur, et cela ne devrait pas s&rsquo;interrompre \u00ab\u00a0<strong>tant que le\u00a0<\/strong><a class=\"link\" href=\"https:\/\/www.rtl.fr\/actu\/meteo\/climat-pourquoi-le-niveau-des-oceans-a-grimpe-de-10-centimetres-en-trente-ans-7900485425\" target=\"_blank\" rel=\"noopener\"><strong>climat<\/strong><\/a><strong>\u00a0va continuer \u00e0 se r\u00e9chauffer<\/strong> comme \u00e7a d\u00e9mesur\u00e9ment\u00a0\u00bb. Cela <strong>menace les esp\u00e8ces marines<\/strong>. En ce qui concerne la surp\u00eache, elle \u00ab\u00a0n&rsquo;est plus r\u00e9gul\u00e9e au-del\u00e0 de 200 milles nautiques\u00a0\u00bb, a-t-il fait remarquer, d\u00e9plorant que l&rsquo;oc\u00e9an soit \u00ab\u00a0<strong>libre de droit<\/strong>\u00ab\u00a0.<\/p>\n<p>            \u00ab\u00a0Sauver les oc\u00e9ans\u00a0\u00bb sans les \u00c9tats-Unis<\/p>\n<p class=\"article-p mdl\">L&rsquo;exploitation des grands fonds marins est une autre probl\u00e9matique selon Jean-Louis \u00c9tienne. La France s&rsquo;y oppose, alors que Donald Trump a r\u00e9cemment autoris\u00e9 <strong>l&rsquo;exploration mini\u00e8re de ces grands fonds<\/strong>. Les\u00a0<a class=\"link\" href=\"https:\/\/www.rtl.fr\/actu\/international\/etats-unis-face-aux-attaques-de-donald-trump-les-scientifiques-ripostent-7900498334\" target=\"_blank\" rel=\"noopener\">\u00c9tats-Unis<\/a>, bien que le pays soit le premier espace maritime mondial, sont <strong>le grand absent<\/strong> de ce sommet sur les oc\u00e9ans. \u00ab\u00a0On peut sauver les oc\u00e9ans sans eux\u00a0\u00bb, a-t-il martel\u00e9.<\/p>\n<p class=\"article-p mdl\">Lors de ce sommet de l&rsquo;ONU, les discussions vont \u00e9galement tourner autour des aires marines prot\u00e9g\u00e9es, qui \u00ab\u00a0sont des zones <strong>absolument essentielles<\/strong> pour pr\u00e9server les esp\u00e8ces\u00a0\u00bb, a affirm\u00e9 Jean-Louis \u00c9tienne. Aujourd&rsquo;hui, la Russie, la Chine et les \u00c9tats-Unis <strong>s&rsquo;opposent \u00e0 ces zones<\/strong>.<\/p>\n<p>    La r\u00e9daction vous recommande<\/p>\n<p class=\"s-newsletter__title\">\n                L\u2019actualit\u00e9 par la r\u00e9daction de RTL dans votre bo\u00eete mail.\n            <\/p>\n<p class=\"s-newsletter__subtitle\">\n                Gr\u00e2ce \u00e0 votre compte RTL abonnez-vous \u00e0 la newsletter RTL info pour suivre toute l&rsquo;actualit\u00e9 au quotidien\n            <\/p>\n<p>\n                                    Lire la suite\n                                <\/p>\n","protected":false},"excerpt":{"rendered":"Alors que le sommet international sur les oc\u00e9ans s&rsquo;ouvre ce lundi 9 juin \u00e0 Nice (Alpes-Maritimes),\u00a0Jean-Louis \u00c9tienne, m\u00e9decin&hellip;\n","protected":false},"author":2,"featured_media":162527,"comment_status":"","ping_status":"","sticky":false,"template":"","format":"standard","meta":{"footnotes":""},"categories":[2819],"tags":[1111,11,436,73,1777,674,107,1011,27,12,2401,12687,882,362,360,25],"class_list":{"0":"post-162763","1":"post","2":"type-post","3":"status-publish","4":"format-standard","5":"has-post-thumbnail","7":"category-nice","8":"tag-actu","9":"tag-actualites","10":"tag-environnement","11":"tag-etats-unis","12":"tag-eu","13":"tag-europe","14":"tag-fil-info","15":"tag-fr","16":"tag-france","17":"tag-news","18":"tag-nice","19":"tag-oceans","20":"tag-provence-alpes-cote-dazur","21":"tag-replay","22":"tag-replay-integral","23":"tag-republique-francaise"},"share_on_mastodon":{"url":"https:\/\/pubeurope.com\/@fr\/114652344695269441","error":""},"_links":{"self":[{"href":"https:\/\/www.europesays.com\/fr\/wp-json\/wp\/v2\/posts\/162763","targetHints":{"allow":["GET"]}}],"collection":[{"href":"https:\/\/www.europesays.com\/fr\/wp-json\/wp\/v2\/posts"}],"about":[{"href":"https:\/\/www.europesays.com\/fr\/wp-json\/wp\/v2\/types\/post"}],"author":[{"embeddable":true,"href":"https:\/\/www.europesays.com\/fr\/wp-json\/wp\/v2\/users\/2"}],"replies":[{"embeddable":true,"href":"https:\/\/www.europesays.com\/fr\/wp-json\/wp\/v2\/comments?post=162763"}],"version-history":[{"count":0,"href":"https:\/\/www.europesays.com\/fr\/wp-json\/wp\/v2\/posts\/162763\/revisions"}],"wp:featuredmedia":[{"embeddable":true,"href":"https:\/\/www.europesays.com\/fr\/wp-json\/wp\/v2\/media\/162527"}],"wp:attachment":[{"href":"https:\/\/www.europesays.com\/fr\/wp-json\/wp\/v2\/media?parent=162763"}],"wp:term":[{"taxonomy":"category","embeddable":true,"href":"https:\/\/www.europesays.com\/fr\/wp-json\/wp\/v2\/categories?post=162763"},{"taxonomy":"post_tag","embeddable":true,"href":"https:\/\/www.europesays.com\/fr\/wp-json\/wp\/v2\/tags?post=162763"}],"curies":[{"name":"wp","href":"https:\/\/api.w.org\/{rel}","templated":true}]}}