{"id":162764,"date":"2025-06-09T07:58:18","date_gmt":"2025-06-09T07:58:18","guid":{"rendered":"https:\/\/www.europesays.com\/fr\/162764\/"},"modified":"2025-06-09T07:58:18","modified_gmt":"2025-06-09T07:58:18","slug":"des-agents-dun-ministere-font-une-randonnee-a-velo-et-du-teambuilding-du-quai-dorsay-a","status":"publish","type":"post","link":"https:\/\/www.europesays.com\/fr\/162764\/","title":{"rendered":"Des agents d\u2019un minist\u00e8re font une randonn\u00e9e \u00e0 v\u00e9lo et du teambuilding du Quai d\u2019Orsay \u00e0"},"content":{"rendered":"<p>Diplomacycles est une association du minist\u00e8re de l\u2019Europe et des Affaires \u00e9trang\u00e8res cr\u00e9\u00e9e en 2016 dont le but est d\u2019encourager l\u2019\u00e9comobilit\u00e9 et d\u2019apporter un appui aux agents du minist\u00e8re qui souhaitent se rendre \u00e0 v\u00e9lo sur leur lieu de travail. Entretien avec Laurent Bouchy, charg\u00e9 de communication de l\u2019association.<\/p>\n<p>Comment est n\u00e9e l\u2019association Diplomacycles\u00a0?<\/p>\n<p><strong>Laurent Bouchy\u00a0:<\/strong> \u00ab\u00a0\u00c0 l\u2019origine, c\u2019est une initiative d\u2019agents du minist\u00e8re des Affaires \u00c9trang\u00e8res qui venaient \u00e0 v\u00e9lo au travail. Constatant le manque de structure pour les accueillir en arrivant sur les sites du Quai d\u2019Orsay et de Javel, ils ont souhait\u00e9 sensibiliser leur direction. Et puis, depuis 8\u00a0ans, des actions sont n\u00e9es au fur et \u00e0 mesure du d\u00e9veloppement de la pratique.\u00a0\u00bb<\/p>\n<p>D\u2019o\u00f9 est venue cette id\u00e9e de randonn\u00e9e v\u00e9lo reliant Paris \u00e0 Nantes\u00a0?<\/p>\n<p>\u00ab\u00a0Nous avons souhait\u00e9 nous associer aux c\u00e9l\u00e9brations qui se sont d\u00e9j\u00e0 tenues en mars dernier. En effet, nous f\u00eatons cette ann\u00e9e les 60\u00a0ans de la d\u00e9localisation d\u2019une partie des activit\u00e9s du minist\u00e8re des Affaires \u00c9trang\u00e8res \u00e0 Nantes, sur le site du Breil.\u00a0Nous avons d\u00e9j\u00e0 organis\u00e9 plusieurs randonn\u00e9es v\u00e9lo sur Paris pour rallier les diff\u00e9rentes ambassades avant de finir par un moment festif. C\u2019est cette m\u00eame id\u00e9e qui nous a amen\u00e9s \u00e0 proposer cette initiative.\u00a0\u00bb<\/p>\n<p>Quel est le chemin parcouru\u00a0?<\/p>\n<p>\u00ab\u00a0Du 6 au 10\u00a0juin, nous longeons la Loire en cinq \u00e9tapes d\u2019une centaine de kilom\u00e8tres par jour. Nous pr\u00e9voyons une arriv\u00e9e \u00e0 Nantes sur le site de la rue de la Maison Blanche mardi 10\u00a0juin vers 13\u00a0h. Nous y serons accueillis par les agents et la secr\u00e9taire g\u00e9n\u00e9rale, Anne-Marie Desc\u00f4tes.\u00a0Nous sommes une trentaine de participants dont un tiers de Nantais. Les personnes qui randonnent ne sont pas toutes des sportifs aguerris et certains participants sont \u00e9quip\u00e9s de v\u00e9los \u00e0 assistance \u00e9lectrique. La proposition est surtout ludique pour r\u00e9unir des agents de toutes fonctions autour de la pratique du v\u00e9lo.\u00a0\u00bb<\/p>\n<p>Quelle est la suite de cette action\u00a0?<\/p>\n<p>\u00ab\u00a0Pour nous, c\u2019est aussi une mani\u00e8re de passer le relais \u00e0 la section nantaise de notre association. Elle est encore jeune mais a d\u00e9j\u00e0 organis\u00e9 depuis cet \u00e9t\u00e9 des op\u00e9rations de sensibilisation \u00e0 la circulation \u00e0 v\u00e9lo en ville, des ateliers de marquage bicycode des v\u00e9los ou des d\u2019ateliers de r\u00e9paration. D\u2019autres actions sont pr\u00e9vues et nous comptons sur les \u00e9quipes nantaises pour continuer \u00e0 porter haute l\u2019envie d\u2019aller travailler au minist\u00e8re \u00e0 v\u00e9lo\u00a0\u00bb.<\/p>\n<p>\u00a0<\/p>\n","protected":false},"excerpt":{"rendered":"Diplomacycles est une association du minist\u00e8re de l\u2019Europe et des Affaires \u00e9trang\u00e8res cr\u00e9\u00e9e en 2016 dont le but&hellip;\n","protected":false},"author":2,"featured_media":162765,"comment_status":"","ping_status":"","sticky":false,"template":"","format":"standard","meta":{"footnotes":""},"categories":[2818],"tags":[1111,11,6891,1777,674,7234,1011,27,17953,766,12,6867,2636,29042,7553,25,29544,208],"class_list":{"0":"post-162764","1":"post","2":"type-post","3":"status-publish","4":"format-standard","5":"has-post-thumbnail","7":"category-nantes","8":"tag-actu","9":"tag-actualites","10":"tag-agents","11":"tag-eu","12":"tag-europe","13":"tag-font","14":"tag-fr","15":"tag-france","16":"tag-ministere","17":"tag-nantes","18":"tag-news","19":"tag-orsay","20":"tag-pays-de-la-loire","21":"tag-quai","22":"tag-randonnee","23":"tag-republique-francaise","24":"tag-teambuilding","25":"tag-velo"},"share_on_mastodon":{"url":"https:\/\/pubeurope.com\/@fr\/114652348652912880","error":""},"_links":{"self":[{"href":"https:\/\/www.europesays.com\/fr\/wp-json\/wp\/v2\/posts\/162764","targetHints":{"allow":["GET"]}}],"collection":[{"href":"https:\/\/www.europesays.com\/fr\/wp-json\/wp\/v2\/posts"}],"about":[{"href":"https:\/\/www.europesays.com\/fr\/wp-json\/wp\/v2\/types\/post"}],"author":[{"embeddable":true,"href":"https:\/\/www.europesays.com\/fr\/wp-json\/wp\/v2\/users\/2"}],"replies":[{"embeddable":true,"href":"https:\/\/www.europesays.com\/fr\/wp-json\/wp\/v2\/comments?post=162764"}],"version-history":[{"count":0,"href":"https:\/\/www.europesays.com\/fr\/wp-json\/wp\/v2\/posts\/162764\/revisions"}],"wp:featuredmedia":[{"embeddable":true,"href":"https:\/\/www.europesays.com\/fr\/wp-json\/wp\/v2\/media\/162765"}],"wp:attachment":[{"href":"https:\/\/www.europesays.com\/fr\/wp-json\/wp\/v2\/media?parent=162764"}],"wp:term":[{"taxonomy":"category","embeddable":true,"href":"https:\/\/www.europesays.com\/fr\/wp-json\/wp\/v2\/categories?post=162764"},{"taxonomy":"post_tag","embeddable":true,"href":"https:\/\/www.europesays.com\/fr\/wp-json\/wp\/v2\/tags?post=162764"}],"curies":[{"name":"wp","href":"https:\/\/api.w.org\/{rel}","templated":true}]}}