{"id":162776,"date":"2025-06-09T08:06:16","date_gmt":"2025-06-09T08:06:16","guid":{"rendered":"https:\/\/www.europesays.com\/fr\/162776\/"},"modified":"2025-06-09T08:06:16","modified_gmt":"2025-06-09T08:06:16","slug":"decouvrez-linnovation-de-ce-marseillais-pour-mieux-proteger-les-mers","status":"publish","type":"post","link":"https:\/\/www.europesays.com\/fr\/162776\/","title":{"rendered":"d\u00e9couvrez l\u2019innovation de ce Marseillais pour mieux prot\u00e9ger les mers"},"content":{"rendered":"<p>De tout l\u00e0-haut, vu d\u2019un bouquet de satellites relay\u00e9 par l\u2019intelligence artificielle, on peut observer les courants marins, l\u2019acidification et la temp\u00e9rature des mers et oc\u00e9ans, observer les pollutions <a href=\"https:\/\/www.laprovence.com\/article\/ecoplanete\/770413022348314\/protection-des-oceans-mais-comment-on-fait-avec-tous-ces-dechets-plastiques\" target=\"_blank\" rel=\"nofollow noopener\">plastiques<\/a> ou les sargasses qui se d\u00e9placent, suivre \u00e0 la trace l\u2019itin\u00e9raire des baleines ou des tortues pour rep\u00e9rer leurs lieux de ponte et les prot\u00e9ger\u2026 Et m\u00eame projeter les sc\u00e9narios des scientifiques du Groupe d\u2019expert sur le climat (Giec) pour pr\u00e9voir l\u2019incidence du r\u00e9chauffement sur les pollutions de thon, pour ensuite organiser des quotas de p\u00eache. On est encore dans le monde du silence si bien d\u00e9crit par Jacques-Yves Cousteau il y a cinquante ans. Mais un monde d\u00e9sormais num\u00e9ris\u00e9, connect\u00e9, o\u00f9 plus rien n\u2019est laiss\u00e9 au hasard.<\/p>\n<p>Une pr\u00e9cision de 500 m\u00e8tres<\/p>\n<p>Un monde r\u00e9invent\u00e9 par un Marseillais. Alain Arnaud, directeur du programme digital de l\u2019ONG Mercator Ocean a, avec d\u2019autres scientifiques, cr\u00e9\u00e9 un jumeau num\u00e9rique de l\u2019oc\u00e9an. Sur le pavillon Europe du palais des expositions de <a href=\"https:\/\/www.laprovence.com\/article\/ecoplanete\/7641591401110614\/mer-et-ocean-peche-illegale-plastiques-erosion-cest-parti-pour-la-conference-des-nations-unies-a-nice\" target=\"_blank\" rel=\"nofollow noopener\">Nice<\/a>\u00a0lors de ce sommet mondial pour les oc\u00e9ans, surnomm\u00e9 \u00ab\u00a0La Baleine\u00a0\u00bb et o\u00f9 le grand public peut suivre des conf\u00e9rences et rencontrer les scientifiques, plusieurs grands \u00e9crans pilot\u00e9s depuis une table reproduisent les fourmillements sur l\u2019eau. Mille couleurs pour rep\u00e9rer les courants, les bateaux, les polluants ou la <a href=\"https:\/\/www.laprovence.com\/article\/ecoplanete\/2178787061922314\/sommet-scientifique-a-nice-biodiversite-a-marseille-linterview-de-thierry-perez-specialiste-en-ecologie-marine-a-limbe\" target=\"_blank\" rel=\"nofollow noopener\">biodiversit\u00e9<\/a>.<\/p>\n","protected":false},"excerpt":{"rendered":"De tout l\u00e0-haut, vu d\u2019un bouquet de satellites relay\u00e9 par l\u2019intelligence artificielle, on peut observer les courants marins,&hellip;\n","protected":false},"author":2,"featured_media":162777,"comment_status":"","ping_status":"","sticky":false,"template":"","format":"standard","meta":{"footnotes":""},"categories":[2814],"tags":[17,1111,11,6211,3474,436,1777,674,1011,27,29204,12221,761,884,15412,12,882,25,3356],"class_list":{"0":"post-162776","1":"post","2":"type-post","3":"status-publish","4":"format-standard","5":"has-post-thumbnail","7":"category-marseille","8":"tag-17","9":"tag-actu","10":"tag-actualites","11":"tag-conference","12":"tag-decouvrez","13":"tag-environnement","14":"tag-eu","15":"tag-europe","16":"tag-fr","17":"tag-france","18":"tag-locean","19":"tag-linnovation","20":"tag-marseillais","21":"tag-marseille","22":"tag-mondiale","23":"tag-news","24":"tag-provence-alpes-cote-dazur","25":"tag-republique-francaise","26":"tag-sur"},"share_on_mastodon":{"url":"https:\/\/pubeurope.com\/@fr\/114652380067163294","error":""},"_links":{"self":[{"href":"https:\/\/www.europesays.com\/fr\/wp-json\/wp\/v2\/posts\/162776","targetHints":{"allow":["GET"]}}],"collection":[{"href":"https:\/\/www.europesays.com\/fr\/wp-json\/wp\/v2\/posts"}],"about":[{"href":"https:\/\/www.europesays.com\/fr\/wp-json\/wp\/v2\/types\/post"}],"author":[{"embeddable":true,"href":"https:\/\/www.europesays.com\/fr\/wp-json\/wp\/v2\/users\/2"}],"replies":[{"embeddable":true,"href":"https:\/\/www.europesays.com\/fr\/wp-json\/wp\/v2\/comments?post=162776"}],"version-history":[{"count":0,"href":"https:\/\/www.europesays.com\/fr\/wp-json\/wp\/v2\/posts\/162776\/revisions"}],"wp:featuredmedia":[{"embeddable":true,"href":"https:\/\/www.europesays.com\/fr\/wp-json\/wp\/v2\/media\/162777"}],"wp:attachment":[{"href":"https:\/\/www.europesays.com\/fr\/wp-json\/wp\/v2\/media?parent=162776"}],"wp:term":[{"taxonomy":"category","embeddable":true,"href":"https:\/\/www.europesays.com\/fr\/wp-json\/wp\/v2\/categories?post=162776"},{"taxonomy":"post_tag","embeddable":true,"href":"https:\/\/www.europesays.com\/fr\/wp-json\/wp\/v2\/tags?post=162776"}],"curies":[{"name":"wp","href":"https:\/\/api.w.org\/{rel}","templated":true}]}}