{"id":162780,"date":"2025-06-09T08:08:09","date_gmt":"2025-06-09T08:08:09","guid":{"rendered":"https:\/\/www.europesays.com\/fr\/162780\/"},"modified":"2025-06-09T08:08:09","modified_gmt":"2025-06-09T08:08:09","slug":"les-meilleures-idees-cadeaux-a-lyon","status":"publish","type":"post","link":"https:\/\/www.europesays.com\/fr\/162780\/","title":{"rendered":"Les meilleures id\u00e9es cadeaux \u00e0 Lyon !"},"content":{"rendered":"<p itemprop=\"description\"><strong>Voici notre s\u00e9lection des meilleurs cadeaux \u00e0 offrir \u00e0 Lyon pour le dimanche 15 juin.<\/strong><\/p>\n<p data-start=\"210\" data-end=\"675\">La <strong data-start=\"213\" data-end=\"231\">F\u00eate des p\u00e8res<\/strong> approche \u00e0 grands pas, et comme chaque ann\u00e9e, c\u2019est le moment id\u00e9al pour montrer \u00e0 votre papa \u00e0 quel point il compte pour vous. Si vous \u00eates \u00e0 la recherche d&rsquo;<strong data-start=\"390\" data-end=\"414\">id\u00e9es cadeaux \u00e0 Lyon<\/strong>, pas de panique ! La ville regorge de bonnes adresses pour faire plaisir \u00e0 tous les types de papas : gourmets, sportifs, amateurs de culture ou passionn\u00e9s de technologie. Voici notre s\u00e9lection des <strong data-start=\"612\" data-end=\"649\">meilleurs cadeaux \u00e0 offrir \u00e0 Lyon<\/strong> pour le dimanche 15 juin.<\/p>\n<p>1. Un repas d\u2019exception dans un restaurant lyonnais<\/p>\n<p data-start=\"733\" data-end=\"1028\">Rien de tel qu\u2019un bon repas pour faire plaisir ! Offrez \u00e0 votre p\u00e8re un <strong data-start=\"805\" data-end=\"831\">d\u00e9jeuner gastronomique<\/strong> ou un <strong data-start=\"838\" data-end=\"872\">d\u00eener dans un bouchon lyonnais<\/strong> traditionnel. Des adresses comme <strong data-start=\"906\" data-end=\"926\">Daniel et Denise<\/strong>, <strong data-start=\"928\" data-end=\"953\">Le Caf\u00e9 Comptoir Abel<\/strong> ou <strong data-start=\"957\" data-end=\"967\">Bocuse<\/strong> \u00e0 Collonges promettent une exp\u00e9rience culinaire inoubliable.<\/p>\n<blockquote class=\"instagram-media\" style=\"background: #FFF; border: 0; border-radius: 3px; box-shadow: 0 0 1px 0 rgba(0,0,0,0.5),0 1px 10px 0 rgba(0,0,0,0.15); margin: 1px; max-width: 540px; min-width: 326px; padding: 0; width: calc(100% - 2px);\" data-instgrm-captioned=\"\" data-instgrm-permalink=\"https:\/\/www.instagram.com\/reel\/DJ6sKI6oS7M\/?utm_source=ig_embed&amp;utm_campaign=loading\" data-instgrm-version=\"14\"><p>&#13;<br \/>\n&#13;\n<\/p><\/blockquote>\n<p>2. Une d\u00e9gustation de vins ou de bi\u00e8res locales<\/p>\n<p data-start=\"1082\" data-end=\"1387\">Pour les papas \u00e9picuriens, pensez \u00e0 une <strong data-start=\"1122\" data-end=\"1145\">d\u00e9gustation de vins<\/strong> du Beaujolais ou des C\u00f4tes-du-Rh\u00f4ne dans une <strong data-start=\"1191\" data-end=\"1209\">cave lyonnaise<\/strong> comme <strong data-start=\"1216\" data-end=\"1230\">Antic Wine<\/strong> ou <strong data-start=\"1234\" data-end=\"1257\">Le Troquet des Sens<\/strong>. Vous pouvez aussi opter pour un <strong data-start=\"1291\" data-end=\"1323\">atelier de brassage de bi\u00e8re<\/strong> \u00e0 La Beer Fabrique pour une exp\u00e9rience originale et conviviale.<\/p>\n<blockquote class=\"instagram-media\" style=\"background: #FFF; border: 0; border-radius: 3px; box-shadow: 0 0 1px 0 rgba(0,0,0,0.5),0 1px 10px 0 rgba(0,0,0,0.15); margin: 1px; max-width: 540px; min-width: 326px; padding: 0; width: calc(100% - 2px);\" data-instgrm-captioned=\"\" data-instgrm-permalink=\"https:\/\/www.instagram.com\/reel\/C94RQa7NW8x\/?utm_source=ig_embed&amp;utm_campaign=loading\" data-instgrm-version=\"14\"><p>&#13;<br \/>\n&#13;\n<\/p><\/blockquote>\n<p>3. Une s\u00e9ance bien-\u00eatre<\/p>\n<p data-start=\"1417\" data-end=\"1681\">Offrez-lui une pause d\u00e9tente avec une <strong data-start=\"1455\" data-end=\"1476\">s\u00e9ance de massage<\/strong>, un <strong data-start=\"1481\" data-end=\"1496\">soin en spa<\/strong> ou une <strong data-start=\"1504\" data-end=\"1522\">journ\u00e9e hammam<\/strong>. Des \u00e9tablissements comme <strong data-start=\"1549\" data-end=\"1560\">Calic\u00e9o<\/strong>, <strong data-start=\"1562\" data-end=\"1580\">Les Cent Ciels<\/strong> ou encore <strong data-start=\"1591\" data-end=\"1609\">Spa Lyon Plage<\/strong> proposent des formules sur-mesure pour un moment de relaxation absolue.<\/p>\n<blockquote class=\"instagram-media\" style=\"background: #FFF; border: 0; border-radius: 3px; box-shadow: 0 0 1px 0 rgba(0,0,0,0.5),0 1px 10px 0 rgba(0,0,0,0.15); margin: 1px; max-width: 540px; min-width: 326px; padding: 0; width: calc(100% - 2px);\" data-instgrm-captioned=\"\" data-instgrm-permalink=\"https:\/\/www.instagram.com\/reel\/DHq3OFHIUt1\/?utm_source=ig_embed&amp;utm_campaign=loading\" data-instgrm-version=\"14\"><p>&#13;<br \/>\n&#13;\n<\/p><\/blockquote>\n<p>4. Un cadeau personnalis\u00e9 made in Lyon<\/p>\n<p data-start=\"1726\" data-end=\"2027\">Faites un tour chez les cr\u00e9ateurs et artisans lyonnais pour trouver un <strong data-start=\"1797\" data-end=\"1814\">cadeau unique<\/strong> : une <strong data-start=\"1821\" data-end=\"1842\">montre artisanale<\/strong>, un <strong data-start=\"1847\" data-end=\"1867\">porte-cl\u00e9s grav\u00e9<\/strong>, ou encore une <strong data-start=\"1883\" data-end=\"1915\">pi\u00e8ce de maroquinerie locale<\/strong>. Des boutiques comme <strong data-start=\"1937\" data-end=\"1954\">Arka Cr\u00e9ation<\/strong>, <strong data-start=\"1956\" data-end=\"1969\">La Fabriq<\/strong> ou <strong data-start=\"1973\" data-end=\"1986\">Maison FT<\/strong> proposent des objets styl\u00e9s et \u00e9thiques.<\/p>\n<blockquote class=\"instagram-media\" style=\"background: #FFF; border: 0; border-radius: 3px; box-shadow: 0 0 1px 0 rgba(0,0,0,0.5),0 1px 10px 0 rgba(0,0,0,0.15); margin: 1px; max-width: 540px; min-width: 326px; padding: 0; width: calc(100% - 2px);\" data-instgrm-captioned=\"\" data-instgrm-permalink=\"https:\/\/www.instagram.com\/p\/DI0qO4csl6l\/?utm_source=ig_embed&amp;utm_campaign=loading\" data-instgrm-version=\"14\"><p>&#13;<br \/>\n&#13;\n<\/p><\/blockquote>\n<p>5. Un moment p\u00e8re-fils ou p\u00e8re-fille<\/p>\n<p data-start=\"2070\" data-end=\"2327\">Et si vous offriez un <strong data-start=\"2092\" data-end=\"2113\">moment \u00e0 partager<\/strong> ? Une <strong data-start=\"2177\" data-end=\"2210\">balade en bateau sur la Sa\u00f4ne<\/strong>, ou encore une <strong data-start=\"2226\" data-end=\"2248\">session de karting<\/strong> ou d\u2019escape game !\u00a0De quoi cr\u00e9er des <strong data-start=\"2300\" data-end=\"2326\">souvenirs inoubliables<\/strong>.<\/p>\n<blockquote class=\"instagram-media\" style=\"background: #FFF; border: 0; border-radius: 3px; box-shadow: 0 0 1px 0 rgba(0,0,0,0.5),0 1px 10px 0 rgba(0,0,0,0.15); margin: 1px; max-width: 540px; min-width: 326px; padding: 0; width: calc(100% - 2px);\" data-instgrm-captioned=\"\" data-instgrm-permalink=\"https:\/\/www.instagram.com\/p\/DKETaskRFxj\/?utm_source=ig_embed&amp;utm_campaign=loading\" data-instgrm-version=\"14\"><p>&#13;<br \/>\n&#13;\n<\/p><\/blockquote>\n<p>En r\u00e9sum\u00e9<\/p>\n<p data-start=\"2349\" data-end=\"2691\">La <strong data-start=\"2352\" data-end=\"2377\">F\u00eate des p\u00e8res \u00e0 Lyon<\/strong> est l\u2019occasion r\u00eav\u00e9e de sortir des sentiers battus et d\u2019offrir bien plus qu\u2019un simple cadeau : une exp\u00e9rience, une \u00e9motion, un souvenir. Que votre papa soit fan de gastronomie, adepte de bien-\u00eatre ou amateur de sensations fortes, vous trouverez forc\u00e9ment de quoi lui faire plaisir dans la <strong data-start=\"2667\" data-end=\"2690\">capitale des Gaules<\/strong>.<\/p>\n<p>\t\t\t\t\t\t\t\t\t\t\t\t\t\t\t\t\t\t\t<script async src=\"\/\/www.instagram.com\/embed.js\"><\/script><\/p>\n","protected":false},"excerpt":{"rendered":"Voici notre s\u00e9lection des meilleurs cadeaux \u00e0 offrir \u00e0 Lyon pour le dimanche 15 juin. La F\u00eate des&hellip;\n","protected":false},"author":2,"featured_media":162781,"comment_status":"","ping_status":"","sticky":false,"template":"","format":"standard","meta":{"footnotes":""},"categories":[1889],"tags":[1111,11,2430,650,7734,2889,2263,386,1777,674,1011,27,6417,1114,4662,2428,12,3725,1825,10688,25,2429],"class_list":{"0":"post-162780","1":"post","2":"type-post","3":"status-publish","4":"format-standard","5":"has-post-thumbnail","7":"category-lyon","8":"tag-actu","9":"tag-actualites","10":"tag-auvergne-rhone-alpes","11":"tag-cinema","12":"tag-ecoute","13":"tag-emission","14":"tag-equipe","15":"tag-espace","16":"tag-eu","17":"tag-europe","18":"tag-fr","19":"tag-france","20":"tag-information","21":"tag-infos","22":"tag-journal","23":"tag-lyon","24":"tag-news","25":"tag-podcast","26":"tag-radio","27":"tag-radioespace","28":"tag-republique-francaise","29":"tag-rhone"},"share_on_mastodon":{"url":"https:\/\/pubeurope.com\/@fr\/114652388043793113","error":""},"_links":{"self":[{"href":"https:\/\/www.europesays.com\/fr\/wp-json\/wp\/v2\/posts\/162780","targetHints":{"allow":["GET"]}}],"collection":[{"href":"https:\/\/www.europesays.com\/fr\/wp-json\/wp\/v2\/posts"}],"about":[{"href":"https:\/\/www.europesays.com\/fr\/wp-json\/wp\/v2\/types\/post"}],"author":[{"embeddable":true,"href":"https:\/\/www.europesays.com\/fr\/wp-json\/wp\/v2\/users\/2"}],"replies":[{"embeddable":true,"href":"https:\/\/www.europesays.com\/fr\/wp-json\/wp\/v2\/comments?post=162780"}],"version-history":[{"count":0,"href":"https:\/\/www.europesays.com\/fr\/wp-json\/wp\/v2\/posts\/162780\/revisions"}],"wp:featuredmedia":[{"embeddable":true,"href":"https:\/\/www.europesays.com\/fr\/wp-json\/wp\/v2\/media\/162781"}],"wp:attachment":[{"href":"https:\/\/www.europesays.com\/fr\/wp-json\/wp\/v2\/media?parent=162780"}],"wp:term":[{"taxonomy":"category","embeddable":true,"href":"https:\/\/www.europesays.com\/fr\/wp-json\/wp\/v2\/categories?post=162780"},{"taxonomy":"post_tag","embeddable":true,"href":"https:\/\/www.europesays.com\/fr\/wp-json\/wp\/v2\/tags?post=162780"}],"curies":[{"name":"wp","href":"https:\/\/api.w.org\/{rel}","templated":true}]}}