{"id":162789,"date":"2025-06-09T08:16:10","date_gmt":"2025-06-09T08:16:10","guid":{"rendered":"https:\/\/www.europesays.com\/fr\/162789\/"},"modified":"2025-06-09T08:16:10","modified_gmt":"2025-06-09T08:16:10","slug":"le-pokemon-go-fest-a-lieu-ce-week-end-a-paris","status":"publish","type":"post","link":"https:\/\/www.europesays.com\/fr\/162789\/","title":{"rendered":"le Pok\u00e9mon GO Fest a lieu ce week-end \u00e0 Paris !"},"content":{"rendered":"<p>&#13;<br \/>\n&#13;<br \/>\n\t\t\t\t&#13;<br \/>\n\t\t\t\t\t&#13;<br \/>\n\t\t\t\t\t&#13;<br \/>\n\t\t\t\t&#13;<br \/>\n&#13;<\/p>\n<p>\t\t\t\tDu vendredi 13 au dimanche 15 juin aura lieu le Pok\u00e9mon GO Fest 2025 Paris. Pour la premi\u00e8re fois, le festival Pok\u00e9mon GO arrive en France avec un \u00e9v\u00e8nement grandeur nature qui promet de r\u00e9unir des milliers de joueurs \u00e0 travers toute l&rsquo;\u00cele-de-France. <br \/><a href=\"https:\/\/images.p-nintendo.com\/o\/2025\/03\/67c8dcb05567cc.jpg\" target=\"_blank\" rel=\"noopener\"><img decoding=\"async\" target=\"_blank\" width=\"520\" src=\" https:\/\/images.p-nintendo.com\/o\/2025\/03\/67c8dcb05567cc.jpg\"\/><\/a>En mars dernier, nous d\u00e9couvrions <a href=\"https:\/\/www.p-nintendo.com\/articles\/reportages\/le-pokemon-go-fest-arrive-a-paris-decouvrez-tous-les-details-de-l-evenement-262128\" title=\"\" target=\"_blank\" rel=\"noopener\">les premiers d\u00e9tails<\/a> sur l&rsquo;\u00e9v\u00e8nement \u00e0 venir. Au programme : des activit\u00e9s au parc de Sceaux mais aussi dans la ville de Paris avec un circuit con\u00e7u en partenariat avec la mairie, pour mettre en avant les quartiers phares de le capitale.<\/p>\n<p>En termes d&rsquo;exp\u00e9riences en jeu, c&rsquo;est le Pok\u00e9mon Volcanion qui fera ses d\u00e9buts dans le jeu \u00e0 l&rsquo;occasion de ce Festival Pok\u00e9mon GO. Ensuite, plusieurs Pok\u00e9mon, dont Frigodo, apparaitront pour la premi\u00e8re fois sous leur forme chromatique. Enfin, c&rsquo;est Zacian et Zamazenta qui seront les vedettes des Raids, avec la possibilit\u00e9 de les capturer l\u00e0 aussi dans leur forme chromatique.<\/p>\n<p><a href=\"https:\/\/pokemongo.com\/fr\/gofest\/paris\/tickets\" title=\"\" target=\"_blank\" rel=\"noopener\">La billetterie est toujours ouverte<\/a>, ne perdez pas de temps si vous voulez \u00eatre de la partie !<\/p>\n<p>Rendez-vous d\u00e8s vendredi au Parc de Sceaux pour le d\u00e9but du Pok\u00e9mon GO Fest 2025, version parisienne !\t\t\t\t<\/p>\n<p>&#13;<\/p>\n","protected":false},"excerpt":{"rendered":"&#13; &#13; &#13; &#13; &#13; &#13; &#13; Du vendredi 13 au dimanche 15 juin aura lieu le Pok\u00e9mon&hellip;\n","protected":false},"author":2,"featured_media":162790,"comment_status":"","ping_status":"","sticky":false,"template":"","format":"standard","meta":{"footnotes":""},"categories":[1888],"tags":[29549,1111,1928,47,11,1927,29566,29561,2939,29550,1777,674,29558,1011,27,29555,29554,6228,29553,1114,330,29568,29563,10601,29573,29548,29551,12,1926,29552,2596,23905,29572,626,1925,29569,2459,29571,25,29560,3686,29570,29559,29557,29556,8216,29564,29565,8217,29547,29562,29567],"class_list":{"0":"post-162789","1":"post","2":"type-post","3":"status-publish","4":"format-standard","5":"has-post-thumbnail","7":"category-paris","8":"tag-3ds","9":"tag-actu","10":"tag-actu-paris","11":"tag-actualite","12":"tag-actualites","13":"tag-actualites-paris","14":"tag-animal-crossing","15":"tag-aran","16":"tag-console","17":"tag-ds","18":"tag-eu","19":"tag-europe","20":"tag-famicom","21":"tag-fr","22":"tag-france","23":"tag-game-boy","24":"tag-gameboy","25":"tag-gb","26":"tag-gc","27":"tag-infos","28":"tag-jeux","29":"tag-jeux-ds","30":"tag-link","31":"tag-mario","32":"tag-metroid","33":"tag-nds","34":"tag-nes","35":"tag-news","36":"tag-news-paris","37":"tag-ngc","38":"tag-nintendo","39":"tag-nintendo-switch","40":"tag-p-nintendo","41":"tag-paris","42":"tag-paris-news","43":"tag-pikachu","44":"tag-pokemon","45":"tag-puissance-nintendo","46":"tag-republique-francaise","47":"tag-samus","48":"tag-sortie","49":"tag-specialise","50":"tag-super-famicom","51":"tag-super-nes","52":"tag-virtual-boy","53":"tag-wii","54":"tag-wii-2","55":"tag-wii-hd","56":"tag-wii-u","57":"tag-wiiu","58":"tag-zelda","59":"tag-zelda-wii"},"share_on_mastodon":{"url":"","error":"Validation failed: Text character limit of 500 exceeded"},"_links":{"self":[{"href":"https:\/\/www.europesays.com\/fr\/wp-json\/wp\/v2\/posts\/162789","targetHints":{"allow":["GET"]}}],"collection":[{"href":"https:\/\/www.europesays.com\/fr\/wp-json\/wp\/v2\/posts"}],"about":[{"href":"https:\/\/www.europesays.com\/fr\/wp-json\/wp\/v2\/types\/post"}],"author":[{"embeddable":true,"href":"https:\/\/www.europesays.com\/fr\/wp-json\/wp\/v2\/users\/2"}],"replies":[{"embeddable":true,"href":"https:\/\/www.europesays.com\/fr\/wp-json\/wp\/v2\/comments?post=162789"}],"version-history":[{"count":0,"href":"https:\/\/www.europesays.com\/fr\/wp-json\/wp\/v2\/posts\/162789\/revisions"}],"wp:featuredmedia":[{"embeddable":true,"href":"https:\/\/www.europesays.com\/fr\/wp-json\/wp\/v2\/media\/162790"}],"wp:attachment":[{"href":"https:\/\/www.europesays.com\/fr\/wp-json\/wp\/v2\/media?parent=162789"}],"wp:term":[{"taxonomy":"category","embeddable":true,"href":"https:\/\/www.europesays.com\/fr\/wp-json\/wp\/v2\/categories?post=162789"},{"taxonomy":"post_tag","embeddable":true,"href":"https:\/\/www.europesays.com\/fr\/wp-json\/wp\/v2\/tags?post=162789"}],"curies":[{"name":"wp","href":"https:\/\/api.w.org\/{rel}","templated":true}]}}