{"id":162801,"date":"2025-06-09T08:22:17","date_gmt":"2025-06-09T08:22:17","guid":{"rendered":"https:\/\/www.europesays.com\/fr\/162801\/"},"modified":"2025-06-09T08:22:17","modified_gmt":"2025-06-09T08:22:17","slug":"londres-mise-sur-linvestissement-pour-doper-une-croissance-fragile","status":"publish","type":"post","link":"https:\/\/www.europesays.com\/fr\/162801\/","title":{"rendered":"Londres mise sur l&rsquo;investissement pour doper une croissance fragile"},"content":{"rendered":"<p>Alors que le Royaume-Uni doit d\u00e9voiler mercredi ses orientations budg\u00e9taires pour les prochaines ann\u00e9es, le gouvernement a d\u00e9j\u00e0 donn\u00e9 un signal fort. Dans un communiqu\u00e9 publi\u00e9 dimanche, Downing Street annonce que 86 milliards de livres seront mobilis\u00e9s pour \u00ab dynamiser nos secteurs \u00e0 la croissance la plus rapide, de la technologie et des sciences de la vie aux industries de pointe et \u00e0 la d\u00e9fense \u00bb.<\/p>\n<p>Ce plan s&rsquo;inscrit dans une enveloppe plus large de 113 milliards de livres d&rsquo;investissements autoris\u00e9s d&rsquo;ici la fin de la d\u00e9cennie, financ\u00e9s par un recours accru \u00e0 l&#8217;emprunt.\u00a0\u00ab Nous voulons investir dans les priorit\u00e9s de la population : la sant\u00e9, la s\u00e9curit\u00e9 et l&rsquo;\u00e9conomie \u00bb, insiste le gouvernement.<\/p>\n<p>Des arbitrages budg\u00e9taires sous tension<\/p>\n<p>La ministre travailliste des Finances, Rachel Reeves, entend par ailleurs augmenter jusqu&rsquo;\u00e0 30 milliards de livres (36 milliards d&rsquo;euros) sur trois ans le budget du service public de sant\u00e9 (NHS), en crise chronique, selon le journal The Times. Mais ces choix d&rsquo;investissement s&rsquo;accompagnent de coupes annonc\u00e9es dans d&rsquo;autres secteurs. Outre les r\u00e9ductions d\u00e9j\u00e0 pr\u00e9vues en mars &#8211; aides aux personnes handicap\u00e9es, d\u00e9penses de fonctionnement de l&rsquo;administration &#8211; plusieurs minist\u00e8res devront faire face \u00e0 de nouvelles contraintes. Ces arbitrages nourrissent une contestation sociale croissante. Samedi, des milliers de manifestants se sont rassembl\u00e9s \u00e0 Londres derri\u00e8re des slogans tels que \u00ab Taxons les riches, arr\u00eatons les coupes \u00bb.<\/p>\n<p>Le plan gouvernemental pr\u00e9voit aussi le d\u00e9veloppement de \u00ab p\u00f4les d&rsquo;innovation \u00bb dans tout le pays. Les collectivit\u00e9s locales b\u00e9n\u00e9ficieront d&rsquo;une plus grande autonomie pour cibler les financements. Rachel Reeves esp\u00e8re que ces investissements permettront de stimuler une croissance \u00e9conomique encore poussive\u00a0&#8211; et aujourd&rsquo;hui menac\u00e9e par la guerre commerciale d\u00e9clench\u00e9e par les \u00c9tats-Unis. Enfin, le gouvernement a d\u00e9j\u00e0 annonc\u00e9 cette semaine qu&rsquo;il allait plus que doubler, d&rsquo;ici 2030, les investissements consacr\u00e9s aux transports publics dans les r\u00e9gions urbaines d&rsquo;Angleterre, \u00e0 plus de 15 milliards de livres.<\/p>\n","protected":false},"excerpt":{"rendered":"Alors que le Royaume-Uni doit d\u00e9voiler mercredi ses orientations budg\u00e9taires pour les prochaines ann\u00e9es, le gouvernement a d\u00e9j\u00e0&hellip;\n","protected":false},"author":2,"featured_media":162802,"comment_status":"","ping_status":"","sticky":false,"template":"","format":"standard","meta":{"footnotes":""},"categories":[1588],"tags":[17,11,29575,33,1777,674,29574,4534,6352,12,471,473,1853,3356,1851,96,1850,1852],"class_list":{"0":"post-162801","1":"post","2":"type-post","3":"status-publish","4":"format-standard","5":"has-post-thumbnail","7":"category-royaume-uni","8":"tag-17","9":"tag-actualites","10":"tag-doper","11":"tag-economie","12":"tag-eu","13":"tag-europe","14":"tag-linvestissement","15":"tag-londres","16":"tag-mise","17":"tag-news","18":"tag-pour","19":"tag-royaume-uni","20":"tag-royaume-uni-de-grande-bretagne-et-dirlande-du-nord","21":"tag-sur","22":"tag-uk","23":"tag-une","24":"tag-united-kingdom","25":"tag-united-kingdom-of-great-britain-and-northern-ireland"},"share_on_mastodon":{"url":"https:\/\/pubeurope.com\/@fr\/114652443244730013","error":""},"_links":{"self":[{"href":"https:\/\/www.europesays.com\/fr\/wp-json\/wp\/v2\/posts\/162801","targetHints":{"allow":["GET"]}}],"collection":[{"href":"https:\/\/www.europesays.com\/fr\/wp-json\/wp\/v2\/posts"}],"about":[{"href":"https:\/\/www.europesays.com\/fr\/wp-json\/wp\/v2\/types\/post"}],"author":[{"embeddable":true,"href":"https:\/\/www.europesays.com\/fr\/wp-json\/wp\/v2\/users\/2"}],"replies":[{"embeddable":true,"href":"https:\/\/www.europesays.com\/fr\/wp-json\/wp\/v2\/comments?post=162801"}],"version-history":[{"count":0,"href":"https:\/\/www.europesays.com\/fr\/wp-json\/wp\/v2\/posts\/162801\/revisions"}],"wp:featuredmedia":[{"embeddable":true,"href":"https:\/\/www.europesays.com\/fr\/wp-json\/wp\/v2\/media\/162802"}],"wp:attachment":[{"href":"https:\/\/www.europesays.com\/fr\/wp-json\/wp\/v2\/media?parent=162801"}],"wp:term":[{"taxonomy":"category","embeddable":true,"href":"https:\/\/www.europesays.com\/fr\/wp-json\/wp\/v2\/categories?post=162801"},{"taxonomy":"post_tag","embeddable":true,"href":"https:\/\/www.europesays.com\/fr\/wp-json\/wp\/v2\/tags?post=162801"}],"curies":[{"name":"wp","href":"https:\/\/api.w.org\/{rel}","templated":true}]}}