{"id":162818,"date":"2025-06-09T08:32:17","date_gmt":"2025-06-09T08:32:17","guid":{"rendered":"https:\/\/www.europesays.com\/fr\/162818\/"},"modified":"2025-06-09T08:32:17","modified_gmt":"2025-06-09T08:32:17","slug":"roland-garros-apres-son-succes-coco-gauff-balance-une-pique-a-donald-trump-jai-gagne-pour-donner-aux-gens-une-raison-de-sourire","status":"publish","type":"post","link":"https:\/\/www.europesays.com\/fr\/162818\/","title":{"rendered":"Roland-Garros \u2013 Apr\u00e8s son succ\u00e8s, Coco Gauff balance une pique \u00e0 Donald Trump\u00a0: \u00ab\u00a0J&rsquo;ai gagn\u00e9 pour donner aux gens une raison de sourire\u00a0\u00bb"},"content":{"rendered":"<p class=\"ap-StoryElement ap-StoryElement--mb js-paywall-target ap-StoryText\"><b>\u00c0 quel point les conditions (vent) sur le court \u00e9taient mauvaises ?<\/b><\/p>\n<p class=\"ap-StoryElement ap-StoryElement--mb ap-StoryText\">\u00ab\u00a0C&rsquo;\u00e9tait tr\u00e8s difficile surtout au bout du court, c&rsquo;\u00e9tait tr\u00e8s difficile de frapper la balle et de la faire passer de l&rsquo;autre c\u00f4t\u00e9 du court si on n&rsquo;acc\u00e9l\u00e9rait pas. C&rsquo;\u00e9tait un peu comme un match de premier tour. Je savais \u00e0 quoi m&rsquo;attendre. Je ne savais pas si le toit allait \u00eatre ouvert ou ferm\u00e9 jusqu&rsquo;\u00e0 30 ou 40 minutes avant le match. Apr\u00e8s avoir jou\u00e9 mes deux derniers matchs en int\u00e9rieur, c&rsquo;\u00e9tait une autre exp\u00e9rience. Je savais que \u00e7a n&rsquo;allait pas \u00eatre facile ni pour l&rsquo;une ni pour l&rsquo;autre.\u00a0\u00bb<\/p>\n<p class=\"ap-StoryElement ap-StoryElement--mb ap-StoryText\"><b>Dans quel \u00e9tat d&rsquo;esprit \u00e9tiez-vous apr\u00e8s la perte du premier set ?<\/b><\/p>\n<p class=\"ap-StoryElement ap-StoryElement--mb ap-StoryText\">\u00ab\u00a0C&rsquo;\u00e9tait d\u00e9cevant parce que j&rsquo;avais tellement eu d&rsquo;occasions lors de ce tie-break. Je me suis dit : il faut que j&rsquo;essaie \u00e0 nouveau et ne pas jouer de la m\u00eame mani\u00e8re. J&rsquo;essayais d&rsquo;\u00eatre plus agressive au deuxi\u00e8me set et \u00e7a marchait. Ensuite le troisi\u00e8me, je savais qu&rsquo;elle allait rehausser son niveau. Lors du premier jeu, elle a bien jou\u00e9. Je me suis dit : il faut que j&rsquo;essaie de me rehausser au m\u00eame niveau et courir. Je sais qu&rsquo;il est tr\u00e8s difficile de frapper plus fort qu&rsquo;elle. J&rsquo;essaie de la mettre sur la d\u00e9fense mais avec le vent, il \u00e9tait \u00e9galement important pour moi de mettre autant de balles dans le court que possible.\u00a0\u00bb<\/p>\n<p class=\"ap-StoryElement ap-StoryElement--mb ap-StoryText\"><b>Aviez-vous conscience que le vent \u00e9nervait Sabalenka ?<\/b><\/p>\n<p class=\"ap-StoryElement ap-StoryElement--mb ap-StoryText\">\u00ab\u00a0Oui. Mais je ne fais pas trop attention. J&rsquo;\u00e9tais frustr\u00e9e aussi, m\u00eame si je ne l&rsquo;ai pas trop montr\u00e9. Dans ma t\u00eate, j&rsquo;\u00e9tais frustr\u00e9e. Ce n&rsquo;\u00e9tait pas un jour pour jouer du grand tennis.\u00a0\u00bb<\/p>\n<p class=\"ap-StoryElement ap-StoryElement--mb ap-StoryText\"><b>Cela fait quoi de soulever le troph\u00e9e de la laur\u00e9ate ?<\/b><\/p>\n<p class=\"ap-StoryElement ap-StoryElement--mb ap-StoryText\">\u00ab\u00a0C&rsquo;est super de le lever. \u00catre sur le podium, c&rsquo;est incroyable. On a l&rsquo;impression d&rsquo;\u00eatre au sommet du monde. C&rsquo;est donc un moment \u00e0 ne pas oublier.\u00a0\u00bb<\/p>\n<p class=\"ap-StoryElement ap-StoryElement--mb ap-StoryText\"><b>Cela fait quoi d&rsquo;entendre l&rsquo;hymne am\u00e9ricain gr\u00e2ce \u00e0 un de ses exploits ?<\/b><\/p>\n<p class=\"ap-StoryElement ap-StoryElement--mb ap-StoryText\">\u00ab\u00a0C&rsquo;est important. Il se passe beaucoup de choses dans notre pays actuellement. Le fait de pouvoir repr\u00e9senter mon pays, de repr\u00e9senter les gens qui me ressemblent aux \u00c9tats-Unis et qui ne se sentent pas soutenus en cette p\u00e9riode, juste \u00eatre le reflet de l&rsquo;espoir et de la lumi\u00e8re pour ces personnes. Je me rappelle apr\u00e8s les \u00e9lections, on \u00e9tait un peu d\u00e9moralis\u00e9s et ma maman a dit : &lsquo;Essaie de gagner le tournoi pour donner aux gens une raison de sourire&rsquo;. C&rsquo;est \u00e0 cela que je pensais en tenant le troph\u00e9e, en voyant les drapeaux, le public. C&rsquo;est important. Certaines personnes ne sont pas patriotiques mais moi si. Je suis heureuse et fi\u00e8re d&rsquo;\u00eatre Am\u00e9ricaine. Je suis fi\u00e8re de repr\u00e9senter les gens qui me ressemblent et qui soutiennent les m\u00eames choses que moi.\u00a0\u00bb<\/p>\n","protected":false},"excerpt":{"rendered":"\u00c0 quel point les conditions (vent) sur le court \u00e9taient mauvaises ? \u00ab\u00a0C&rsquo;\u00e9tait tr\u00e8s difficile surtout au bout&hellip;\n","protected":false},"author":2,"featured_media":162819,"comment_status":"","ping_status":"","sticky":false,"template":"","format":"standard","meta":{"footnotes":""},"categories":[1415],"tags":[1011,27,29578,1227,60,1467],"class_list":{"0":"post-162818","1":"post","2":"type-post","3":"status-publish","4":"format-standard","5":"has-post-thumbnail","7":"category-tennis","8":"tag-fr","9":"tag-france","10":"tag-french-tennis-open-roland-garros","11":"tag-horizontal","12":"tag-sports","13":"tag-tennis"},"share_on_mastodon":{"url":"https:\/\/pubeurope.com\/@fr\/114652482313105816","error":""},"_links":{"self":[{"href":"https:\/\/www.europesays.com\/fr\/wp-json\/wp\/v2\/posts\/162818","targetHints":{"allow":["GET"]}}],"collection":[{"href":"https:\/\/www.europesays.com\/fr\/wp-json\/wp\/v2\/posts"}],"about":[{"href":"https:\/\/www.europesays.com\/fr\/wp-json\/wp\/v2\/types\/post"}],"author":[{"embeddable":true,"href":"https:\/\/www.europesays.com\/fr\/wp-json\/wp\/v2\/users\/2"}],"replies":[{"embeddable":true,"href":"https:\/\/www.europesays.com\/fr\/wp-json\/wp\/v2\/comments?post=162818"}],"version-history":[{"count":0,"href":"https:\/\/www.europesays.com\/fr\/wp-json\/wp\/v2\/posts\/162818\/revisions"}],"wp:featuredmedia":[{"embeddable":true,"href":"https:\/\/www.europesays.com\/fr\/wp-json\/wp\/v2\/media\/162819"}],"wp:attachment":[{"href":"https:\/\/www.europesays.com\/fr\/wp-json\/wp\/v2\/media?parent=162818"}],"wp:term":[{"taxonomy":"category","embeddable":true,"href":"https:\/\/www.europesays.com\/fr\/wp-json\/wp\/v2\/categories?post=162818"},{"taxonomy":"post_tag","embeddable":true,"href":"https:\/\/www.europesays.com\/fr\/wp-json\/wp\/v2\/tags?post=162818"}],"curies":[{"name":"wp","href":"https:\/\/api.w.org\/{rel}","templated":true}]}}