{"id":162820,"date":"2025-06-09T08:34:08","date_gmt":"2025-06-09T08:34:08","guid":{"rendered":"https:\/\/www.europesays.com\/fr\/162820\/"},"modified":"2025-06-09T08:34:08","modified_gmt":"2025-06-09T08:34:08","slug":"en-direct-le-test-daragon-2025","status":"publish","type":"post","link":"https:\/\/www.europesays.com\/fr\/162820\/","title":{"rendered":"EN DIRECT\u00a0: le test d&rsquo;Aragon 2025"},"content":{"rendered":"<p><strong>Lundi 9 juin<\/strong><\/p>\n<p><strong><strong>10h20 <\/strong>&#8211; Pour la premi\u00e8re fois de sa carri\u00e8re, Manuel Gonz\u00e1lez (Liqui Moly Dynavolt Intact GP) enfourche une MotoGP\u2122 gr\u00e2ce \u00e0 Trackhouse. C&rsquo;est une journ\u00e9e sp\u00e9ciale pour le pilote Moto2\u2122, qui pointe au 14e rang apr\u00e8s son premier run. Voici les premi\u00e8res photos du pilote espagnol sur une MotoGP\u2122.<\/strong><\/p>\n<p><strong>10h10<\/strong> &#8211; On attend des temp\u00e9ratures \u00e9lev\u00e9es ce lundi au MotorLand et tout porte \u00e0 croire qu&rsquo;on va vivre une journ\u00e9e intense ! Les premiers chronos apparaissent et pour le moment, c&rsquo;est Francesco Bagnaia (Ducati Lenovo Team) qui m\u00e8ne les d\u00e9bats gr\u00e2ce \u00e0 un tour en 1&rsquo;48.133.<\/p>\n<p>\u00a0<\/p>\n<p><strong>10h00 &#8211; <\/strong>C&rsquo;est parti au MotorLand ! La majorit\u00e9 des pilotes est d\u00e9j\u00e0 en piste pour attaquer au plus t\u00f4t cette journ\u00e9e de test.<\/p>\n<p>\u00a0<\/p>\n<p><strong>9h40<\/strong> &#8211; Bonjour \u00e0 toutes \u00e0 tous ! Soyez les bienvenus pour ce test d&rsquo;Aragon 2025 sur le trac\u00e9 du MotorLand. Apr\u00e8s un week-end de Grand Prix spectaculaire domin\u00e9 par Marc M\u00e1rquez (Ducati Lenovo Team), la grille MotoGP\u2122 est de retour en piste pour tester de nouveaux \u00e9l\u00e9ments. Au programme, huit heures de roulage de 10h \u00e0 18h. Garde un \u0153il sur cet article tout au long de la journ\u00e9e pour conna\u00eetre toutes les nouveaut\u00e9s observ\u00e9es ainsi que les meilleurs chronos. Tu peux \u00e9galement suivre le chronom\u00e9trage en direct en cliquant <a href=\"https:\/\/timingpass.motogp.com\/fr\/\" target=\"_blank\" rel=\"noopener nofollow\">ICI <\/a>!<\/p>\n","protected":false},"excerpt":{"rendered":"Lundi 9 juin 10h20 &#8211; Pour la premi\u00e8re fois de sa carri\u00e8re, Manuel Gonz\u00e1lez (Liqui Moly Dynavolt Intact&hellip;\n","protected":false},"author":2,"featured_media":162821,"comment_status":"","ping_status":"","sticky":false,"template":"","format":"standard","meta":{"footnotes":""},"categories":[1413],"tags":[1011,27,1457,1456,60,2032],"class_list":{"0":"post-162820","1":"post","2":"type-post","3":"status-publish","4":"format-standard","5":"has-post-thumbnail","7":"category-moto","8":"tag-fr","9":"tag-france","10":"tag-moto","11":"tag-motocycle","12":"tag-sports","13":"tag-text"},"share_on_mastodon":{"url":"https:\/\/pubeurope.com\/@fr\/114652490396853859","error":""},"_links":{"self":[{"href":"https:\/\/www.europesays.com\/fr\/wp-json\/wp\/v2\/posts\/162820","targetHints":{"allow":["GET"]}}],"collection":[{"href":"https:\/\/www.europesays.com\/fr\/wp-json\/wp\/v2\/posts"}],"about":[{"href":"https:\/\/www.europesays.com\/fr\/wp-json\/wp\/v2\/types\/post"}],"author":[{"embeddable":true,"href":"https:\/\/www.europesays.com\/fr\/wp-json\/wp\/v2\/users\/2"}],"replies":[{"embeddable":true,"href":"https:\/\/www.europesays.com\/fr\/wp-json\/wp\/v2\/comments?post=162820"}],"version-history":[{"count":0,"href":"https:\/\/www.europesays.com\/fr\/wp-json\/wp\/v2\/posts\/162820\/revisions"}],"wp:featuredmedia":[{"embeddable":true,"href":"https:\/\/www.europesays.com\/fr\/wp-json\/wp\/v2\/media\/162821"}],"wp:attachment":[{"href":"https:\/\/www.europesays.com\/fr\/wp-json\/wp\/v2\/media?parent=162820"}],"wp:term":[{"taxonomy":"category","embeddable":true,"href":"https:\/\/www.europesays.com\/fr\/wp-json\/wp\/v2\/categories?post=162820"},{"taxonomy":"post_tag","embeddable":true,"href":"https:\/\/www.europesays.com\/fr\/wp-json\/wp\/v2\/tags?post=162820"}],"curies":[{"name":"wp","href":"https:\/\/api.w.org\/{rel}","templated":true}]}}