{"id":162828,"date":"2025-06-09T08:38:09","date_gmt":"2025-06-09T08:38:09","guid":{"rendered":"https:\/\/www.europesays.com\/fr\/162828\/"},"modified":"2025-06-09T08:38:09","modified_gmt":"2025-06-09T08:38:09","slug":"mon-pere-est-mort-en-plein-apres-midi-en-pleine-joie-pas-du-tout-dans-un-truc-sordide-2","status":"publish","type":"post","link":"https:\/\/www.europesays.com\/fr\/162828\/","title":{"rendered":"\u00ab Mon p\u00e8re est mort en plein apr\u00e8s-midi, en pleine joie, pas du tout dans un truc sordide \u00bb"},"content":{"rendered":"<p>A chaque fils sa fa\u00e7on de faire vivre l\u2019h\u00e9ritage Dassin. Tandis que son fr\u00e8re <a data-i13n=\"cpos:1;pos:1\" href=\"https:\/\/www.parismatch.com\/culture\/musique\/je-pense-tres-fort-a-mon-pere-julien-dassin-sur-les-traces-joe-en-amerique-251507\" rel=\"nofollow noopener\" target=\"_blank\" data-ylk=\"slk:Julien parcourt les Etats-Unis;cpos:1;pos:1;elm:context_link;itc:0;sec:content-canvas\" class=\"link \">Julien parcourt les Etats-Unis<\/a> avec une tourn\u00e9e reprenant le r\u00e9pertoire de leur c\u00e9l\u00e8bre papa, Jonathan s\u2019appr\u00eate \u00e0 embarquer pour une croisi\u00e8re avec des fans.<\/p>\n<p>En octobre prochain, l\u2019h\u00e9ritier et chanteur retrouvera Claude Fran\u00e7ois Jr. pour un voyage musical d\u2019une semaine \u00e0 travers la M\u00e9diterran\u00e9e. Il s\u2019agira de la deuxi\u00e8me \u00e9dition de la \u00ab Croisi\u00e8re Claude Fran\u00e7ois \u00bb, apr\u00e8s un premier p\u00e9riple r\u00e9ussi l\u2019ann\u00e9e derni\u00e8re. L\u2019occasion parfaite pour Jonathan Dassin de c\u00e9l\u00e9brer les 50 ans de l\u2019incontournable \u00ab Et\u00e9 indien \u00bb.<\/p>\n<p><strong>Paris Match. Comment vous-\u00eates vous retrouv\u00e9 sur ce projet de croisi\u00e8re ?<br \/>Jonathan Dassin. <\/strong>On s\u2019est rencontr\u00e9s en octobre avec Claude, c\u2019\u00e9tait la premi\u00e8re fois. Il est venu me voir en concert \u00e0 Lisbonne, on s\u2019est tout de suite beaucoup appr\u00e9ci\u00e9s. On a des vies qui se ressemblent, forc\u00e9ment, avec le papa immense star, parti t\u00f4t, avec l\u2019obligation pour l\u2019un et l\u2019autre de continuer \u00e0 veiller sur le patrimoine familial\u2026 Il m\u2019a propos\u00e9 de venir sur la croisi\u00e8re pour chanter du Joe Dassin et j\u2019ai tout de suite dit oui.<\/p>\n<p><strong>Entre \u00ab fils de \u00bb, on se comprend mieux ?<\/strong><br \/>Il n\u2019y a pas de club ! Sur la gestion de l\u2019h\u00e9ritage culturel, on se comprend tr\u00e8s bien. Claude et moi on a chacun d\u00fb apprendre \u00e0 prendre soin de ce patrimoine.<\/p>\n<p><strong>Qu\u2019est-ce que vous pr\u00e9parez pour les vacanciers de cette nouvelle croisi\u00e8re ?<\/strong><br \/>Il y aura un concert avec mon groupe. Ce sera la premi\u00e8re fois sur une croisi\u00e8re. J\u2019ai h\u00e2te d\u2019y \u00ea&#8230;<\/p>\n<p><a data-i13n=\"cpos:2;pos:1\" href=\"https:\/\/www.parismatch.com\/People\/jonathan-dassin-mon-pere-est-mort-en-plein-apres-midi-en-pleine-joie-pas-du-tout-dans-un-truc-sordide-252431?at_medium=affiliate&amp;at_campaign=Yahoo\" rel=\"nofollow noopener\" target=\"_blank\" data-ylk=\"slk:Lire la suite sur ParisMatch;cpos:2;pos:1;elm:context_link;itc:0;sec:content-canvas\" class=\"link \">Lire la suite sur ParisMatch<\/a><\/p>\n","protected":false},"excerpt":{"rendered":"A chaque fils sa fa\u00e7on de faire vivre l\u2019h\u00e9ritage Dassin. Tandis que son fr\u00e8re Julien parcourt les Etats-Unis&hellip;\n","protected":false},"author":2,"featured_media":162829,"comment_status":"","ping_status":"","sticky":false,"template":"","format":"standard","meta":{"footnotes":""},"categories":[1359],"tags":[10896,27240,58,59,1011,27,14171,29579,29580,973,20540],"class_list":{"0":"post-162828","1":"post","2":"type-post","3":"status-publish","4":"format-standard","5":"has-post-thumbnail","7":"category-people","8":"tag-claude-francois","9":"tag-dassin","10":"tag-divertissement","11":"tag-entertainment","12":"tag-fr","13":"tag-france","14":"tag-jonathan","15":"tag-jonathan-dassin","16":"tag-lheritage","17":"tag-people","18":"tag-tout-de-suite"},"share_on_mastodon":{"url":"https:\/\/pubeurope.com\/@fr\/114652505957527406","error":""},"_links":{"self":[{"href":"https:\/\/www.europesays.com\/fr\/wp-json\/wp\/v2\/posts\/162828","targetHints":{"allow":["GET"]}}],"collection":[{"href":"https:\/\/www.europesays.com\/fr\/wp-json\/wp\/v2\/posts"}],"about":[{"href":"https:\/\/www.europesays.com\/fr\/wp-json\/wp\/v2\/types\/post"}],"author":[{"embeddable":true,"href":"https:\/\/www.europesays.com\/fr\/wp-json\/wp\/v2\/users\/2"}],"replies":[{"embeddable":true,"href":"https:\/\/www.europesays.com\/fr\/wp-json\/wp\/v2\/comments?post=162828"}],"version-history":[{"count":0,"href":"https:\/\/www.europesays.com\/fr\/wp-json\/wp\/v2\/posts\/162828\/revisions"}],"wp:featuredmedia":[{"embeddable":true,"href":"https:\/\/www.europesays.com\/fr\/wp-json\/wp\/v2\/media\/162829"}],"wp:attachment":[{"href":"https:\/\/www.europesays.com\/fr\/wp-json\/wp\/v2\/media?parent=162828"}],"wp:term":[{"taxonomy":"category","embeddable":true,"href":"https:\/\/www.europesays.com\/fr\/wp-json\/wp\/v2\/categories?post=162828"},{"taxonomy":"post_tag","embeddable":true,"href":"https:\/\/www.europesays.com\/fr\/wp-json\/wp\/v2\/tags?post=162828"}],"curies":[{"name":"wp","href":"https:\/\/api.w.org\/{rel}","templated":true}]}}