{"id":162830,"date":"2025-06-09T08:39:09","date_gmt":"2025-06-09T08:39:09","guid":{"rendered":"https:\/\/www.europesays.com\/fr\/162830\/"},"modified":"2025-06-09T08:39:09","modified_gmt":"2025-06-09T08:39:09","slug":"un-historien-expert-du-caravage-affirme-avoir-trouve-le-plus-ancien-tableau-du-peintre","status":"publish","type":"post","link":"https:\/\/www.europesays.com\/fr\/162830\/","title":{"rendered":"Un historien, expert du Caravage, affirme avoir trouv\u00e9 le plus ancien tableau du peintre"},"content":{"rendered":"<p>Le grand sp\u00e9cialiste italien Gianni Papi, qui a analys\u00e9 une version du Gar\u00e7on pelant un fruit par radiographie, est convaincu que la toile comporte des d\u00e9tails in\u00e9dits, prouvant son originalit\u00e9.<\/p>\n<p class=\"fig-paragraph\">Pr\u00e9sent\u00e9e jusqu\u2019ici comme une simple copie d\u2019atelier parmi d\u2019autres, une huile sur toile (66 x 51,5 cm) du ma\u00eetre italien\u00a0<a href=\"http:\/\/www.lefigaro.fr\/arts-expositions\/caravage-10-questions-toujours-en-debat-sur-le-maitre-italien-20250416\" target=\"_blank\" data-fig-type=\"Article\" rel=\"noopener\" data-gtm-custom-categorie=\"navigation\" data-gtm-custom-action=\"crossclick\" data-gtm-custom-label=\"Contextuel\" data-gtm-event=\"customEventSPE\" data-fig-domain=\"LEFIGARO\">Le Caravage<\/a>\u00a0(1571-1610) pourrait \u00eatre en r\u00e9alit\u00e9 la plus ancienne \u0153uvre connue de l\u2019artiste. Acquise en 2024 lors d\u2019une vente aux ench\u00e8res en Europe du Nord par un collectionneur priv\u00e9, elle a ensuite \u00e9t\u00e9 pr\u00eat\u00e9e pour analyse \u00e0 Gianni Papi, l\u2019un des plus fins connaisseurs du peintre. Apr\u00e8s l\u2019avoir soumis \u00e0 une radiographie et \u00e0 une \u00e9tude par r\u00e9flectographie, des d\u00e9tails prouveraient qu\u2019il s\u2019agit l\u00e0 de la composition originale du Gar\u00e7on pelant un fruit.<\/p>\n<p class=\"fig-paragraph\">Aujourd\u2019hui, une dizaine de versions existent de ce tableau. Toutes repr\u00e9sentent l\u2019\u00e9pluchage par un jeune homme d\u2019une orange de S\u00e9ville ou d\u2019une bergamote verte, avec d\u2019autres fruits \u00e9parpill\u00e9s sur la table. La plus c\u00e9l\u00e8bre est conserv\u00e9e dans la collection de la famille royale britannique, laquelle ne revendique pas formellement de d\u00e9tenir la premi\u00e8re mais la plus ancienne\u00a0: \u00ab\u00a0Il existe plusieurs belles versions, et rien ne permet de supposer qu\u2019il n\u2019existe qu\u2019un seul original\u00a0\u00bb, est-il r\u00e9sum\u00e9 sur le site de la\u00a0<a href=\"https:\/\/www.rct.uk\/collection\/402612\/boy-peeling-fruit\" target=\"_blank\" rel=\"nofollow noopener\" data-gtm-custom-categorie=\"navigation\" data-gtm-custom-action=\"crossclick\" data-gtm-custom-label=\"Contextuel\" data-gtm-event=\"customEventSPE\">Collection Royal<\/a>.<\/p>\n<p>Un \u00e9l\u00e9ment absent des autres versions connues<\/p>\n<p class=\"fig-paragraph\">Sur la version \u00e9tudi\u00e9e par Gianni Papi, qui appartient \u00e0 un amateur dont l\u2019identit\u00e9 n\u2019a pas \u00e9t\u00e9 r\u00e9v\u00e9l\u00e9e, un d\u00e9tail inattendu a attir\u00e9 l\u2019attention de l\u2019expert. Sur la radiographie, entre les mains du gar\u00e7on et la chemise,\u00a0\u00ab\u00a0on reconna\u00eet facilement, dans l\u2019ombre, un petit chien au museau relev\u00e9, vers le visage de l\u2019enfant, la gueule entrouverte\u00a0\u00bb\u00a0, r\u00e9v\u00e8le l\u2019historien de l\u2019art au journal\u00a0<a href=\"https:\/\/elpais.com\/cultura\/2025-06-04\/el-primer-caravaggio-de-la-historia.html\" target=\"_blank\" rel=\"nofollow noopener\" data-gtm-custom-categorie=\"navigation\" data-gtm-custom-action=\"crossclick\" data-gtm-custom-label=\"Contextuel\" data-gtm-event=\"customEventSPE\">El Pais<\/a> . Son hypoth\u00e8se est la suivante\u00a0: l\u2019artiste aurait r\u00e9utilis\u00e9 une toile ant\u00e9rieurement peinte.<\/p>\n<p>    La version la plus connue du Gar\u00e7on pelant un fruit est conserv\u00e9e dans la collection de la famille royale britannique.<br \/>\n                Royal Collection Trust<\/p>\n<p class=\"fig-paragraph\">Cette ombre de chien pourrait faire r\u00e9f\u00e9rence \u00e0 Cornacchia. Ce canid\u00e9 noir \u00e9tait consid\u00e9r\u00e9 \u00ab\u00a0comme indissociable de Caravage par son biographe Giovanni Baglione\u00a0\u00bb, souligne Gianni Papi. L\u2019artiste aurait utilis\u00e9 partiellement cette zone en la remaniant afin de produire deux petites ombres sur les plis de la chemise. \u00ab\u00a0Nous comprenons maintenant pourquoi ces m\u00eames zones d\u2019ombre se r\u00e9p\u00e8tent dans les variantes et quelle est leur origine\u00a0\u00bb, soutient-il.<\/p>\n<p class=\"fig-paragraph\"><strong>Un tableau peint \u00e0 son arriv\u00e9e \u00e0 Rome<\/strong><\/p>\n<p class=\"fig-paragraph\">La date exacte de r\u00e9alisation de ce tableau est floue. \u00ab\u00a0Je n\u2019exclus pas que le tableau ait \u00e9t\u00e9 peint avant son arriv\u00e9e \u00e0 Rome\u00a0(entre 1592 et la fin de 1595 NDLR)\u00bb, explique Gianni Papi au journal\u00a0<a href=\"https:\/\/elpais.com\/cultura\/2025-06-04\/el-primer-caravaggio-de-la-historia.html\" target=\"_blank\" rel=\"nofollow noopener\" data-gtm-custom-categorie=\"navigation\" data-gtm-custom-action=\"crossclick\" data-gtm-custom-label=\"Contextuel\" data-gtm-event=\"customEventSPE\">El Pais<\/a> . \u00c0 cette \u00e9poque, le peintre \u00e2g\u00e9 d\u2019une vingtaine d\u2019ann\u00e9es peine \u00e0 joindre les deux bouts. Il copie et cr\u00e9e alors des toiles bon march\u00e9, ce qui rend difficile leur identification.<\/p>\n<p class=\"fig-paragraph\">Il faut attendre le d\u00e9but du XXe si\u00e8cle pour que le g\u00e9nie du Caravage soit pleinement reconnu, gr\u00e2ce \u00e0 l\u2019historien Roberto Longhi qui a \u00e9t\u00e9 le premier \u00e0 reconstituer son corpus. La r\u00e9putation ensuite d\u2019un peintre criminel a donn\u00e9 lieu \u00e0 une multitude de romans et de films, sans compter les expositions et les innombrables publications scientifiques depuis un si\u00e8cle. \u00c0 Rome, le palais Barberini accueille d\u2019ailleurs jusqu\u2019au 6 juillet la plus importante s\u00e9lection d\u2019huiles du Caravage depuis plus d\u2019un demi-si\u00e8cle.<\/p>\n","protected":false},"excerpt":{"rendered":"Le grand sp\u00e9cialiste italien Gianni Papi, qui a analys\u00e9 une version du Gar\u00e7on pelant un fruit par radiographie,&hellip;\n","protected":false},"author":2,"featured_media":162831,"comment_status":"","ping_status":"","sticky":false,"template":"","format":"standard","meta":{"footnotes":""},"categories":[1358],"tags":[1348,1384,1385,10448,1386,58,59,2087,1349,638,10449,1011,27,4463,9692,7107,626,510],"class_list":{"0":"post-162830","1":"post","2":"type-post","3":"status-publish","4":"format-standard","5":"has-post-thumbnail","7":"category-arts-et-design","8":"tag-arts","9":"tag-arts-and-design","10":"tag-arts-et-design","11":"tag-caravage","12":"tag-design","13":"tag-divertissement","14":"tag-entertainment","15":"tag-evenement","16":"tag-expositions","17":"tag-figaro","18":"tag-figaroscope","19":"tag-fr","20":"tag-france","21":"tag-guide","22":"tag-lieux","23":"tag-musees","24":"tag-paris","25":"tag-visite"},"share_on_mastodon":{"url":"https:\/\/pubeurope.com\/@fr\/114652509865322446","error":""},"_links":{"self":[{"href":"https:\/\/www.europesays.com\/fr\/wp-json\/wp\/v2\/posts\/162830","targetHints":{"allow":["GET"]}}],"collection":[{"href":"https:\/\/www.europesays.com\/fr\/wp-json\/wp\/v2\/posts"}],"about":[{"href":"https:\/\/www.europesays.com\/fr\/wp-json\/wp\/v2\/types\/post"}],"author":[{"embeddable":true,"href":"https:\/\/www.europesays.com\/fr\/wp-json\/wp\/v2\/users\/2"}],"replies":[{"embeddable":true,"href":"https:\/\/www.europesays.com\/fr\/wp-json\/wp\/v2\/comments?post=162830"}],"version-history":[{"count":0,"href":"https:\/\/www.europesays.com\/fr\/wp-json\/wp\/v2\/posts\/162830\/revisions"}],"wp:featuredmedia":[{"embeddable":true,"href":"https:\/\/www.europesays.com\/fr\/wp-json\/wp\/v2\/media\/162831"}],"wp:attachment":[{"href":"https:\/\/www.europesays.com\/fr\/wp-json\/wp\/v2\/media?parent=162830"}],"wp:term":[{"taxonomy":"category","embeddable":true,"href":"https:\/\/www.europesays.com\/fr\/wp-json\/wp\/v2\/categories?post=162830"},{"taxonomy":"post_tag","embeddable":true,"href":"https:\/\/www.europesays.com\/fr\/wp-json\/wp\/v2\/tags?post=162830"}],"curies":[{"name":"wp","href":"https:\/\/api.w.org\/{rel}","templated":true}]}}