{"id":162836,"date":"2025-06-09T08:42:09","date_gmt":"2025-06-09T08:42:09","guid":{"rendered":"https:\/\/www.europesays.com\/fr\/162836\/"},"modified":"2025-06-09T08:42:09","modified_gmt":"2025-06-09T08:42:09","slug":"billie-eilish-sa-french-story-une-histoire-damour","status":"publish","type":"post","link":"https:\/\/www.europesays.com\/fr\/162836\/","title":{"rendered":"\u00ab\u00a0Billie Eilish, sa French story\u00a0\u00bb\u00a0: une histoire d\u2019amour"},"content":{"rendered":"<p>La chanteuse am\u00e9ricaine, qui se produit \u00e0 Paris les 10 et 11\u00a0juin, a un lien sp\u00e9cifique avec notre pays que le documentaire de France 4 d\u00e9crypte.<\/p>\n<p class=\"fig-paragraph\"><a href=\"http:\/\/www.lefigaro.fr\/culture\/palmares-vinyles-billie-eilish-devance-taylor-swift-20250109\" data-fig-type=\"Article\" data-gtm-custom-categorie=\"navigation\" data-gtm-custom-action=\"crossclick\" data-gtm-custom-label=\"Contextuel\" data-gtm-event=\"customEventSPE\" data-fig-domain=\"LEFIGARO\" rel=\"nofollow noopener\" target=\"_blank\">Billie Eilish<\/a>\u00a0va de nouveau investir l\u2019Accor Arena de Paris, et sa capacit\u00e9 de 20\u00a0300\u00a0places, les 10 et 11\u00a0juin pour deux soir\u00e9es dont les billets se sont \u00e9coul\u00e9s en \u00e0 peine une heure. Un an apr\u00e8s la sortie de son troisi\u00e8me album, Hit Me Hard and Soft, la Californienne de 23\u00a0ans est une des plus grandes stars de la pop mondiale. Sorte d\u2019anti Taylor Swift, qu\u2019elle a par ailleurs battue cette ann\u00e9e aux American Music Awards, elle a su conserver sa simplicit\u00e9 et sa fra\u00eecheur sans apparats. C\u2019est ce que montre amplement ce documentaire original, intitul\u00e9 Billie Eilish, sa French story, qui met l\u2019accent sur la relation particuli\u00e8re qu\u2019elle entretient avec la France depuis ses tout d\u00e9buts.<\/p>\n<p class=\"fig-paragraph\">C\u2019est en octobre 2017, un an apr\u00e8s avoir post\u00e9 Ocean Eyes, son premier morceau, sur SoundCloud, qu\u2019elle a donn\u00e9 son premier concert \u00e0 Paris, au Carmen, un club du quartier Pigalle. Un lieu qu\u2019elle a retrouv\u00e9 il y a un an dans le cadre d\u2019une rencontre avec ses fans fran\u00e7ais. Leurs t\u00e9moignages font le sel de ce film attachant, qui chronique l\u2019ascension d\u2019une jeune femme totalement d\u00e9sarmante de simplicit\u00e9. Michka Assayas, producteur de l\u2019\u00e9mission quotidienne \u00ab\u00a0Very Good Trip\u00a0\u00bb, sur France Inter, raconte qu\u2019elle est la premi\u00e8re chanteuse n\u00e9e au XXIe\u00a0si\u00e8cle jamais diffus\u00e9e dans son \u00e9mission. \u00ab\u00a0Dans ses chansons, elle rend public ce qui n\u2019est pas cens\u00e9 l\u2019\u00eatre. C\u2019est une jeune fille vieille avant l\u2019\u00e2ge avec une grande conscience d\u2019elle-m\u00eame\u00a0\u00bb, analyse-t-il.\u00a0<\/p>\n<p class=\"fig-paragraph\">Les jeunes chanteuses\u00a0<a href=\"http:\/\/www.lefigaro.fr\/musique\/suzane-je-t-accuse-a-ouvert-une-deuxieme-liberation-de-la-parole-apres-meetoo-20250501\" data-fig-type=\"Article\" data-gtm-custom-categorie=\"navigation\" data-gtm-custom-action=\"crossclick\" data-gtm-custom-label=\"Contextuel\" data-gtm-event=\"customEventSPE\" data-fig-domain=\"LEFIGARO\" rel=\"nofollow noopener\" target=\"_blank\">Suzane<\/a>\u00a0et<a href=\"http:\/\/www.lefigaro.fr\/musique\/le-nuc-plus-ultra-le-nouvel-album-de-yoa-et-une-reedition-de-wilco-20250208\" data-fig-type=\"Article\" data-gtm-custom-categorie=\"navigation\" data-gtm-custom-action=\"crossclick\" data-gtm-custom-label=\"Contextuel\" data-gtm-event=\"customEventSPE\" data-fig-domain=\"LEFIGARO\" rel=\"nofollow noopener\" target=\"_blank\">\u00a0Yoa<\/a>\u00a0t\u00e9moignent de la grande influence que Billie Eilish a eue sur elles avec des mots choisis. Et Antoine Monin, directeur de la branche fran\u00e7aise de Spotify, revient sur ce chiffre ahurissant\u00a0: les deux milliards de streams de son titre Birds of a Feather.<\/p>\n<p>Le courage d\u2019\u00eatre soi-m\u00eame<\/p>\n<p class=\"fig-paragraph\">Les images de ses passages successifs \u00e0 Paris &#8211; au Carmen, puis au Petit Bain, \u00e0 La Cigale, \u00e0 l\u2019Accor Arena et au festival Rock en Seine &#8211; montrent l\u2019\u00e9volution d\u2019une artiste \u00e0 la maturit\u00e9 exceptionnelle d\u00e8s ses d\u00e9buts, qui a su garder son cap malgr\u00e9 une popularit\u00e9 immense. Laureana Amsallem, qui fut la premi\u00e8re \u00e0 l\u2019interviewer en France, en 2017 (Eilish avait alors 15\u00a0ans seulement) explique la proximit\u00e9 r\u00e9elle qu\u2019elles continuent d\u2019avoir.<\/p>\n<p class=\"fig-body-link\">\n            \u00c0 lire aussi<br \/>\n        <a class=\"fig-body-link__link fig-premium-mark\" href=\"http:\/\/www.lefigaro.fr\/culture\/palmares-vinyles-billie-eilish-devance-taylor-swift-20250109\" data-fig-type=\"Article\" data-gtm-custom-categorie=\"navigation\" data-gtm-custom-action=\"crossclick\" data-gtm-custom-label=\"Contextuel\" data-gtm-event=\"customEventSPE\" data-fig-domain=\"LEFIGARO\" rel=\"nofollow noopener\" target=\"_blank\">Palmar\u00e8s des disques vinyles 2024\u00a0: Billie Eilish devance Taylor Swift<br \/>\n    <\/a>\n<\/p>\n<p class=\"fig-paragraph\">N\u00e9e dans le quartier de Highland Park, \u00e0 Los\u00a0Angeles, Billie Eilish a grandi avec des parents et un fr\u00e8re, Finneas, qui est \u00e0 la fois son principal collaborateur et son \u00ab\u00a0meilleur ami\u00a0\u00bb comme elle dit. Berc\u00e9e par la musique, Billie Eilish a toujours \u00e9t\u00e9 encourag\u00e9e \u00e0 s\u2019exprimer et \u00e0 \u00eatre cr\u00e9ative. Une attitude qu\u2019elle a su conserver avec ses premiers soutiens. Dot\u00e9e d\u2019une conscience \u00e9cologique d\u00e8s son plus jeune \u00e2ge, elle a toujours d\u00e9fendu de justes causes.<\/p>\n<p class=\"fig-paragraph\">Chacun de ses albums a \u00e9t\u00e9 marqu\u00e9 par une belle \u00e9volution artistique, sans aucun reniement. Elle a m\u00eame mis de la lumi\u00e8re dans ses chansons sombres, qui empruntent autant \u00e0 la pop, qu\u2019au hip-hop ou \u00e0 l\u2019\u00e9lectro. Incarnation des tourments adolescents, porte-parole du mal-\u00eatre de la jeunesse, elle a ajout\u00e9 un peu d\u2019espoir dans sa formule.<\/p>\n<p class=\"fig-paragraph\">Elle nous enseigne surtout le courage d\u2019\u00eatre soi-m\u00eame, ce qui n\u2019est pas le moindre de ses m\u00e9rites. Billie Eilish demeure une mani\u00e8re de grande s\u0153ur id\u00e9ale, au talent immense, \u00e0 la fid\u00e9lit\u00e9 sans faille et au public si fervent. Nul besoin d\u2019\u00eatre adolescent pour go\u00fbter sa musique pleinement.<\/p>\n","protected":false},"excerpt":{"rendered":"La chanteuse am\u00e9ricaine, qui se produit \u00e0 Paris les 10 et 11\u00a0juin, a un lien sp\u00e9cifique avec notre&hellip;\n","protected":false},"author":2,"featured_media":162837,"comment_status":"","ping_status":"","sticky":false,"template":"","format":"standard","meta":{"footnotes":""},"categories":[1355],"tags":[497,496,11936,499,58,59,1011,27,9102,500,1361,873,504,505,495,503,502,501,2713,498],"class_list":{"0":"post-162836","1":"post","2":"type-post","3":"status-publish","4":"format-standard","5":"has-post-thumbnail","7":"category-musique","8":"tag-actu-tv","9":"tag-actualite-tv","10":"tag-billie-eilish","11":"tag-buzz-tv","12":"tag-divertissement","13":"tag-entertainment","14":"tag-fr","15":"tag-france","16":"tag-france-inter","17":"tag-medias","18":"tag-music","19":"tag-musique","20":"tag-news-tele","21":"tag-news-television","22":"tag-news-tv","23":"tag-programme-tele","24":"tag-programme-tv","25":"tag-quiz-tv","26":"tag-taylor-swift","27":"tag-tv-actu"},"share_on_mastodon":{"url":"https:\/\/pubeurope.com\/@fr\/114652521625744267","error":""},"_links":{"self":[{"href":"https:\/\/www.europesays.com\/fr\/wp-json\/wp\/v2\/posts\/162836","targetHints":{"allow":["GET"]}}],"collection":[{"href":"https:\/\/www.europesays.com\/fr\/wp-json\/wp\/v2\/posts"}],"about":[{"href":"https:\/\/www.europesays.com\/fr\/wp-json\/wp\/v2\/types\/post"}],"author":[{"embeddable":true,"href":"https:\/\/www.europesays.com\/fr\/wp-json\/wp\/v2\/users\/2"}],"replies":[{"embeddable":true,"href":"https:\/\/www.europesays.com\/fr\/wp-json\/wp\/v2\/comments?post=162836"}],"version-history":[{"count":0,"href":"https:\/\/www.europesays.com\/fr\/wp-json\/wp\/v2\/posts\/162836\/revisions"}],"wp:featuredmedia":[{"embeddable":true,"href":"https:\/\/www.europesays.com\/fr\/wp-json\/wp\/v2\/media\/162837"}],"wp:attachment":[{"href":"https:\/\/www.europesays.com\/fr\/wp-json\/wp\/v2\/media?parent=162836"}],"wp:term":[{"taxonomy":"category","embeddable":true,"href":"https:\/\/www.europesays.com\/fr\/wp-json\/wp\/v2\/categories?post=162836"},{"taxonomy":"post_tag","embeddable":true,"href":"https:\/\/www.europesays.com\/fr\/wp-json\/wp\/v2\/tags?post=162836"}],"curies":[{"name":"wp","href":"https:\/\/api.w.org\/{rel}","templated":true}]}}